{"id":1550,"date":"2019-01-25T20:58:57","date_gmt":"2019-01-25T19:58:57","guid":{"rendered":"http:\/\/3joursdecherbourg.fr\/?p=1550"},"modified":"2019-01-26T17:37:30","modified_gmt":"2019-01-26T16:37:30","slug":"adieu-guy","status":"publish","type":"post","link":"https:\/\/3joursdecherbourg.fr\/?p=1550","title":{"rendered":"Adieu Guy"},"content":{"rendered":"\n<p><strong><em>Guy MOCQUET<\/em><\/strong> nous a quitt\u00e9s, victime de la maladie, \u00e0 70 ans. Depuis 25 ans il \u0153uvrait \u00e0 la r\u00e9ussite des \u00ab\u00a03 jours de Cherbourg\u00a0\u00bb, tout en \u00e9tant totalement engag\u00e9 dans ses fonctions de commissaire puis d&rsquo;arbitre. Vice-pr\u00e9sident de notre amicale, il \u00e9tait le contact privil\u00e9gi\u00e9 des \u00e9quipes et des officiels. Le cyclisme perd l&rsquo;un de ses grands serviteurs.<\/p>\n\n\n\n<div class=\"wp-block-image\"><figure class=\"aligncenter\"><img data-recalc-dims=\"1\" loading=\"lazy\" decoding=\"async\" width=\"309\" height=\"413\" data-attachment-id=\"1554\" data-permalink=\"https:\/\/3joursdecherbourg.fr\/?attachment_id=1554\" data-orig-file=\"https:\/\/i0.wp.com\/3joursdecherbourg.fr\/wp-content\/uploads\/2019\/01\/Guy-Mocquet.jpg?fit=309%2C413&amp;ssl=1\" data-orig-size=\"309,413\" data-comments-opened=\"1\" data-image-meta=\"{&quot;aperture&quot;:&quot;5.6&quot;,&quot;credit&quot;:&quot;&quot;,&quot;camera&quot;:&quot;DSLR-A300&quot;,&quot;caption&quot;:&quot;SONY DSC&quot;,&quot;created_timestamp&quot;:&quot;1410117350&quot;,&quot;copyright&quot;:&quot;&quot;,&quot;focal_length&quot;:&quot;18&quot;,&quot;iso&quot;:&quot;400&quot;,&quot;shutter_speed&quot;:&quot;0.016666666666667&quot;,&quot;title&quot;:&quot;SONY DSC&quot;,&quot;orientation&quot;:&quot;0&quot;}\" data-image-title=\"Guy Mocquet\" data-image-description=\"\" data-image-caption=\"\" data-medium-file=\"https:\/\/i0.wp.com\/3joursdecherbourg.fr\/wp-content\/uploads\/2019\/01\/Guy-Mocquet.jpg?fit=224%2C300&amp;ssl=1\" data-large-file=\"https:\/\/i0.wp.com\/3joursdecherbourg.fr\/wp-content\/uploads\/2019\/01\/Guy-Mocquet.jpg?fit=309%2C413&amp;ssl=1\" src=\"https:\/\/i0.wp.com\/3joursdecherbourg.fr\/wp-content\/uploads\/2019\/01\/Guy-Mocquet.jpg?resize=309%2C413&#038;ssl=1\" alt=\"\" class=\"wp-image-1554\" srcset=\"https:\/\/i0.wp.com\/3joursdecherbourg.fr\/wp-content\/uploads\/2019\/01\/Guy-Mocquet.jpg?w=309&amp;ssl=1 309w, https:\/\/i0.wp.com\/3joursdecherbourg.fr\/wp-content\/uploads\/2019\/01\/Guy-Mocquet.jpg?resize=224%2C300&amp;ssl=1 224w\" sizes=\"auto, (max-width: 309px) 100vw, 309px\" \/><\/figure><\/div>\n\n\n\n<p>l&rsquo;Amicale Cycliste des 3 jours de Cherbourg, durement touch\u00e9e par cette disparition, adresse ses tr\u00e8s sinc\u00e8res condol\u00e9ances \u00e0 toute le famille de Guy et \u00e0 tous ses proches. Nous partageons votre douleur et votre peine est aussi la n\u00f4tre.<\/p>\n\n\n\n<p>Guy sera accompagn\u00e9 dans sa derni\u00e8re course le mardi 29 janvier \u00e0 14h30 en l&rsquo;\u00e9glise de Montebourg (50).<\/p>\n","protected":false},"excerpt":{"rendered":"<p>Guy MOCQUET nous a quitt\u00e9s, victime de la maladie, \u00e0 70 ans. Depuis 25 ans il \u0153uvrait \u00e0 la r\u00e9ussite des \u00ab\u00a03 jours de Cherbourg\u00a0\u00bb, tout en \u00e9tant totalement engag\u00e9 dans ses fonctions de commissaire puis d&rsquo;arbitre. Vice-pr\u00e9sident de notre &hellip; <a href=\"https:\/\/3joursdecherbourg.fr\/?p=1550\">Continuer la lecture <span class=\"meta-nav\">&rarr;<\/span><\/a><\/p>\n","protected":false},"author":1,"featured_media":0,"comment_status":"open","ping_status":"open","sticky":false,"template":"","format":"standard","meta":{"_jetpack_newsletter_access":"","_jetpack_dont_email_post_to_subs":false,"_jetpack_newsletter_tier_id":0,"_jetpack_memberships_contains_paywalled_content":false,"_jetpack_memberships_contains_paid_content":false,"footnotes":""},"categories":[1],"tags":[],"class_list":["post-1550","post","type-post","status-publish","format-standard","hentry","category-non-classe"],"jetpack_featured_media_url":"","jetpack_shortlink":"https:\/\/wp.me\/p8fpGS-p0","jetpack-related-posts":[{"id":2280,"url":"https:\/\/3joursdecherbourg.fr\/?p=2280","url_meta":{"origin":1550,"position":0},"title":"Paul Mabire s&rsquo;est \u00e9chapp\u00e9&#8230;","author":"admin3809","date":"24 d\u00e9cembre 2020","format":false,"excerpt":"Un grand nom du cyclisme \"Popaul\", oui, un grand nom! A l'approche de ses 70 ans, il s'est lanc\u00e9 dans la derni\u00e8re \u00e9chapp\u00e9e, celle o\u00f9 nous ne le reverrons que quand nous franchirons \u00e0 notre tour la ligne d'arriv\u00e9e. Les r\u00e9actions ont \u00e9t\u00e9 unanimes pour vanter ses qualit\u00e9s, sa personnalit\u00e9,\u2026","rel":"","context":"Dans &quot;Non class\u00e9&quot;","block_context":{"text":"Non class\u00e9","link":"https:\/\/3joursdecherbourg.fr\/?cat=1"},"img":{"alt_text":"","src":"https:\/\/i0.wp.com\/3joursdecherbourg.fr\/wp-content\/uploads\/2020\/12\/15327640941325MabirePaul-200x300.jpg?resize=350%2C200","width":350,"height":200},"classes":[]},{"id":602,"url":"https:\/\/3joursdecherbourg.fr\/?p=602","url_meta":{"origin":1550,"position":1},"title":"Auguste Lay nous a quitt\u00e9s","author":"admin3809","date":"7 ao\u00fbt 2017","format":false,"excerpt":"Auguste est parti discr\u00e8tement, comme il en avait l'habitude, ce mercredi matin. La r\u00e9union de pr\u00e9paration des prochains\u00a0 \"3 jours\", en fin de journ\u00e9e, n'avait pas la m\u00eame effervescence, le m\u00eame enthousiasme: une chaise est rest\u00e9e vide. Apr\u00e8s avoir \u00e9t\u00e9 coureur cycliste, Auguste \u00e9tait devenu dirigeant de l'AS Cherbourg avant\u2026","rel":"","context":"Dans &quot;Non class\u00e9&quot;","block_context":{"text":"Non class\u00e9","link":"https:\/\/3joursdecherbourg.fr\/?cat=1"},"img":{"alt_text":"","src":"https:\/\/i0.wp.com\/3joursdecherbourg.fr\/wp-content\/uploads\/2017\/08\/Auguste-Lay.jpg?resize=350%2C200","width":350,"height":200},"classes":[]},{"id":3057,"url":"https:\/\/3joursdecherbourg.fr\/?p=3057","url_meta":{"origin":1550,"position":2},"title":"Il nous ont quitt\u00e9s, h\u00e9las!","author":"admin3809","date":"24 d\u00e9cembre 2021","format":false,"excerpt":"En cette fin d'ann\u00e9e, nous d\u00e9plorons la perte de deux personnes qui ont beaucoup compt\u00e9 pour les \"3 jours de Cherbourg\". Philippe HOLE a \u00e9t\u00e9 pendant de nombreuses ann\u00e9es, aves ses amis et coll\u00e8gues chez AXA, le sponsor maillot du meilleur coureur \"espoir\" et bien s\u00fbr le co-assureur de notre\u2026","rel":"","context":"Dans &quot;Non class\u00e9&quot;","block_context":{"text":"Non class\u00e9","link":"https:\/\/3joursdecherbourg.fr\/?cat=1"},"img":{"alt_text":"","src":"https:\/\/i0.wp.com\/3joursdecherbourg.fr\/wp-content\/uploads\/2021\/12\/Philippe-Hole.jpg?resize=350%2C200&ssl=1","width":350,"height":200},"classes":[]},{"id":1640,"url":"https:\/\/3joursdecherbourg.fr\/?p=1640","url_meta":{"origin":1550,"position":3},"title":"Les \u00ab 3 jours en pr\u00e9paration \u00bb \u2026","author":"admin3809","date":"30 mars 2019","format":false,"excerpt":"C\u2019est un d\u00e9but d\u2019ann\u00e9e difficile pour les 3 jours de Cherbourg. Guy MOCQUET nous a h\u00e9las quitt\u00e9s en janvier. Jean-Marie HERAUVILLE, notre Pr\u00e9sident, nous informe qu\u2019il souhaite prendre un peu de recul du fait de difficult\u00e9s momentan\u00e9es. Il va bien entendu rester actif aupr\u00e8s du Comit\u00e9. Du c\u00f4t\u00e9 des partenaires,\u2026","rel":"","context":"Dans &quot;Non class\u00e9&quot;","block_context":{"text":"Non class\u00e9","link":"https:\/\/3joursdecherbourg.fr\/?cat=1"},"img":{"alt_text":"","src":"https:\/\/i0.wp.com\/3joursdecherbourg.fr\/wp-content\/uploads\/2019\/03\/Bernard-B%C3%A9rhault-150x150.png?resize=350%2C200","width":350,"height":200},"classes":[]},{"id":2961,"url":"https:\/\/3joursdecherbourg.fr\/?p=2961","url_meta":{"origin":1550,"position":4},"title":"Il est l&rsquo;heure de remercier&#8230;","author":"admin3809","date":"7 septembre 2021","format":false,"excerpt":"Oui vraiment un grand MERCI! Au del\u00e0 des bilans sportifs, financiers, administratifs, organisationnels que notre Amicale Cycliste ne manquera pas de faire dans les prochains jours, il nous appartient d'abord de rendre hommage \u00e0 tous ceux qui ont permis cette somptueuse 41\u00e8me \u00e9dition des \"3 jours de Cherbourg en Cotentin\".\u2026","rel":"","context":"Dans &quot;Non class\u00e9&quot;","block_context":{"text":"Non class\u00e9","link":"https:\/\/3joursdecherbourg.fr\/?cat=1"},"img":{"alt_text":"","src":"https:\/\/i0.wp.com\/3joursdecherbourg.fr\/wp-content\/uploads\/2021\/09\/DSC_7595-273x300.jpg?resize=350%2C200&ssl=1","width":350,"height":200},"classes":[]},{"id":3921,"url":"https:\/\/3joursdecherbourg.fr\/?p=3921","url_meta":{"origin":1550,"position":5},"title":"Un grand Merci, pour une grande course:","author":"admin3809","date":"8 septembre 2022","format":false,"excerpt":"Oui vraiment un grand\u00a0MERCI! Au-del\u00e0 des bilans sportifs, financiers, administratifs, organisationnels que notre Amicale Cycliste ne manquera pas de faire dans les prochains jours, il nous appartient d\u2019abord de rendre hommage \u00e0 tous ceux qui ont permis cette somptueuse 42\u00e8me \u00e9dition des \u00ab 3 jours de Cherbourg en Cotentin \u00bb.\u2026","rel":"","context":"Dans &quot;Non class\u00e9&quot;","block_context":{"text":"Non class\u00e9","link":"https:\/\/3joursdecherbourg.fr\/?cat=1"},"img":{"alt_text":"","src":"https:\/\/i0.wp.com\/3joursdecherbourg.fr\/wp-content\/uploads\/2022\/09\/3DSC_4042-223x300.jpg?resize=350%2C200&ssl=1","width":350,"height":200},"classes":[]}],"jetpack_likes_enabled":false,"jetpack_sharing_enabled":true,"_links":{"self":[{"href":"https:\/\/3joursdecherbourg.fr\/index.php?rest_route=\/wp\/v2\/posts\/1550","targetHints":{"allow":["GET"]}}],"collection":[{"href":"https:\/\/3joursdecherbourg.fr\/index.php?rest_route=\/wp\/v2\/posts"}],"about":[{"href":"https:\/\/3joursdecherbourg.fr\/index.php?rest_route=\/wp\/v2\/types\/post"}],"author":[{"embeddable":true,"href":"https:\/\/3joursdecherbourg.fr\/index.php?rest_route=\/wp\/v2\/users\/1"}],"replies":[{"embeddable":true,"href":"https:\/\/3joursdecherbourg.fr\/index.php?rest_route=%2Fwp%2Fv2%2Fcomments&post=1550"}],"version-history":[{"count":4,"href":"https:\/\/3joursdecherbourg.fr\/index.php?rest_route=\/wp\/v2\/posts\/1550\/revisions"}],"predecessor-version":[{"id":1560,"href":"https:\/\/3joursdecherbourg.fr\/index.php?rest_route=\/wp\/v2\/posts\/1550\/revisions\/1560"}],"wp:attachment":[{"href":"https:\/\/3joursdecherbourg.fr\/index.php?rest_route=%2Fwp%2Fv2%2Fmedia&parent=1550"}],"wp:term":[{"taxonomy":"category","embeddable":true,"href":"https:\/\/3joursdecherbourg.fr\/index.php?rest_route=%2Fwp%2Fv2%2Fcategories&post=1550"},{"taxonomy":"post_tag","embeddable":true,"href":"https:\/\/3joursdecherbourg.fr\/index.php?rest_route=%2Fwp%2Fv2%2Ftags&post=1550"}],"curies":[{"name":"wp","href":"https:\/\/api.w.org\/{rel}","templated":true}]}}