{"id":1640,"date":"2019-03-30T14:17:48","date_gmt":"2019-03-30T13:17:48","guid":{"rendered":"http:\/\/3joursdecherbourg.fr\/?p=1640"},"modified":"2019-03-30T14:19:38","modified_gmt":"2019-03-30T13:19:38","slug":"les-3-jours-en-preparation","status":"publish","type":"post","link":"https:\/\/3joursdecherbourg.fr\/?p=1640","title":{"rendered":"Les \u00ab 3 jours en pr\u00e9paration \u00bb \u2026"},"content":{"rendered":"\n<p><br>C\u2019est\nun d\u00e9but d\u2019ann\u00e9e difficile pour les 3 jours de Cherbourg. \n<\/p>\n\n\n\n<p>Guy\nMOCQUET nous a h\u00e9las quitt\u00e9s en janvier. Jean-Marie HERAUVILLE,\nnotre Pr\u00e9sident, nous informe qu\u2019il souhaite prendre un peu de\nrecul du fait de difficult\u00e9s momentan\u00e9es. Il va bien entendu rester\nactif aupr\u00e8s du Comit\u00e9.<\/p>\n\n\n\n<p>Du\nc\u00f4t\u00e9 des partenaires, nous devons d\u00e9plorer la perte d\u2019un de nos\nplus gros sponsors, et le D\u00e9partement nous annonce une r\u00e9duction de\n45&nbsp;% de notre subvention&nbsp;!<\/p>\n\n\n\n<p>Un\nvent mauvais souffle sur le cyclisme en Cotentin, mais nous sommes\nr\u00e9solus \u00e0 ne pas nous laisser d\u00e9crocher dans une bordure&nbsp;!<\/p>\n\n\n<p><img data-recalc-dims=\"1\" loading=\"lazy\" decoding=\"async\" data-attachment-id=\"1641\" data-permalink=\"https:\/\/3joursdecherbourg.fr\/?attachment_id=1641\" data-orig-file=\"https:\/\/i0.wp.com\/3joursdecherbourg.fr\/wp-content\/uploads\/2019\/03\/Bernard-B%C3%A9rhault-e1553949833635.png?fit=871%2C1144&amp;ssl=1\" data-orig-size=\"871,1144\" data-comments-opened=\"1\" data-image-meta=\"{&quot;aperture&quot;:&quot;0&quot;,&quot;credit&quot;:&quot;&quot;,&quot;camera&quot;:&quot;&quot;,&quot;caption&quot;:&quot;&quot;,&quot;created_timestamp&quot;:&quot;0&quot;,&quot;copyright&quot;:&quot;&quot;,&quot;focal_length&quot;:&quot;0&quot;,&quot;iso&quot;:&quot;0&quot;,&quot;shutter_speed&quot;:&quot;0&quot;,&quot;title&quot;:&quot;&quot;,&quot;orientation&quot;:&quot;0&quot;}\" data-image-title=\"Bernard B\u00e9rhault\" data-image-description=\"\" data-image-caption=\"\" data-medium-file=\"https:\/\/i0.wp.com\/3joursdecherbourg.fr\/wp-content\/uploads\/2019\/03\/Bernard-B%C3%A9rhault-e1553949833635.png?fit=228%2C300&amp;ssl=1\" data-large-file=\"https:\/\/i0.wp.com\/3joursdecherbourg.fr\/wp-content\/uploads\/2019\/03\/Bernard-B%C3%A9rhault-e1553949833635.png?fit=640%2C840&amp;ssl=1\" class=\"alignright size-thumbnail wp-image-1641\" src=\"https:\/\/i0.wp.com\/3joursdecherbourg.fr\/wp-content\/uploads\/2019\/03\/Bernard-B%C3%A9rhault.png?resize=150%2C150&#038;ssl=1\" alt=\"\" width=\"150\" height=\"150\" \/>Bernard BERHAULT, (bernard-berhault@3joursdecherbourg.fr) actuellement vice-Pr\u00e9sident, assume l\u2019int\u00e9rim de la pr\u00e9sidence.<\/p>\n<p style=\"text-align: left;\"><img data-recalc-dims=\"1\" loading=\"lazy\" decoding=\"async\" data-attachment-id=\"1645\" data-permalink=\"https:\/\/3joursdecherbourg.fr\/?attachment_id=1645\" data-orig-file=\"https:\/\/i0.wp.com\/3joursdecherbourg.fr\/wp-content\/uploads\/2019\/03\/les-3-jours-de-cherbourg-2018-089.jpg?fit=1518%2C1872&amp;ssl=1\" data-orig-size=\"1518,1872\" data-comments-opened=\"1\" data-image-meta=\"{&quot;aperture&quot;:&quot;0&quot;,&quot;credit&quot;:&quot;&quot;,&quot;camera&quot;:&quot;&quot;,&quot;caption&quot;:&quot;&quot;,&quot;created_timestamp&quot;:&quot;0&quot;,&quot;copyright&quot;:&quot;&quot;,&quot;focal_length&quot;:&quot;0&quot;,&quot;iso&quot;:&quot;0&quot;,&quot;shutter_speed&quot;:&quot;0&quot;,&quot;title&quot;:&quot;&quot;,&quot;orientation&quot;:&quot;0&quot;}\" data-image-title=\"les 3 jours de cherbourg 2018 089\" data-image-description=\"\" data-image-caption=\"\" data-medium-file=\"https:\/\/i0.wp.com\/3joursdecherbourg.fr\/wp-content\/uploads\/2019\/03\/les-3-jours-de-cherbourg-2018-089.jpg?fit=243%2C300&amp;ssl=1\" data-large-file=\"https:\/\/i0.wp.com\/3joursdecherbourg.fr\/wp-content\/uploads\/2019\/03\/les-3-jours-de-cherbourg-2018-089.jpg?fit=640%2C790&amp;ssl=1\" class=\"size-thumbnail wp-image-1645 alignleft\" src=\"https:\/\/i0.wp.com\/3joursdecherbourg.fr\/wp-content\/uploads\/2019\/03\/les-3-jours-de-cherbourg-2018-089.jpg?resize=150%2C150&#038;ssl=1\" alt=\"\" width=\"150\" height=\"150\" srcset=\"https:\/\/i0.wp.com\/3joursdecherbourg.fr\/wp-content\/uploads\/2019\/03\/les-3-jours-de-cherbourg-2018-089.jpg?resize=150%2C150&amp;ssl=1 150w, https:\/\/i0.wp.com\/3joursdecherbourg.fr\/wp-content\/uploads\/2019\/03\/les-3-jours-de-cherbourg-2018-089.jpg?zoom=2&amp;resize=150%2C150&amp;ssl=1 300w, https:\/\/i0.wp.com\/3joursdecherbourg.fr\/wp-content\/uploads\/2019\/03\/les-3-jours-de-cherbourg-2018-089.jpg?zoom=3&amp;resize=150%2C150&amp;ssl=1 450w\" sizes=\"auto, (max-width: 150px) 100vw, 150px\" \/>Daniel LEMARINEL (daniel-lemarinel@3joursdecherbourg.fr) reprend le poste occup\u00e9 par Guy, au contact des clubs.<\/p>\n\n\n<p>D\u2019ores et d\u00e9j\u00e0, 25 clubs ont fait acte de candidature pour notre \u00e9preuve, dont ce sera le 40\u00e8me anniversaire, signe de la confiance qu\u2019ils nous apportent. D\u2019autres inscriptions sont encore attendues.  La s\u00e9lection se fera dans les semaines qui viennent.<\/p>\n\n\n\n<p>Toute\nl\u2019\u00e9quipe des \u00ab&nbsp;3 jours de Cherbourg&nbsp;\u00bb est mobilis\u00e9e\npour que cette \u00e9dition 2019 soit encore une \u00e9preuve phare du\ncyclisme manchois et normand&nbsp;!<\/p>\n","protected":false},"excerpt":{"rendered":"<p>C\u2019est un d\u00e9but d\u2019ann\u00e9e difficile pour les 3 jours de Cherbourg. Guy MOCQUET nous a h\u00e9las quitt\u00e9s en janvier. Jean-Marie HERAUVILLE, notre Pr\u00e9sident, nous informe qu\u2019il souhaite prendre un peu de recul du fait de difficult\u00e9s momentan\u00e9es. Il va bien &hellip; <a href=\"https:\/\/3joursdecherbourg.fr\/?p=1640\">Continuer la lecture <span class=\"meta-nav\">&rarr;<\/span><\/a><\/p>\n","protected":false},"author":1,"featured_media":0,"comment_status":"open","ping_status":"open","sticky":false,"template":"","format":"standard","meta":{"_jetpack_newsletter_access":"","_jetpack_dont_email_post_to_subs":false,"_jetpack_newsletter_tier_id":0,"_jetpack_memberships_contains_paywalled_content":false,"_jetpack_memberships_contains_paid_content":false,"footnotes":""},"categories":[1],"tags":[],"class_list":["post-1640","post","type-post","status-publish","format-standard","hentry","category-non-classe"],"jetpack_featured_media_url":"","jetpack_shortlink":"https:\/\/wp.me\/p8fpGS-qs","jetpack-related-posts":[{"id":1692,"url":"https:\/\/3joursdecherbourg.fr\/?p=1692","url_meta":{"origin":1640,"position":0},"title":"Les 3 jours de Cherbourg en Cotentin","author":"admin3809","date":"25 avril 2019","format":false,"excerpt":"Avec l'arriv\u00e9e d'un nouveau partenaire institutionnel, la Communaut\u00e9 d'Agglom\u00e9ration du Cotentin, l'amicale des 3 jours de Cherbourg a d\u00e9cid\u00e9 de compl\u00e9ter le nom de l'\u00e9preuve qui devient donc \"les 3 jours de Cherbourg en Cotentin\". Merci \u00e0 ce nouveau partenaire qui nous permet de continuer \u00e0 construire pour notre part\u2026","rel":"","context":"Dans &quot;Non class\u00e9&quot;","block_context":{"text":"Non class\u00e9","link":"https:\/\/3joursdecherbourg.fr\/?cat=1"},"img":{"alt_text":"","src":"https:\/\/i0.wp.com\/3joursdecherbourg.fr\/wp-content\/uploads\/2019\/03\/Bernard-B%C3%A9rhault-150x150.png?resize=350%2C200","width":350,"height":200},"classes":[]},{"id":5325,"url":"https:\/\/3joursdecherbourg.fr\/?p=5325","url_meta":{"origin":1640,"position":1},"title":"Interview de Bernard BERHAULT","author":"admin3809","date":"29 ao\u00fbt 2025","format":false,"excerpt":"Bernard Berhault, pr\u00e9sident des 3 Jours de Cherbourg, nous partage son regard sur l\u2019\u00e9preuve ! https:\/\/youtu.be\/x8X6IQIQqHc","rel":"","context":"Dans &quot;Non class\u00e9&quot;","block_context":{"text":"Non class\u00e9","link":"https:\/\/3joursdecherbourg.fr\/?cat=1"},"img":{"alt_text":"","src":"https:\/\/i0.wp.com\/img.youtube.com\/vi\/x8X6IQIQqHc\/0.jpg?resize=350%2C200","width":350,"height":200},"classes":[]},{"id":3546,"url":"https:\/\/3joursdecherbourg.fr\/?p=3546","url_meta":{"origin":1640,"position":2},"title":"Dans une semaine les \u00ab\u00a03 jours\u00a0\u00bb","author":"admin3809","date":"25 ao\u00fbt 2022","format":false,"excerpt":"Que le temps passe vite quand la pr\u00e9paration est en derni\u00e8re ligne droite... Les b\u00e9n\u00e9voles ne ch\u00f4ment pas et sont sur tous les fronts. Ainsi ce jeudi 18 ao\u00fbt \u00e0 la mairie d\u00e9l\u00e9gu\u00e9e de Cherbourg \u00e9taient r\u00e9unis une trentaine de signaleurs, pr\u00eats \u00e0 guider la course et g\u00e9rer au mieux\u2026","rel":"","context":"Dans &quot;Non class\u00e9&quot;","block_context":{"text":"Non class\u00e9","link":"https:\/\/3joursdecherbourg.fr\/?cat=1"},"img":{"alt_text":"","src":"https:\/\/i0.wp.com\/3joursdecherbourg.fr\/wp-content\/uploads\/2022\/08\/IMG_6403-scaled.jpg?resize=350%2C200&ssl=1","width":350,"height":200,"srcset":"https:\/\/i0.wp.com\/3joursdecherbourg.fr\/wp-content\/uploads\/2022\/08\/IMG_6403-scaled.jpg?resize=350%2C200&ssl=1 1x, https:\/\/i0.wp.com\/3joursdecherbourg.fr\/wp-content\/uploads\/2022\/08\/IMG_6403-scaled.jpg?resize=525%2C300&ssl=1 1.5x, https:\/\/i0.wp.com\/3joursdecherbourg.fr\/wp-content\/uploads\/2022\/08\/IMG_6403-scaled.jpg?resize=700%2C400&ssl=1 2x, https:\/\/i0.wp.com\/3joursdecherbourg.fr\/wp-content\/uploads\/2022\/08\/IMG_6403-scaled.jpg?resize=1050%2C600&ssl=1 3x, https:\/\/i0.wp.com\/3joursdecherbourg.fr\/wp-content\/uploads\/2022\/08\/IMG_6403-scaled.jpg?resize=1400%2C800&ssl=1 4x"},"classes":[]},{"id":3047,"url":"https:\/\/3joursdecherbourg.fr\/?p=3047","url_meta":{"origin":1640,"position":3},"title":"Assembl\u00e9e G\u00e9n\u00e9rale 2021","author":"admin3809","date":"22 novembre 2021","format":false,"excerpt":"L\u2019Amicale Cycliste des Trois Jours de Cherbourg a tenu son Assembl\u00e9e G\u00e9n\u00e9rale annuelle statutaire ce vendredi 12 novembre 2021, \u00e0 la salle du gymnase Maurice Postaire (Cherbourg-en-Cotentin). \u00a0 Le Pr\u00e9sident, Bernard BERHAULT, a accueilli l\u2019assembl\u00e9e en excusant quelques invit\u00e9s absents. Il a exprim\u00e9 sa satisfaction apr\u00e8s le succ\u00e8s de cette\u2026","rel":"","context":"Dans &quot;Non class\u00e9&quot;","block_context":{"text":"Non class\u00e9","link":"https:\/\/3joursdecherbourg.fr\/?cat=1"},"img":{"alt_text":"","src":"https:\/\/i0.wp.com\/3joursdecherbourg.fr\/wp-content\/uploads\/2021\/11\/IMG_5046.jpg?resize=350%2C200&ssl=1","width":350,"height":200,"srcset":"https:\/\/i0.wp.com\/3joursdecherbourg.fr\/wp-content\/uploads\/2021\/11\/IMG_5046.jpg?resize=350%2C200&ssl=1 1x, https:\/\/i0.wp.com\/3joursdecherbourg.fr\/wp-content\/uploads\/2021\/11\/IMG_5046.jpg?resize=525%2C300&ssl=1 1.5x, https:\/\/i0.wp.com\/3joursdecherbourg.fr\/wp-content\/uploads\/2021\/11\/IMG_5046.jpg?resize=700%2C400&ssl=1 2x, https:\/\/i0.wp.com\/3joursdecherbourg.fr\/wp-content\/uploads\/2021\/11\/IMG_5046.jpg?resize=1050%2C600&ssl=1 3x, https:\/\/i0.wp.com\/3joursdecherbourg.fr\/wp-content\/uploads\/2021\/11\/IMG_5046.jpg?resize=1400%2C800&ssl=1 4x"},"classes":[]},{"id":2128,"url":"https:\/\/3joursdecherbourg.fr\/?p=2128","url_meta":{"origin":1640,"position":4},"title":"Assembl\u00e9e G\u00e9n\u00e9rale 2019","author":"admin3809","date":"4 d\u00e9cembre 2019","format":false,"excerpt":"L'Amicale Cycliste des Trois Jours de Cherbourg a tenu son Assembl\u00e9e G\u00e9n\u00e9rale annuelle statutaire ce vendredi 29 novembre 2019, \u00e0 sa permanence, place Rossel \u00e0 Octeville (Cherbourg-en-Cotentin). Le Pr\u00e9sident, Bernard BERHAULT, a accueilli l'assembl\u00e9e et pr\u00e9sent\u00e9 un rapport moral emprunt de satisfaction apr\u00e8s le succ\u00e8s de l'\u00e9dition 2019 des 3\u2026","rel":"","context":"Dans &quot;Non class\u00e9&quot;","block_context":{"text":"Non class\u00e9","link":"https:\/\/3joursdecherbourg.fr\/?cat=1"},"img":{"alt_text":"","src":"https:\/\/i0.wp.com\/3joursdecherbourg.fr\/wp-content\/uploads\/2019\/12\/DSC_2268-1024x681.jpg?resize=350%2C200","width":350,"height":200,"srcset":"https:\/\/i0.wp.com\/3joursdecherbourg.fr\/wp-content\/uploads\/2019\/12\/DSC_2268-1024x681.jpg?resize=350%2C200 1x, https:\/\/i0.wp.com\/3joursdecherbourg.fr\/wp-content\/uploads\/2019\/12\/DSC_2268-1024x681.jpg?resize=525%2C300 1.5x"},"classes":[]},{"id":3592,"url":"https:\/\/3joursdecherbourg.fr\/?p=3592","url_meta":{"origin":1640,"position":5},"title":"Pr\u00e9sentation des maillots&#8230;","author":"admin3809","date":"30 ao\u00fbt 2022","format":false,"excerpt":"Ce lundi 29 ao\u00fbt avait lieu la traditionnelle pr\u00e9sentation des maillots de notre 42\u00e8me \u00e9dition des \"3 jours de Cherbourg en Cotentin\", dans le salon de l'Imp\u00e9ratrice de la mairie de Cherbourg-en-Cotentin, sous le regard de l'Empereur napol\u00e9on III et de l'Imp\u00e9ratrice Eug\u00e9nie. Il fallait bien cela pour une finale\u2026","rel":"","context":"Dans &quot;Non class\u00e9&quot;","block_context":{"text":"Non class\u00e9","link":"https:\/\/3joursdecherbourg.fr\/?cat=1"},"img":{"alt_text":"","src":"https:\/\/i0.wp.com\/3joursdecherbourg.fr\/wp-content\/uploads\/2022\/08\/IMG_2575-scaled.jpg?resize=350%2C200&ssl=1","width":350,"height":200,"srcset":"https:\/\/i0.wp.com\/3joursdecherbourg.fr\/wp-content\/uploads\/2022\/08\/IMG_2575-scaled.jpg?resize=350%2C200&ssl=1 1x, https:\/\/i0.wp.com\/3joursdecherbourg.fr\/wp-content\/uploads\/2022\/08\/IMG_2575-scaled.jpg?resize=525%2C300&ssl=1 1.5x, https:\/\/i0.wp.com\/3joursdecherbourg.fr\/wp-content\/uploads\/2022\/08\/IMG_2575-scaled.jpg?resize=700%2C400&ssl=1 2x, https:\/\/i0.wp.com\/3joursdecherbourg.fr\/wp-content\/uploads\/2022\/08\/IMG_2575-scaled.jpg?resize=1050%2C600&ssl=1 3x, https:\/\/i0.wp.com\/3joursdecherbourg.fr\/wp-content\/uploads\/2022\/08\/IMG_2575-scaled.jpg?resize=1400%2C800&ssl=1 4x"},"classes":[]}],"jetpack_likes_enabled":false,"jetpack_sharing_enabled":true,"_links":{"self":[{"href":"https:\/\/3joursdecherbourg.fr\/index.php?rest_route=\/wp\/v2\/posts\/1640","targetHints":{"allow":["GET"]}}],"collection":[{"href":"https:\/\/3joursdecherbourg.fr\/index.php?rest_route=\/wp\/v2\/posts"}],"about":[{"href":"https:\/\/3joursdecherbourg.fr\/index.php?rest_route=\/wp\/v2\/types\/post"}],"author":[{"embeddable":true,"href":"https:\/\/3joursdecherbourg.fr\/index.php?rest_route=\/wp\/v2\/users\/1"}],"replies":[{"embeddable":true,"href":"https:\/\/3joursdecherbourg.fr\/index.php?rest_route=%2Fwp%2Fv2%2Fcomments&post=1640"}],"version-history":[{"count":5,"href":"https:\/\/3joursdecherbourg.fr\/index.php?rest_route=\/wp\/v2\/posts\/1640\/revisions"}],"predecessor-version":[{"id":1647,"href":"https:\/\/3joursdecherbourg.fr\/index.php?rest_route=\/wp\/v2\/posts\/1640\/revisions\/1647"}],"wp:attachment":[{"href":"https:\/\/3joursdecherbourg.fr\/index.php?rest_route=%2Fwp%2Fv2%2Fmedia&parent=1640"}],"wp:term":[{"taxonomy":"category","embeddable":true,"href":"https:\/\/3joursdecherbourg.fr\/index.php?rest_route=%2Fwp%2Fv2%2Fcategories&post=1640"},{"taxonomy":"post_tag","embeddable":true,"href":"https:\/\/3joursdecherbourg.fr\/index.php?rest_route=%2Fwp%2Fv2%2Ftags&post=1640"}],"curies":[{"name":"wp","href":"https:\/\/api.w.org\/{rel}","templated":true}]}}