{"id":2211,"date":"2020-03-14T13:03:22","date_gmt":"2020-03-14T12:03:22","guid":{"rendered":"http:\/\/3joursdecherbourg.fr\/?p=2211"},"modified":"2020-03-14T13:08:42","modified_gmt":"2020-03-14T12:08:42","slug":"lamicale-cycliste-sequipe","status":"publish","type":"post","link":"https:\/\/3joursdecherbourg.fr\/?p=2211","title":{"rendered":"L&rsquo;Amicale Cycliste s&rsquo;\u00e9quipe&#8230;"},"content":{"rendered":"<p>L&rsquo;Amicale Cycliste des 3 Jours de Cherbourg continue sa pr\u00e9paration en vue de l&rsquo;\u00e9preuve des 4, 5 et 6 septembre prochains, en esp\u00e9rant que la crise sanitaire que nous traversons soit pass\u00e9e.<\/p>\n<p>Et gr\u00e2ce \u00e0 nos partenaires \u00ab\u00a0historiques\u00a0\u00bb Axa Assurances et Sport 2000, l&rsquo;\u00e9quipe est par\u00e9e pour affronter la canicule comme le gros temps. Un grand merci.<\/p>\n<div id=\"attachment_2212\" style=\"width: 650px\" class=\"wp-caption aligncenter\"><a href=\"https:\/\/3joursdecherbourg.fr\/?attachment_id=2212\" rel=\"attachment wp-att-2212\"><img data-recalc-dims=\"1\" loading=\"lazy\" decoding=\"async\" aria-describedby=\"caption-attachment-2212\" data-attachment-id=\"2212\" data-permalink=\"https:\/\/3joursdecherbourg.fr\/?attachment_id=2212\" data-orig-file=\"https:\/\/i0.wp.com\/3joursdecherbourg.fr\/wp-content\/uploads\/2020\/03\/IMG_0210-2.jpg?fit=1752%2C1379&amp;ssl=1\" data-orig-size=\"1752,1379\" data-comments-opened=\"1\" data-image-meta=\"{&quot;aperture&quot;:&quot;3.4&quot;,&quot;credit&quot;:&quot;&quot;,&quot;camera&quot;:&quot;Canon PowerShot SX530 HS&quot;,&quot;caption&quot;:&quot;&quot;,&quot;created_timestamp&quot;:&quot;1584037824&quot;,&quot;copyright&quot;:&quot;&quot;,&quot;focal_length&quot;:&quot;4.3&quot;,&quot;iso&quot;:&quot;160&quot;,&quot;shutter_speed&quot;:&quot;0.033333333333333&quot;,&quot;title&quot;:&quot;&quot;,&quot;orientation&quot;:&quot;0&quot;}\" data-image-title=\"IMG_0210-2\" data-image-description=\"\" data-image-caption=\"\" data-medium-file=\"https:\/\/i0.wp.com\/3joursdecherbourg.fr\/wp-content\/uploads\/2020\/03\/IMG_0210-2.jpg?fit=300%2C236&amp;ssl=1\" data-large-file=\"https:\/\/i0.wp.com\/3joursdecherbourg.fr\/wp-content\/uploads\/2020\/03\/IMG_0210-2.jpg?fit=640%2C504&amp;ssl=1\" class=\"wp-image-2212 size-large\" src=\"https:\/\/i0.wp.com\/3joursdecherbourg.fr\/wp-content\/uploads\/2020\/03\/IMG_0210-2.jpg?resize=640%2C504&#038;ssl=1\" alt=\"\" width=\"640\" height=\"504\" srcset=\"https:\/\/i0.wp.com\/3joursdecherbourg.fr\/wp-content\/uploads\/2020\/03\/IMG_0210-2.jpg?resize=1024%2C806&amp;ssl=1 1024w, https:\/\/i0.wp.com\/3joursdecherbourg.fr\/wp-content\/uploads\/2020\/03\/IMG_0210-2.jpg?resize=300%2C236&amp;ssl=1 300w, https:\/\/i0.wp.com\/3joursdecherbourg.fr\/wp-content\/uploads\/2020\/03\/IMG_0210-2.jpg?resize=768%2C604&amp;ssl=1 768w, https:\/\/i0.wp.com\/3joursdecherbourg.fr\/wp-content\/uploads\/2020\/03\/IMG_0210-2.jpg?resize=1536%2C1209&amp;ssl=1 1536w, https:\/\/i0.wp.com\/3joursdecherbourg.fr\/wp-content\/uploads\/2020\/03\/IMG_0210-2.jpg?w=1752&amp;ssl=1 1752w, https:\/\/i0.wp.com\/3joursdecherbourg.fr\/wp-content\/uploads\/2020\/03\/IMG_0210-2.jpg?w=1280&amp;ssl=1 1280w\" sizes=\"auto, (max-width: 640px) 100vw, 640px\" \/><\/a><p id=\"caption-attachment-2212\" class=\"wp-caption-text\">Photo Mireille Coustic<\/p><\/div>\n","protected":false},"excerpt":{"rendered":"<p>L&rsquo;Amicale Cycliste des 3 Jours de Cherbourg continue sa pr\u00e9paration en vue de l&rsquo;\u00e9preuve des 4, 5 et 6 septembre prochains, en esp\u00e9rant que la crise sanitaire que nous traversons soit pass\u00e9e. Et gr\u00e2ce \u00e0 nos partenaires \u00ab\u00a0historiques\u00a0\u00bb Axa Assurances &hellip; <a href=\"https:\/\/3joursdecherbourg.fr\/?p=2211\">Continuer la lecture <span class=\"meta-nav\">&rarr;<\/span><\/a><\/p>\n","protected":false},"author":1,"featured_media":0,"comment_status":"open","ping_status":"open","sticky":false,"template":"","format":"standard","meta":{"_jetpack_newsletter_access":"","_jetpack_dont_email_post_to_subs":false,"_jetpack_newsletter_tier_id":0,"_jetpack_memberships_contains_paywalled_content":false,"_jetpack_memberships_contains_paid_content":false,"footnotes":""},"categories":[1],"tags":[],"class_list":["post-2211","post","type-post","status-publish","format-standard","hentry","category-non-classe"],"jetpack_featured_media_url":"","jetpack_shortlink":"https:\/\/wp.me\/p8fpGS-zF","jetpack-related-posts":[{"id":3057,"url":"https:\/\/3joursdecherbourg.fr\/?p=3057","url_meta":{"origin":2211,"position":0},"title":"Il nous ont quitt\u00e9s, h\u00e9las!","author":"admin3809","date":"24 d\u00e9cembre 2021","format":false,"excerpt":"En cette fin d'ann\u00e9e, nous d\u00e9plorons la perte de deux personnes qui ont beaucoup compt\u00e9 pour les \"3 jours de Cherbourg\". Philippe HOLE a \u00e9t\u00e9 pendant de nombreuses ann\u00e9es, aves ses amis et coll\u00e8gues chez AXA, le sponsor maillot du meilleur coureur \"espoir\" et bien s\u00fbr le co-assureur de notre\u2026","rel":"","context":"Dans &quot;Non class\u00e9&quot;","block_context":{"text":"Non class\u00e9","link":"https:\/\/3joursdecherbourg.fr\/?cat=1"},"img":{"alt_text":"","src":"https:\/\/i0.wp.com\/3joursdecherbourg.fr\/wp-content\/uploads\/2021\/12\/Philippe-Hole.jpg?resize=350%2C200&ssl=1","width":350,"height":200},"classes":[]},{"id":4351,"url":"https:\/\/3joursdecherbourg.fr\/?p=4351","url_meta":{"origin":2211,"position":1},"title":"Les \u00ab\u00a03 jours\u00a0\u00bb commencent \u00ab\u00a0\u00e0 l&rsquo;hippodrome\u00a0\u00bb!","author":"admin3809","date":"21 ao\u00fbt 2023","format":false,"excerpt":"L'hippodrome de Cherbourg \u2013 La Glacerie (http:\/\/www.hippodrome-laglacerie.com) est partenaire de l\u2019Amicale Cycliste des 3 Jours de Cherbourg. Et c'est une tradition, chaque ann\u00e9e, une course au programme porte\u00a0 le nom \"Prix des 3 Jours de Cherbourg\". Ce lundi 21 ao\u00fbt, la 7e course a vu la victoire de Hidalgo de\u2026","rel":"","context":"Dans &quot;Non class\u00e9&quot;","block_context":{"text":"Non class\u00e9","link":"https:\/\/3joursdecherbourg.fr\/?cat=1"},"img":{"alt_text":"","src":"https:\/\/i0.wp.com\/3joursdecherbourg.fr\/wp-content\/uploads\/2023\/08\/IMG_9184.jpg?resize=350%2C200&ssl=1","width":350,"height":200,"srcset":"https:\/\/i0.wp.com\/3joursdecherbourg.fr\/wp-content\/uploads\/2023\/08\/IMG_9184.jpg?resize=350%2C200&ssl=1 1x, https:\/\/i0.wp.com\/3joursdecherbourg.fr\/wp-content\/uploads\/2023\/08\/IMG_9184.jpg?resize=525%2C300&ssl=1 1.5x, https:\/\/i0.wp.com\/3joursdecherbourg.fr\/wp-content\/uploads\/2023\/08\/IMG_9184.jpg?resize=700%2C400&ssl=1 2x, https:\/\/i0.wp.com\/3joursdecherbourg.fr\/wp-content\/uploads\/2023\/08\/IMG_9184.jpg?resize=1050%2C600&ssl=1 3x, https:\/\/i0.wp.com\/3joursdecherbourg.fr\/wp-content\/uploads\/2023\/08\/IMG_9184.jpg?resize=1400%2C800&ssl=1 4x"},"classes":[]},{"id":2241,"url":"https:\/\/3joursdecherbourg.fr\/?p=2241","url_meta":{"origin":2211,"position":2},"title":"Yves Lepelletier nous a quitt\u00e9s.","author":"admin3809","date":"6 avril 2020","format":false,"excerpt":"C'est un grand nom du cyclisme qui nous a quitt\u00e9s. Yves Lepelletier a \u00e9t\u00e9 pendant des d\u00e9cennies le Pr\u00e9sident du Comit\u00e9 Michel Lair, organisateur de la course cycliste du m\u00eame nom. Cr\u00e9e \u00e0 la fin de la guerre 39\/45 par le comit\u00e9 des f\u00eates d'Octeville, la course a pris le\u2026","rel":"","context":"Dans &quot;Non class\u00e9&quot;","block_context":{"text":"Non class\u00e9","link":"https:\/\/3joursdecherbourg.fr\/?cat=1"},"img":{"alt_text":"","src":"https:\/\/i0.wp.com\/3joursdecherbourg.fr\/wp-content\/uploads\/2020\/04\/ALA5972-300x234.jpg?resize=350%2C200","width":350,"height":200},"classes":[]},{"id":602,"url":"https:\/\/3joursdecherbourg.fr\/?p=602","url_meta":{"origin":2211,"position":3},"title":"Auguste Lay nous a quitt\u00e9s","author":"admin3809","date":"7 ao\u00fbt 2017","format":false,"excerpt":"Auguste est parti discr\u00e8tement, comme il en avait l'habitude, ce mercredi matin. La r\u00e9union de pr\u00e9paration des prochains\u00a0 \"3 jours\", en fin de journ\u00e9e, n'avait pas la m\u00eame effervescence, le m\u00eame enthousiasme: une chaise est rest\u00e9e vide. Apr\u00e8s avoir \u00e9t\u00e9 coureur cycliste, Auguste \u00e9tait devenu dirigeant de l'AS Cherbourg avant\u2026","rel":"","context":"Dans &quot;Non class\u00e9&quot;","block_context":{"text":"Non class\u00e9","link":"https:\/\/3joursdecherbourg.fr\/?cat=1"},"img":{"alt_text":"","src":"https:\/\/i0.wp.com\/3joursdecherbourg.fr\/wp-content\/uploads\/2017\/08\/Auguste-Lay.jpg?resize=350%2C200","width":350,"height":200},"classes":[]},{"id":1910,"url":"https:\/\/3joursdecherbourg.fr\/?p=1910","url_meta":{"origin":2211,"position":4},"title":"Les \u00ab\u00a03 jours\u00a0\u00bb au trot&#8230;(attel\u00e9!)","author":"admin3809","date":"4 septembre 2019","format":false,"excerpt":"\u00a0Depuis de nombreuses ann\u00e9es, l\u2019hippodrome de Cherbourg - La Glacerie (http:\/\/www.hippodrome-laglacerie.com) est partenaire de l'Amicale Cycliste des 3 Jours de Cherbourg. Dimanche 1er septembre, la r\u00e9union hippique accueillait \u00e0 son programme deux Prix des 3 jours de Cherbourg (40\u00e8me anniversaire oblige!) Octave Dugouchet, Vice-Pr\u00e9sident de l'Amicale, et Daniel Jouanne, secr\u00e9taire,\u2026","rel":"","context":"Dans &quot;Non class\u00e9&quot;","block_context":{"text":"Non class\u00e9","link":"https:\/\/3joursdecherbourg.fr\/?cat=1"},"img":{"alt_text":"","src":"https:\/\/i0.wp.com\/3joursdecherbourg.fr\/wp-content\/uploads\/2019\/09\/c6-remise-prix-300x225.jpg?resize=350%2C200","width":350,"height":200},"classes":[]},{"id":4038,"url":"https:\/\/3joursdecherbourg.fr\/?p=4038","url_meta":{"origin":2211,"position":5},"title":"Nous apprenons avec grande tristesse\u2026","author":"admin3809","date":"28 novembre 2022","format":false,"excerpt":"Nous apprenons avec grande tristesse le d\u00e9c\u00e8s de notre ami Herv\u00e9 MOREL, ancien Pr\u00e9sident et Pr\u00e9sident d'Honneur de l'EC Montebourg. L'Amicale Cycliste des 3 Jours de Cherbourg adresse ses plus sinc\u00e8res condol\u00e9ances \u00e0 ses proches et partage la douleur de perdre un compagnon de route.","rel":"","context":"Dans &quot;Non class\u00e9&quot;","block_context":{"text":"Non class\u00e9","link":"https:\/\/3joursdecherbourg.fr\/?cat=1"},"img":{"alt_text":"","src":"https:\/\/i0.wp.com\/3joursdecherbourg.fr\/wp-content\/uploads\/2022\/11\/Herve-MOREL-300x258.jpg?resize=350%2C200&ssl=1","width":350,"height":200},"classes":[]}],"jetpack_likes_enabled":false,"jetpack_sharing_enabled":true,"_links":{"self":[{"href":"https:\/\/3joursdecherbourg.fr\/index.php?rest_route=\/wp\/v2\/posts\/2211","targetHints":{"allow":["GET"]}}],"collection":[{"href":"https:\/\/3joursdecherbourg.fr\/index.php?rest_route=\/wp\/v2\/posts"}],"about":[{"href":"https:\/\/3joursdecherbourg.fr\/index.php?rest_route=\/wp\/v2\/types\/post"}],"author":[{"embeddable":true,"href":"https:\/\/3joursdecherbourg.fr\/index.php?rest_route=\/wp\/v2\/users\/1"}],"replies":[{"embeddable":true,"href":"https:\/\/3joursdecherbourg.fr\/index.php?rest_route=%2Fwp%2Fv2%2Fcomments&post=2211"}],"version-history":[{"count":2,"href":"https:\/\/3joursdecherbourg.fr\/index.php?rest_route=\/wp\/v2\/posts\/2211\/revisions"}],"predecessor-version":[{"id":2215,"href":"https:\/\/3joursdecherbourg.fr\/index.php?rest_route=\/wp\/v2\/posts\/2211\/revisions\/2215"}],"wp:attachment":[{"href":"https:\/\/3joursdecherbourg.fr\/index.php?rest_route=%2Fwp%2Fv2%2Fmedia&parent=2211"}],"wp:term":[{"taxonomy":"category","embeddable":true,"href":"https:\/\/3joursdecherbourg.fr\/index.php?rest_route=%2Fwp%2Fv2%2Fcategories&post=2211"},{"taxonomy":"post_tag","embeddable":true,"href":"https:\/\/3joursdecherbourg.fr\/index.php?rest_route=%2Fwp%2Fv2%2Ftags&post=2211"}],"curies":[{"name":"wp","href":"https:\/\/api.w.org\/{rel}","templated":true}]}}