{"id":2235,"date":"2020-04-05T12:23:45","date_gmt":"2020-04-05T10:23:45","guid":{"rendered":"http:\/\/3joursdecherbourg.fr\/?p=2235"},"modified":"2020-04-05T12:24:18","modified_gmt":"2020-04-05T10:24:18","slug":"lincertitude","status":"publish","type":"post","link":"https:\/\/3joursdecherbourg.fr\/?p=2235","title":{"rendered":"L&rsquo;incertitude"},"content":{"rendered":"\n<p>Le pays est \u00e0 l&rsquo;arr\u00eat, ou presque, les sportifs sont au repos. Les soignants, pendant ce temps, triment jour et nuit pour sauver les vies. C&rsquo;est une situation cauchemardesque qu&rsquo;il nous faut affronter en essayant malgr\u00e9 tout de garder le moral. Nos pens\u00e9es sportives vont \u00e0 tous les organisateurs qui ont d\u00fb, la mort dans l&rsquo;\u00e2me, annuler ou repousser leur \u00e9preuve pourtant longuement et minutieusement pr\u00e9par\u00e9e.<\/p>\n\n\n\n<p>Bien que pr\u00e9vus les 4, 5 et 6 septembre prochains, les \u00ab\u00a03 jours de Cherbourg en Cotentin \u00a0\u00bb sont aussi dans l&rsquo;incertitude! Plusieurs raisons \u00e0 cela:<\/p>\n\n\n\n<ul class=\"wp-block-list\"><li>un tiers du budget de l&rsquo;\u00e9preuve d\u00e9pend de financements priv\u00e9s: commerces, entreprises, artisans&#8230; Comment auront-ils pass\u00e9 cette p\u00e9riode de grande r\u00e9cession et quelle sera leur r\u00e9ponse en mai (au plus t\u00f4t si tout s&rsquo;arrange) quand nous irons les voir pour leur demander leur participation?<\/li><li>nous avons actuellement 29 \u00e9quipes pr\u00e9-inscrites, qui attendent notre confirmation. Mais combien pourrons nous en prendre r\u00e9ellement si notre budget chute ou diminue fortement?<\/li><li>la F\u00e9d\u00e9ration Fran\u00e7aise de Cyclisme vient d&rsquo;\u00e9mettre  un communiqu\u00e9 dans lequel elle invite les organisateurs \u00ab\u00a0<em>\u00e0 privil\u00e9gier la recherche de date de report\u00a0\u00bb <\/em>et \u00e0<em><strong> <\/strong>\u00a0\u00bb favoriser ces recompositions de calendrier.<\/em>\u00a0\u00bb Est-ce \u00e0 dire que nous pourrions avoir une ou des \u00e9preuves report\u00e9es d\u00e9but septembre, en concurrence avec les \u00ab\u00a03 jours\u00a0\u00bb? Des \u00e9quipes pourraient alors choisir de courir \u00ab\u00a0au plus pr\u00e8s\u00a0\u00bb, \u00e0 l\u2019\u00e9conomie, et ne pas se d\u00e9placer jusqu&rsquo;\u00e0 notre beau Cotentin! <\/li><li>en effet, quel sera l&rsquo;\u00e9tat du peloton amateur en septembre? Il faut craindre pour les clubs des baisses de budget, pour les m\u00eames raisons que nous, qui les contraignent \u00e0 modifier ou all\u00e9ger encore plus leur programme. Les \u00e9quipes \u00e9trang\u00e8res (une n\u00e9erlandaise, deux belges, une britannique), qui internationalisent notre \u00e9preuve pourront-elles venir? Les meilleures \u00e9quipes fran\u00e7aises, nos habitu\u00e9es, seront-elles l\u00e0?<\/li><li>et de plus, dans la p\u00e9riode actuelle d&rsquo;incertitudes municipales, il nous est particuli\u00e8rement difficile de solliciter les \u00e9lus! Certains sont \u00e9lus, ou r\u00e9-\u00e9lus, mais les bureaux municipaux ne sont pas nomm\u00e9s. D&rsquo;autres sont dans l&rsquo;attente d&rsquo;un hypoth\u00e9tique deuxi\u00e8me tour!&#8230; Et tous, avec leurs agents municipaux, ont aujourd&rsquo;hui bien d&rsquo;autres soucis \u00e0 g\u00e9rer.<\/li><\/ul>\n\n\n\n<p>C&rsquo;est donc bien l&rsquo;incertitude qui domine aujourd&rsquo;hui. M\u00eame si la pr\u00e9paration de l&rsquo;\u00e9preuve continue, un peu en roue libre quand m\u00eame, nous esp\u00e9rons de toutes nos forces la sortie rapide de cette pand\u00e9mie pour retourner au contact de nos partenaires et essayer de gagner cette partie.<\/p>\n\n\n\n<p> Le \u00ab\u00a0jour d&rsquo;apr\u00e8s\u00a0\u00bb sera aussi celui o\u00f9 nous pourrons vivre nos passions au mieux, continuer d&rsquo;animer le territoire, proposer un spectacle sportif de qualit\u00e9. C&rsquo;est \u00e7a la vie!<\/p>\n\n\n\n<figure class=\"wp-block-image size-large\"><img loading=\"lazy\" decoding=\"async\" width=\"1984\" height=\"1320\" data-attachment-id=\"2237\" data-permalink=\"https:\/\/3joursdecherbourg.fr\/?attachment_id=2237\" data-orig-file=\"https:\/\/i0.wp.com\/3joursdecherbourg.fr\/wp-content\/uploads\/2020\/04\/DSC_6165.jpg?fit=1984%2C1320&amp;ssl=1\" data-orig-size=\"1984,1320\" data-comments-opened=\"1\" data-image-meta=\"{&quot;aperture&quot;:&quot;5.6&quot;,&quot;credit&quot;:&quot;&quot;,&quot;camera&quot;:&quot;NIKON D3X&quot;,&quot;caption&quot;:&quot;&quot;,&quot;created_timestamp&quot;:&quot;1567863952&quot;,&quot;copyright&quot;:&quot;&quot;,&quot;focal_length&quot;:&quot;18&quot;,&quot;iso&quot;:&quot;500&quot;,&quot;shutter_speed&quot;:&quot;0.000625&quot;,&quot;title&quot;:&quot;&quot;,&quot;orientation&quot;:&quot;1&quot;}\" data-image-title=\"DSC_6165\" data-image-description=\"\" data-image-caption=\"\" data-medium-file=\"https:\/\/i0.wp.com\/3joursdecherbourg.fr\/wp-content\/uploads\/2020\/04\/DSC_6165.jpg?fit=300%2C200&amp;ssl=1\" data-large-file=\"https:\/\/i0.wp.com\/3joursdecherbourg.fr\/wp-content\/uploads\/2020\/04\/DSC_6165.jpg?fit=640%2C426&amp;ssl=1\" src=\"https:\/\/i0.wp.com\/3joursdecherbourg.fr\/wp-content\/uploads\/2020\/04\/DSC_6165.jpg?fit=640%2C426\" alt=\"\" class=\"wp-image-2237\" srcset=\"https:\/\/i0.wp.com\/3joursdecherbourg.fr\/wp-content\/uploads\/2020\/04\/DSC_6165.jpg?w=1984&amp;ssl=1 1984w, https:\/\/i0.wp.com\/3joursdecherbourg.fr\/wp-content\/uploads\/2020\/04\/DSC_6165.jpg?resize=300%2C200&amp;ssl=1 300w, https:\/\/i0.wp.com\/3joursdecherbourg.fr\/wp-content\/uploads\/2020\/04\/DSC_6165.jpg?resize=1024%2C681&amp;ssl=1 1024w, https:\/\/i0.wp.com\/3joursdecherbourg.fr\/wp-content\/uploads\/2020\/04\/DSC_6165.jpg?resize=768%2C511&amp;ssl=1 768w, https:\/\/i0.wp.com\/3joursdecherbourg.fr\/wp-content\/uploads\/2020\/04\/DSC_6165.jpg?resize=1536%2C1022&amp;ssl=1 1536w, https:\/\/i0.wp.com\/3joursdecherbourg.fr\/wp-content\/uploads\/2020\/04\/DSC_6165.jpg?w=1280&amp;ssl=1 1280w, https:\/\/i0.wp.com\/3joursdecherbourg.fr\/wp-content\/uploads\/2020\/04\/DSC_6165.jpg?w=1920&amp;ssl=1 1920w\" sizes=\"auto, (max-width: 640px) 100vw, 640px\" \/><figcaption>Le peloton \u00e0 l&rsquo;arr\u00eat, dans l&rsquo;attente du d\u00e9part&#8230;<\/figcaption><\/figure>\n\n\n\n<p><\/p>\n\n\n\n<ul class=\"wp-block-list\"><li><\/li><\/ul>\n\n\n\n<p><\/p>\n","protected":false},"excerpt":{"rendered":"<p>Le pays est \u00e0 l&rsquo;arr\u00eat, ou presque, les sportifs sont au repos. Les soignants, pendant ce temps, triment jour et nuit pour sauver les vies. C&rsquo;est une situation cauchemardesque qu&rsquo;il nous faut affronter en essayant malgr\u00e9 tout de garder le &hellip; <a href=\"https:\/\/3joursdecherbourg.fr\/?p=2235\">Continuer la lecture <span class=\"meta-nav\">&rarr;<\/span><\/a><\/p>\n","protected":false},"author":1,"featured_media":0,"comment_status":"open","ping_status":"open","sticky":false,"template":"","format":"standard","meta":{"_jetpack_newsletter_access":"","_jetpack_dont_email_post_to_subs":false,"_jetpack_newsletter_tier_id":0,"_jetpack_memberships_contains_paywalled_content":false,"_jetpack_memberships_contains_paid_content":false,"footnotes":""},"categories":[1],"tags":[],"class_list":["post-2235","post","type-post","status-publish","format-standard","hentry","category-non-classe"],"jetpack_featured_media_url":"","jetpack_shortlink":"https:\/\/wp.me\/p8fpGS-A3","jetpack-related-posts":[{"id":2248,"url":"https:\/\/3joursdecherbourg.fr\/?p=2248","url_meta":{"origin":2235,"position":0},"title":"les \u00ab\u00a03 jours\u00a0\u00bb 2020 annul\u00e9s&#8230;","author":"admin3809","date":"25 mai 2020","format":false,"excerpt":"L'Amicale Cycliste a pris la douloureuse d\u00e9cision d'annuler l'\u00e9dition 2020 des \"3 jours de Cherbourg en Cotentin\".\u00a0 Vous en devinez les raisons. Un budget difficile \u00e0 r\u00e9unir : il ne nous a pas sembl\u00e9 opportun de solliciter les partenaires commerciaux, artisans, entreprises qui ont subi de plein fouet dans leur\u2026","rel":"","context":"Dans &quot;Non class\u00e9&quot;","block_context":{"text":"Non class\u00e9","link":"https:\/\/3joursdecherbourg.fr\/?cat=1"},"img":{"alt_text":"","src":"https:\/\/i0.wp.com\/3joursdecherbourg.fr\/wp-content\/uploads\/2020\/05\/IMG_20200513_174256-300x169.jpg?resize=350%2C200","width":350,"height":200},"classes":[]},{"id":2961,"url":"https:\/\/3joursdecherbourg.fr\/?p=2961","url_meta":{"origin":2235,"position":1},"title":"Il est l&rsquo;heure de remercier&#8230;","author":"admin3809","date":"7 septembre 2021","format":false,"excerpt":"Oui vraiment un grand MERCI! Au del\u00e0 des bilans sportifs, financiers, administratifs, organisationnels que notre Amicale Cycliste ne manquera pas de faire dans les prochains jours, il nous appartient d'abord de rendre hommage \u00e0 tous ceux qui ont permis cette somptueuse 41\u00e8me \u00e9dition des \"3 jours de Cherbourg en Cotentin\".\u2026","rel":"","context":"Dans &quot;Non class\u00e9&quot;","block_context":{"text":"Non class\u00e9","link":"https:\/\/3joursdecherbourg.fr\/?cat=1"},"img":{"alt_text":"","src":"https:\/\/i0.wp.com\/3joursdecherbourg.fr\/wp-content\/uploads\/2021\/09\/DSC_7595-273x300.jpg?resize=350%2C200&ssl=1","width":350,"height":200},"classes":[]},{"id":3921,"url":"https:\/\/3joursdecherbourg.fr\/?p=3921","url_meta":{"origin":2235,"position":2},"title":"Un grand Merci, pour une grande course:","author":"admin3809","date":"8 septembre 2022","format":false,"excerpt":"Oui vraiment un grand\u00a0MERCI! Au-del\u00e0 des bilans sportifs, financiers, administratifs, organisationnels que notre Amicale Cycliste ne manquera pas de faire dans les prochains jours, il nous appartient d\u2019abord de rendre hommage \u00e0 tous ceux qui ont permis cette somptueuse 42\u00e8me \u00e9dition des \u00ab 3 jours de Cherbourg en Cotentin \u00bb.\u2026","rel":"","context":"Dans &quot;Non class\u00e9&quot;","block_context":{"text":"Non class\u00e9","link":"https:\/\/3joursdecherbourg.fr\/?cat=1"},"img":{"alt_text":"","src":"https:\/\/i0.wp.com\/3joursdecherbourg.fr\/wp-content\/uploads\/2022\/09\/3DSC_4042-223x300.jpg?resize=350%2C200&ssl=1","width":350,"height":200},"classes":[]},{"id":5536,"url":"https:\/\/3joursdecherbourg.fr\/?p=5536","url_meta":{"origin":2235,"position":3},"title":"les \u00ab\u00a03 jours\u00a0\u00bb \u00e0 l&rsquo;heure des remerciements:","author":"admin3809","date":"12 septembre 2025","format":false,"excerpt":"Il ne peut pas y avoir une \"grande\" course cycliste - et nous esp\u00e9rons que ce soit le cas des \"3 jours\" - sans la participation d'un grand nombre d'acteurs. Oui, au del\u00e0 des bilans - sportif, financier, administratif, organisationnel - que notre Amicale Cycliste ne manquera pas de faire\u2026","rel":"","context":"Dans &quot;Non class\u00e9&quot;","block_context":{"text":"Non class\u00e9","link":"https:\/\/3joursdecherbourg.fr\/?cat=1"},"img":{"alt_text":"","src":"https:\/\/i0.wp.com\/3joursdecherbourg.fr\/wp-content\/uploads\/2025\/09\/DSC_5185-300x199.jpg?resize=350%2C200&ssl=1","width":350,"height":200},"classes":[]},{"id":534,"url":"https:\/\/3joursdecherbourg.fr\/?p=534","url_meta":{"origin":2235,"position":4},"title":"En pleine pr\u00e9paration&#8230;","author":"admin3809","date":"29 mai 2017","format":false,"excerpt":"Pr\u00e9parer une course, tous les organisateurs le savent, c'est tout au long de l'ann\u00e9e et ce n'est pas de tout repos. Les 3 jours de Cherbourg ne d\u00e9rogent pas \u00e0 la r\u00e8gle! Nous avions voulu, pour pimenter la 38\u00e8me \u00e9dition des 1er, 2 et 3 septembre prochains, organiser un prologue\u2026","rel":"","context":"Dans &quot;Non class\u00e9&quot;","block_context":{"text":"Non class\u00e9","link":"https:\/\/3joursdecherbourg.fr\/?cat=1"},"img":{"alt_text":"","src":"https:\/\/i0.wp.com\/3joursdecherbourg.fr\/wp-content\/uploads\/2017\/05\/etap-4-405-300x200.jpg?resize=350%2C200","width":350,"height":200},"classes":[]},{"id":1973,"url":"https:\/\/3joursdecherbourg.fr\/?p=1973","url_meta":{"origin":2235,"position":5},"title":"Une belle course: un grand merci!","author":"admin3809","date":"11 septembre 2019","format":false,"excerpt":"Au lendemain d'une si belle \u00e9preuve que furent les \"3 jours de Cherbourg en Cotentin\" 2019, pour la 40\u00e8me \u00e9dition de cette course cycliste \u00e9lite nationale par \u00e9tapes, tous nos remerciements vont \u00e0 tous ceux qui ont contribu\u00e9 \u00e0 ce succ\u00e8s. Les coureurs bien s\u00fbr qui par leur engagement, leur\u2026","rel":"","context":"Dans &quot;Non class\u00e9&quot;","block_context":{"text":"Non class\u00e9","link":"https:\/\/3joursdecherbourg.fr\/?cat=1"},"img":{"alt_text":"","src":"https:\/\/i0.wp.com\/3joursdecherbourg.fr\/wp-content\/uploads\/2019\/09\/DSC_6097-300x197.jpg?resize=350%2C200","width":350,"height":200},"classes":[]}],"jetpack_likes_enabled":false,"jetpack_sharing_enabled":true,"_links":{"self":[{"href":"https:\/\/3joursdecherbourg.fr\/index.php?rest_route=\/wp\/v2\/posts\/2235","targetHints":{"allow":["GET"]}}],"collection":[{"href":"https:\/\/3joursdecherbourg.fr\/index.php?rest_route=\/wp\/v2\/posts"}],"about":[{"href":"https:\/\/3joursdecherbourg.fr\/index.php?rest_route=\/wp\/v2\/types\/post"}],"author":[{"embeddable":true,"href":"https:\/\/3joursdecherbourg.fr\/index.php?rest_route=\/wp\/v2\/users\/1"}],"replies":[{"embeddable":true,"href":"https:\/\/3joursdecherbourg.fr\/index.php?rest_route=%2Fwp%2Fv2%2Fcomments&post=2235"}],"version-history":[{"count":3,"href":"https:\/\/3joursdecherbourg.fr\/index.php?rest_route=\/wp\/v2\/posts\/2235\/revisions"}],"predecessor-version":[{"id":2239,"href":"https:\/\/3joursdecherbourg.fr\/index.php?rest_route=\/wp\/v2\/posts\/2235\/revisions\/2239"}],"wp:attachment":[{"href":"https:\/\/3joursdecherbourg.fr\/index.php?rest_route=%2Fwp%2Fv2%2Fmedia&parent=2235"}],"wp:term":[{"taxonomy":"category","embeddable":true,"href":"https:\/\/3joursdecherbourg.fr\/index.php?rest_route=%2Fwp%2Fv2%2Fcategories&post=2235"},{"taxonomy":"post_tag","embeddable":true,"href":"https:\/\/3joursdecherbourg.fr\/index.php?rest_route=%2Fwp%2Fv2%2Ftags&post=2235"}],"curies":[{"name":"wp","href":"https:\/\/api.w.org\/{rel}","templated":true}]}}