{"id":2241,"date":"2020-04-06T15:00:20","date_gmt":"2020-04-06T13:00:20","guid":{"rendered":"http:\/\/3joursdecherbourg.fr\/?p=2241"},"modified":"2020-04-06T15:08:39","modified_gmt":"2020-04-06T13:08:39","slug":"yves-lepelletier-nous-a-quittes","status":"publish","type":"post","link":"https:\/\/3joursdecherbourg.fr\/?p=2241","title":{"rendered":"Yves Lepelletier nous a quitt\u00e9s."},"content":{"rendered":"\n\n\n<\/p>\n<p>C&rsquo;est un grand nom du cyclisme qui nous a quitt\u00e9s.<img data-recalc-dims=\"1\" loading=\"lazy\" decoding=\"async\" data-attachment-id=\"2243\" data-permalink=\"https:\/\/3joursdecherbourg.fr\/?attachment_id=2243\" data-orig-file=\"https:\/\/i0.wp.com\/3joursdecherbourg.fr\/wp-content\/uploads\/2020\/04\/ALA5972.jpg?fit=902%2C703&amp;ssl=1\" data-orig-size=\"902,703\" data-comments-opened=\"1\" data-image-meta=\"{&quot;aperture&quot;:&quot;3.8&quot;,&quot;credit&quot;:&quot;00JEAN BRICE LEMAL&quot;,&quot;camera&quot;:&quot;NIKON D3&quot;,&quot;caption&quot;:&quot;&quot;,&quot;created_timestamp&quot;:&quot;1330689982&quot;,&quot;copyright&quot;:&quot;Jean-Brice LEMAL +33(0)683664150 jeanbrice@gmail.com&quot;,&quot;focal_length&quot;:&quot;27&quot;,&quot;iso&quot;:&quot;4000&quot;,&quot;shutter_speed&quot;:&quot;0.0015625&quot;,&quot;title&quot;:&quot;&quot;,&quot;orientation&quot;:&quot;0&quot;}\" data-image-title=\"_ALA5972\" data-image-description=\"\" data-image-caption=\"\" data-medium-file=\"https:\/\/i0.wp.com\/3joursdecherbourg.fr\/wp-content\/uploads\/2020\/04\/ALA5972.jpg?fit=300%2C234&amp;ssl=1\" data-large-file=\"https:\/\/i0.wp.com\/3joursdecherbourg.fr\/wp-content\/uploads\/2020\/04\/ALA5972.jpg?fit=640%2C499&amp;ssl=1\" class=\"size-medium wp-image-2243 alignright\" src=\"https:\/\/i0.wp.com\/3joursdecherbourg.fr\/wp-content\/uploads\/2020\/04\/ALA5972.jpg?resize=300%2C234&#038;ssl=1\" alt=\"\" width=\"300\" height=\"234\" srcset=\"https:\/\/i0.wp.com\/3joursdecherbourg.fr\/wp-content\/uploads\/2020\/04\/ALA5972.jpg?resize=300%2C234&amp;ssl=1 300w, https:\/\/i0.wp.com\/3joursdecherbourg.fr\/wp-content\/uploads\/2020\/04\/ALA5972.jpg?resize=768%2C599&amp;ssl=1 768w, https:\/\/i0.wp.com\/3joursdecherbourg.fr\/wp-content\/uploads\/2020\/04\/ALA5972.jpg?w=902&amp;ssl=1 902w\" sizes=\"auto, (max-width: 300px) 100vw, 300px\" \/><strong> Yves Lepelletier<\/strong> a \u00e9t\u00e9 pendant des d\u00e9cennies le Pr\u00e9sident du Comit\u00e9 Michel Lair, organisateur de la course cycliste du m\u00eame nom. Cr\u00e9e \u00e0 la fin de la guerre 39\/45 par le comit\u00e9 des f\u00eates d&rsquo;Octeville, la course a pris le nom du Maire de la commune, d\u00e9c\u00e9d\u00e9 en 1947, et le comit\u00e9 qui s&rsquo;est cr\u00e9e a \u00e9t\u00e9 pr\u00e9sid\u00e9 pendant de nombreuses ann\u00e9es par Eug\u00e8ne Poutas. Yves a ensuite pris la Pr\u00e9sidence jusqu&rsquo;\u00e0 la dissolution du Comit\u00e9 Michel Lair en 2016.<\/p>\n<p>\n\n\n\n<\/p>\n<p>La course a continu\u00e9 malgr\u00e9 tout sous l&rsquo;organisation de l&rsquo;Amicale Cycliste de Cherbourg Cotentin.<\/p>\n<p>\n\n\n\n<\/p>\n<p>Yves a donn\u00e9 tout son temps pour l&rsquo;organisation de cette \u00e9preuve et l&rsquo;animation du Comit\u00e9 Cycliste Michel Lair. C&rsquo;est gr\u00e2ce \u00e0 lui qu&rsquo; Octeville est devenu un haut lieu du cyclisme. L&rsquo;arriv\u00e9e de la rue Roger Salengro est connue par des g\u00e9n\u00e9rations de cyclistes de tous niveaux. Avec Liliane son \u00e9pouse, il avait l&rsquo;oeil sur tout, des grandes lignes au moindre d\u00e9tail. Que ce soit pour l&rsquo;\u00e9preuve en elle-m\u00eame ou pour ses \u00e0-cot\u00e9s, le loto annuel, l&rsquo;Assembl\u00e9e g\u00e9n\u00e9rale, la f\u00eate des Rois, les partenaires&#8230; il veillait \u00e0 tout dans un esprit fraternel et chaleureux. Le cyclisme lui doit beaucoup.<\/p>\n<p>\n\n\n\n<\/p>\n<p>L&rsquo;Amicale Cycliste des 3 Jours de Cherbourg adresse \u00e0 Liliane, \u00e0 ses enfants, sa famille et \u00e0 ses proches, ses plus sinc\u00e8res condol\u00e9ances.<\/p>\n<p>\n\n\n<p><\/p>\n\n\n<p><\/p>\n","protected":false},"excerpt":{"rendered":"<p>C&rsquo;est un grand nom du cyclisme qui nous a quitt\u00e9s. Yves Lepelletier a \u00e9t\u00e9 pendant des d\u00e9cennies le Pr\u00e9sident du Comit\u00e9 Michel Lair, organisateur de la course cycliste du m\u00eame nom. Cr\u00e9e \u00e0 la fin de la guerre 39\/45 par &hellip; <a href=\"https:\/\/3joursdecherbourg.fr\/?p=2241\">Continuer la lecture <span class=\"meta-nav\">&rarr;<\/span><\/a><\/p>\n","protected":false},"author":1,"featured_media":0,"comment_status":"open","ping_status":"open","sticky":false,"template":"","format":"standard","meta":{"_jetpack_newsletter_access":"","_jetpack_dont_email_post_to_subs":false,"_jetpack_newsletter_tier_id":0,"_jetpack_memberships_contains_paywalled_content":false,"_jetpack_memberships_contains_paid_content":false,"footnotes":""},"categories":[1],"tags":[],"class_list":["post-2241","post","type-post","status-publish","format-standard","hentry","category-non-classe"],"jetpack_featured_media_url":"","jetpack_shortlink":"https:\/\/wp.me\/p8fpGS-A9","jetpack-related-posts":[{"id":3047,"url":"https:\/\/3joursdecherbourg.fr\/?p=3047","url_meta":{"origin":2241,"position":0},"title":"Assembl\u00e9e G\u00e9n\u00e9rale 2021","author":"admin3809","date":"22 novembre 2021","format":false,"excerpt":"L\u2019Amicale Cycliste des Trois Jours de Cherbourg a tenu son Assembl\u00e9e G\u00e9n\u00e9rale annuelle statutaire ce vendredi 12 novembre 2021, \u00e0 la salle du gymnase Maurice Postaire (Cherbourg-en-Cotentin). \u00a0 Le Pr\u00e9sident, Bernard BERHAULT, a accueilli l\u2019assembl\u00e9e en excusant quelques invit\u00e9s absents. Il a exprim\u00e9 sa satisfaction apr\u00e8s le succ\u00e8s de cette\u2026","rel":"","context":"Dans &quot;Non class\u00e9&quot;","block_context":{"text":"Non class\u00e9","link":"https:\/\/3joursdecherbourg.fr\/?cat=1"},"img":{"alt_text":"","src":"https:\/\/i0.wp.com\/3joursdecherbourg.fr\/wp-content\/uploads\/2021\/11\/IMG_5046.jpg?resize=350%2C200&ssl=1","width":350,"height":200,"srcset":"https:\/\/i0.wp.com\/3joursdecherbourg.fr\/wp-content\/uploads\/2021\/11\/IMG_5046.jpg?resize=350%2C200&ssl=1 1x, https:\/\/i0.wp.com\/3joursdecherbourg.fr\/wp-content\/uploads\/2021\/11\/IMG_5046.jpg?resize=525%2C300&ssl=1 1.5x, https:\/\/i0.wp.com\/3joursdecherbourg.fr\/wp-content\/uploads\/2021\/11\/IMG_5046.jpg?resize=700%2C400&ssl=1 2x, https:\/\/i0.wp.com\/3joursdecherbourg.fr\/wp-content\/uploads\/2021\/11\/IMG_5046.jpg?resize=1050%2C600&ssl=1 3x, https:\/\/i0.wp.com\/3joursdecherbourg.fr\/wp-content\/uploads\/2021\/11\/IMG_5046.jpg?resize=1400%2C800&ssl=1 4x"},"classes":[]},{"id":2128,"url":"https:\/\/3joursdecherbourg.fr\/?p=2128","url_meta":{"origin":2241,"position":1},"title":"Assembl\u00e9e G\u00e9n\u00e9rale 2019","author":"admin3809","date":"4 d\u00e9cembre 2019","format":false,"excerpt":"L'Amicale Cycliste des Trois Jours de Cherbourg a tenu son Assembl\u00e9e G\u00e9n\u00e9rale annuelle statutaire ce vendredi 29 novembre 2019, \u00e0 sa permanence, place Rossel \u00e0 Octeville (Cherbourg-en-Cotentin). Le Pr\u00e9sident, Bernard BERHAULT, a accueilli l'assembl\u00e9e et pr\u00e9sent\u00e9 un rapport moral emprunt de satisfaction apr\u00e8s le succ\u00e8s de l'\u00e9dition 2019 des 3\u2026","rel":"","context":"Dans &quot;Non class\u00e9&quot;","block_context":{"text":"Non class\u00e9","link":"https:\/\/3joursdecherbourg.fr\/?cat=1"},"img":{"alt_text":"","src":"https:\/\/i0.wp.com\/3joursdecherbourg.fr\/wp-content\/uploads\/2019\/12\/DSC_2268-1024x681.jpg?resize=350%2C200","width":350,"height":200,"srcset":"https:\/\/i0.wp.com\/3joursdecherbourg.fr\/wp-content\/uploads\/2019\/12\/DSC_2268-1024x681.jpg?resize=350%2C200 1x, https:\/\/i0.wp.com\/3joursdecherbourg.fr\/wp-content\/uploads\/2019\/12\/DSC_2268-1024x681.jpg?resize=525%2C300 1.5x"},"classes":[]},{"id":3057,"url":"https:\/\/3joursdecherbourg.fr\/?p=3057","url_meta":{"origin":2241,"position":2},"title":"Il nous ont quitt\u00e9s, h\u00e9las!","author":"admin3809","date":"24 d\u00e9cembre 2021","format":false,"excerpt":"En cette fin d'ann\u00e9e, nous d\u00e9plorons la perte de deux personnes qui ont beaucoup compt\u00e9 pour les \"3 jours de Cherbourg\". Philippe HOLE a \u00e9t\u00e9 pendant de nombreuses ann\u00e9es, aves ses amis et coll\u00e8gues chez AXA, le sponsor maillot du meilleur coureur \"espoir\" et bien s\u00fbr le co-assureur de notre\u2026","rel":"","context":"Dans &quot;Non class\u00e9&quot;","block_context":{"text":"Non class\u00e9","link":"https:\/\/3joursdecherbourg.fr\/?cat=1"},"img":{"alt_text":"","src":"https:\/\/i0.wp.com\/3joursdecherbourg.fr\/wp-content\/uploads\/2021\/12\/Philippe-Hole.jpg?resize=350%2C200&ssl=1","width":350,"height":200},"classes":[]},{"id":3037,"url":"https:\/\/3joursdecherbourg.fr\/?p=3037","url_meta":{"origin":2241,"position":3},"title":"Un ch\u00e8que pour \u00ab\u00a0R\u00eaves\u00a0\u00bb Manche","author":"admin3809","date":"31 octobre 2021","format":false,"excerpt":"C'est ce jeudi 28 octobre que\u00a0 notre Amicale Cycliste recevait dans ses locaux l'association \"R\u00eaves\" Manche pour lui remettre le fruit des inscriptions \u00e0 la mont\u00e9e chronom\u00e9tr\u00e9e de la Montagne du Roule le 5 septembre dernier, en marge de la 41\u00e8me \u00e9dition des \"3 Jours de Cherbourg en Cotentin\". Les\u2026","rel":"","context":"Dans &quot;Non class\u00e9&quot;","block_context":{"text":"Non class\u00e9","link":"https:\/\/3joursdecherbourg.fr\/?cat=1"},"img":{"alt_text":"","src":"https:\/\/i0.wp.com\/3joursdecherbourg.fr\/wp-content\/uploads\/2021\/10\/DSCF7669-scaled.jpg?resize=350%2C200&ssl=1","width":350,"height":200,"srcset":"https:\/\/i0.wp.com\/3joursdecherbourg.fr\/wp-content\/uploads\/2021\/10\/DSCF7669-scaled.jpg?resize=350%2C200&ssl=1 1x, https:\/\/i0.wp.com\/3joursdecherbourg.fr\/wp-content\/uploads\/2021\/10\/DSCF7669-scaled.jpg?resize=525%2C300&ssl=1 1.5x, https:\/\/i0.wp.com\/3joursdecherbourg.fr\/wp-content\/uploads\/2021\/10\/DSCF7669-scaled.jpg?resize=700%2C400&ssl=1 2x, https:\/\/i0.wp.com\/3joursdecherbourg.fr\/wp-content\/uploads\/2021\/10\/DSCF7669-scaled.jpg?resize=1050%2C600&ssl=1 3x, https:\/\/i0.wp.com\/3joursdecherbourg.fr\/wp-content\/uploads\/2021\/10\/DSCF7669-scaled.jpg?resize=1400%2C800&ssl=1 4x"},"classes":[]},{"id":2982,"url":"https:\/\/3joursdecherbourg.fr\/?p=2982","url_meta":{"origin":2241,"position":4},"title":"La Montagne du Roule en f\u00eate","author":"admin3809","date":"11 septembre 2021","format":false,"excerpt":"Ce dimanche 5 septembre a \u00e9t\u00e9 l'occasion pour de nombreux adeptes du v\u00e9lo de se retrouver au pied de la Montagne du Roule de Cherbourg-en-Cotentin, pour participer \u00e0 la f\u00eate tout simplement mais aussi pour se mesurer sur la pente, qu'on appelle aussi \"Mont\u00e9e des R\u00e9sistants\".\u00a0 Une \"f\u00eate du v\u00e9lo\"\u2026","rel":"","context":"Dans &quot;Non class\u00e9&quot;","block_context":{"text":"Non class\u00e9","link":"https:\/\/3joursdecherbourg.fr\/?cat=1"},"img":{"alt_text":"","src":"https:\/\/i0.wp.com\/3joursdecherbourg.fr\/wp-content\/uploads\/2021\/09\/IMG_3173-1024x683.jpg?resize=350%2C200&ssl=1","width":350,"height":200,"srcset":"https:\/\/i0.wp.com\/3joursdecherbourg.fr\/wp-content\/uploads\/2021\/09\/IMG_3173-1024x683.jpg?resize=350%2C200&ssl=1 1x, https:\/\/i0.wp.com\/3joursdecherbourg.fr\/wp-content\/uploads\/2021\/09\/IMG_3173-1024x683.jpg?resize=525%2C300&ssl=1 1.5x"},"classes":[]},{"id":3015,"url":"https:\/\/3joursdecherbourg.fr\/?p=3015","url_meta":{"origin":2241,"position":5},"title":"Le cyclisme Normand pleure son ancien Pr\u00e9sident, Jean Claude LECLERC.","author":"admin3809","date":"5 octobre 2021","format":false,"excerpt":"Jean Claude LECLERC s\u2019est \u00e9teint le 4 octobre 2021 \u00e0 l\u2019\u00e2ge de 74 ans. Depuis 18 mois, il luttait contre la maladie. Malgr\u00e9 une combativit\u00e9 hors normes, la maladie a eu raison de lui. Il ne se plaignait jamais et gardait intact l\u2019espoir et l\u2019envie de vivre. Ancien Pr\u00e9sident du\u2026","rel":"","context":"Dans &quot;Non class\u00e9&quot;","block_context":{"text":"Non class\u00e9","link":"https:\/\/3joursdecherbourg.fr\/?cat=1"},"img":{"alt_text":"","src":"https:\/\/i0.wp.com\/3joursdecherbourg.fr\/wp-content\/uploads\/2021\/10\/cid_410A44218D274AEA9B7D5307F261F553%40ClineDaniel-225x300.jpg?resize=350%2C200&ssl=1","width":350,"height":200},"classes":[]}],"jetpack_likes_enabled":false,"jetpack_sharing_enabled":true,"_links":{"self":[{"href":"https:\/\/3joursdecherbourg.fr\/index.php?rest_route=\/wp\/v2\/posts\/2241","targetHints":{"allow":["GET"]}}],"collection":[{"href":"https:\/\/3joursdecherbourg.fr\/index.php?rest_route=\/wp\/v2\/posts"}],"about":[{"href":"https:\/\/3joursdecherbourg.fr\/index.php?rest_route=\/wp\/v2\/types\/post"}],"author":[{"embeddable":true,"href":"https:\/\/3joursdecherbourg.fr\/index.php?rest_route=\/wp\/v2\/users\/1"}],"replies":[{"embeddable":true,"href":"https:\/\/3joursdecherbourg.fr\/index.php?rest_route=%2Fwp%2Fv2%2Fcomments&post=2241"}],"version-history":[{"count":3,"href":"https:\/\/3joursdecherbourg.fr\/index.php?rest_route=\/wp\/v2\/posts\/2241\/revisions"}],"predecessor-version":[{"id":2245,"href":"https:\/\/3joursdecherbourg.fr\/index.php?rest_route=\/wp\/v2\/posts\/2241\/revisions\/2245"}],"wp:attachment":[{"href":"https:\/\/3joursdecherbourg.fr\/index.php?rest_route=%2Fwp%2Fv2%2Fmedia&parent=2241"}],"wp:term":[{"taxonomy":"category","embeddable":true,"href":"https:\/\/3joursdecherbourg.fr\/index.php?rest_route=%2Fwp%2Fv2%2Fcategories&post=2241"},{"taxonomy":"post_tag","embeddable":true,"href":"https:\/\/3joursdecherbourg.fr\/index.php?rest_route=%2Fwp%2Fv2%2Ftags&post=2241"}],"curies":[{"name":"wp","href":"https:\/\/api.w.org\/{rel}","templated":true}]}}