{"id":2248,"date":"2020-05-25T16:43:29","date_gmt":"2020-05-25T14:43:29","guid":{"rendered":"http:\/\/3joursdecherbourg.fr\/?p=2248"},"modified":"2020-05-25T16:51:02","modified_gmt":"2020-05-25T14:51:02","slug":"les-3-jours-2020-annules","status":"publish","type":"post","link":"https:\/\/3joursdecherbourg.fr\/?p=2248","title":{"rendered":"les \u00ab\u00a03 jours\u00a0\u00bb 2020 annul\u00e9s&#8230;"},"content":{"rendered":"<p align=\"justify\"><span style=\"font-size: medium;\">L&rsquo;Amicale Cycliste a pris la douloureuse d\u00e9cision d&rsquo;annuler l&rsquo;\u00e9dition 2020 des \u00ab\u00a03 jours de Cherbourg en Cotentin\u00a0\u00bb.\u00a0<\/span><\/p>\n<p align=\"justify\"><span style=\"font-size: medium;\">Vous en devinez les raisons. <\/span><\/p>\n<p align=\"justify\"><span style=\"font-size: medium;\">Un budget difficile \u00e0 r\u00e9unir : il ne nous a pas sembl\u00e9 opportun de solliciter les partenaires commerciaux, artisans, entreprises qui ont subi de plein fouet dans leur activit\u00e9 la crise sanitaire. Demander une participation financi\u00e8re \u00e0 ceux qui n&rsquo;ont rien pu faire depuis deux mois et se posent mille questions sur leur activit\u00e9 nous semblait tr\u00e8s mal venu!<\/span><\/p>\n<p align=\"justify\"><span style=\"font-size: medium;\">Les collectivit\u00e9s territoriales : mairies, communaut\u00e9 d\u2019agglom\u00e9ration, sont dans l\u2019attente d\u2019\u00e9lections \u00e0 venir, de bureaux municipaux \u00e0 renommer et les discussions avec elles, sur d\u2019\u00e9ventuels compl\u00e9ments financiers, ou sur les organisations techniques et sanitaires, n\u2019auraient pu intervenir qu\u2019en juillet au plus t\u00f4t ! Et ils auront peut-\u00eatre d&rsquo;autres priorit\u00e9s!<\/span><\/p>\n<p align=\"justify\"><span style=\"font-size: medium;\">Les accueils collectifs en h\u00e9bergement et restauration sont pour le moment ferm\u00e9s et devraient avoir en septembre des contraintes sanitaires telles qu\u2019elles restreindront consid\u00e9rablement les possibilit\u00e9s de logement et restauration des \u00e9quipes. Certains coureurs et suiveurs sont en effet log\u00e9s en chambres de quatre ou cinq, avec douches et sanitaires \u00e0 l&rsquo;\u00e9tage. Limiter les chambres \u00e0 deux personnes, douche et sanitaire dans la chambre, nous contraignait \u00e0 doubler les accueils en h\u00f4tel. Impossible budg\u00e9tairement.<\/span><\/p>\n<p align=\"justify\"><span style=\"font-size: medium;\">Les r\u00e8gles de distanciation sociale qui pourraient \u00eatre encore en vigueur d\u00e9but septembre auraient elles aussi un impact certain sur la tenue de l\u2019\u00e9preuve, l\u2019incertitude est totale.<\/span><\/p>\n<p align=\"justify\"><span style=\"font-size: medium;\">Ce n\u2019est pas de gaiet\u00e9\u00a0de c\u0153ur que nous avons pris cette d\u00e9cision. Nous l&rsquo;avons prise maintenant pour que d&rsquo;autres organisations puissent \u00e9ventuellement reprendre les dates lib\u00e9r\u00e9es et ainsi, quand m\u00eame, offrir aux \u00e9quipes la chance de courir. <\/span><\/p>\n<p align=\"justify\"><span style=\"font-size: medium;\">M<\/span><span style=\"font-size: medium;\">ais nous <\/span><span style=\"font-size: medium;\">esp\u00e9rons<\/span><span style=\"font-size: medium;\"> que l\u2019\u00e9dition 2021 n\u2019en sera que meilleure et nous attendons avec impatience de pouvoir y retrouver tous nos\u00a0<\/span><span style=\"font-size: medium;\">partenaires, annonceurs, collectivit\u00e9s ainsi que tous les acteurs de la course: coureurs, suiveurs, signaleurs, arbitres et officiels, motards civils et militaires&#8230;<\/span><\/p>\n<div id=\"attachment_2249\" style=\"width: 290px\" class=\"wp-caption alignleft\"><img data-recalc-dims=\"1\" loading=\"lazy\" decoding=\"async\" aria-describedby=\"caption-attachment-2249\" data-attachment-id=\"2249\" data-permalink=\"https:\/\/3joursdecherbourg.fr\/?attachment_id=2249\" data-orig-file=\"https:\/\/i0.wp.com\/3joursdecherbourg.fr\/wp-content\/uploads\/2020\/05\/IMG_20200513_174256-scaled.jpg?fit=2560%2C1440&amp;ssl=1\" data-orig-size=\"2560,1440\" data-comments-opened=\"1\" data-image-meta=\"{&quot;aperture&quot;:&quot;2.8&quot;,&quot;credit&quot;:&quot;&quot;,&quot;camera&quot;:&quot;T09&quot;,&quot;caption&quot;:&quot;&quot;,&quot;created_timestamp&quot;:&quot;1589391777&quot;,&quot;copyright&quot;:&quot;&quot;,&quot;focal_length&quot;:&quot;3.5&quot;,&quot;iso&quot;:&quot;131&quot;,&quot;shutter_speed&quot;:&quot;0.050004&quot;,&quot;title&quot;:&quot;&quot;,&quot;orientation&quot;:&quot;1&quot;}\" data-image-title=\"IMG_20200513_174256\" data-image-description=\"\" data-image-caption=\"&lt;p&gt;Masques, gel, distance&amp;#8230;&lt;\/p&gt;\n\" data-medium-file=\"https:\/\/i0.wp.com\/3joursdecherbourg.fr\/wp-content\/uploads\/2020\/05\/IMG_20200513_174256-scaled.jpg?fit=300%2C169&amp;ssl=1\" data-large-file=\"https:\/\/i0.wp.com\/3joursdecherbourg.fr\/wp-content\/uploads\/2020\/05\/IMG_20200513_174256-scaled.jpg?fit=640%2C360&amp;ssl=1\" class=\" wp-image-2249\" src=\"https:\/\/i0.wp.com\/3joursdecherbourg.fr\/wp-content\/uploads\/2020\/05\/IMG_20200513_174256.jpg?resize=280%2C158&#038;ssl=1\" alt=\"\" width=\"280\" height=\"158\" srcset=\"https:\/\/i0.wp.com\/3joursdecherbourg.fr\/wp-content\/uploads\/2020\/05\/IMG_20200513_174256-scaled.jpg?resize=300%2C169&amp;ssl=1 300w, https:\/\/i0.wp.com\/3joursdecherbourg.fr\/wp-content\/uploads\/2020\/05\/IMG_20200513_174256-scaled.jpg?resize=1024%2C576&amp;ssl=1 1024w, https:\/\/i0.wp.com\/3joursdecherbourg.fr\/wp-content\/uploads\/2020\/05\/IMG_20200513_174256-scaled.jpg?resize=768%2C432&amp;ssl=1 768w, https:\/\/i0.wp.com\/3joursdecherbourg.fr\/wp-content\/uploads\/2020\/05\/IMG_20200513_174256-scaled.jpg?resize=1536%2C864&amp;ssl=1 1536w, https:\/\/i0.wp.com\/3joursdecherbourg.fr\/wp-content\/uploads\/2020\/05\/IMG_20200513_174256-scaled.jpg?resize=2048%2C1152&amp;ssl=1 2048w, https:\/\/i0.wp.com\/3joursdecherbourg.fr\/wp-content\/uploads\/2020\/05\/IMG_20200513_174256-scaled.jpg?w=1280&amp;ssl=1 1280w, https:\/\/i0.wp.com\/3joursdecherbourg.fr\/wp-content\/uploads\/2020\/05\/IMG_20200513_174256-scaled.jpg?w=1920&amp;ssl=1 1920w\" sizes=\"auto, (max-width: 280px) 100vw, 280px\" \/><p id=\"caption-attachment-2249\" class=\"wp-caption-text\">Masques, gel, distance&#8230;<\/p><\/div>\n<div id=\"attachment_2250\" style=\"width: 293px\" class=\"wp-caption alignright\"><img data-recalc-dims=\"1\" loading=\"lazy\" decoding=\"async\" aria-describedby=\"caption-attachment-2250\" data-attachment-id=\"2250\" data-permalink=\"https:\/\/3joursdecherbourg.fr\/?attachment_id=2250\" data-orig-file=\"https:\/\/i0.wp.com\/3joursdecherbourg.fr\/wp-content\/uploads\/2020\/05\/IMG_20200513_174302-scaled.jpg?fit=2560%2C1440&amp;ssl=1\" data-orig-size=\"2560,1440\" data-comments-opened=\"1\" data-image-meta=\"{&quot;aperture&quot;:&quot;2.8&quot;,&quot;credit&quot;:&quot;&quot;,&quot;camera&quot;:&quot;T09&quot;,&quot;caption&quot;:&quot;&quot;,&quot;created_timestamp&quot;:&quot;1589391783&quot;,&quot;copyright&quot;:&quot;&quot;,&quot;focal_length&quot;:&quot;3.5&quot;,&quot;iso&quot;:&quot;115&quot;,&quot;shutter_speed&quot;:&quot;0.050004&quot;,&quot;title&quot;:&quot;&quot;,&quot;orientation&quot;:&quot;1&quot;}\" data-image-title=\"IMG_20200513_174302\" data-image-description=\"\" data-image-caption=\"\" data-medium-file=\"https:\/\/i0.wp.com\/3joursdecherbourg.fr\/wp-content\/uploads\/2020\/05\/IMG_20200513_174302-scaled.jpg?fit=300%2C169&amp;ssl=1\" data-large-file=\"https:\/\/i0.wp.com\/3joursdecherbourg.fr\/wp-content\/uploads\/2020\/05\/IMG_20200513_174302-scaled.jpg?fit=640%2C360&amp;ssl=1\" class=\"wp-image-2250 \" src=\"https:\/\/i0.wp.com\/3joursdecherbourg.fr\/wp-content\/uploads\/2020\/05\/IMG_20200513_174302.jpg?resize=283%2C160&#038;ssl=1\" alt=\"\" width=\"283\" height=\"160\" srcset=\"https:\/\/i0.wp.com\/3joursdecherbourg.fr\/wp-content\/uploads\/2020\/05\/IMG_20200513_174302-scaled.jpg?resize=300%2C169&amp;ssl=1 300w, https:\/\/i0.wp.com\/3joursdecherbourg.fr\/wp-content\/uploads\/2020\/05\/IMG_20200513_174302-scaled.jpg?resize=1024%2C576&amp;ssl=1 1024w, https:\/\/i0.wp.com\/3joursdecherbourg.fr\/wp-content\/uploads\/2020\/05\/IMG_20200513_174302-scaled.jpg?resize=768%2C432&amp;ssl=1 768w, https:\/\/i0.wp.com\/3joursdecherbourg.fr\/wp-content\/uploads\/2020\/05\/IMG_20200513_174302-scaled.jpg?resize=1536%2C864&amp;ssl=1 1536w, https:\/\/i0.wp.com\/3joursdecherbourg.fr\/wp-content\/uploads\/2020\/05\/IMG_20200513_174302-scaled.jpg?resize=2048%2C1152&amp;ssl=1 2048w, https:\/\/i0.wp.com\/3joursdecherbourg.fr\/wp-content\/uploads\/2020\/05\/IMG_20200513_174302-scaled.jpg?w=1280&amp;ssl=1 1280w, https:\/\/i0.wp.com\/3joursdecherbourg.fr\/wp-content\/uploads\/2020\/05\/IMG_20200513_174302-scaled.jpg?w=1920&amp;ssl=1 1920w\" sizes=\"auto, (max-width: 283px) 100vw, 283px\" \/><p id=\"caption-attachment-2250\" class=\"wp-caption-text\">pas facile de prendre des d\u00e9cisions dans de telles conditions!<\/p><\/div>\n","protected":false},"excerpt":{"rendered":"<p>L&rsquo;Amicale Cycliste a pris la douloureuse d\u00e9cision d&rsquo;annuler l&rsquo;\u00e9dition 2020 des \u00ab\u00a03 jours de Cherbourg en Cotentin\u00a0\u00bb.\u00a0 Vous en devinez les raisons. Un budget difficile \u00e0 r\u00e9unir : il ne nous a pas sembl\u00e9 opportun de solliciter les partenaires commerciaux, &hellip; <a href=\"https:\/\/3joursdecherbourg.fr\/?p=2248\">Continuer la lecture <span class=\"meta-nav\">&rarr;<\/span><\/a><\/p>\n","protected":false},"author":1,"featured_media":0,"comment_status":"open","ping_status":"open","sticky":false,"template":"","format":"standard","meta":{"_jetpack_newsletter_access":"","_jetpack_dont_email_post_to_subs":false,"_jetpack_newsletter_tier_id":0,"_jetpack_memberships_contains_paywalled_content":false,"_jetpack_memberships_contains_paid_content":false,"footnotes":""},"categories":[1],"tags":[],"class_list":["post-2248","post","type-post","status-publish","format-standard","hentry","category-non-classe"],"jetpack_featured_media_url":"","jetpack_shortlink":"https:\/\/wp.me\/p8fpGS-Ag","jetpack-related-posts":[{"id":2961,"url":"https:\/\/3joursdecherbourg.fr\/?p=2961","url_meta":{"origin":2248,"position":0},"title":"Il est l&rsquo;heure de remercier&#8230;","author":"admin3809","date":"7 septembre 2021","format":false,"excerpt":"Oui vraiment un grand MERCI! Au del\u00e0 des bilans sportifs, financiers, administratifs, organisationnels que notre Amicale Cycliste ne manquera pas de faire dans les prochains jours, il nous appartient d'abord de rendre hommage \u00e0 tous ceux qui ont permis cette somptueuse 41\u00e8me \u00e9dition des \"3 jours de Cherbourg en Cotentin\".\u2026","rel":"","context":"Dans &quot;Non class\u00e9&quot;","block_context":{"text":"Non class\u00e9","link":"https:\/\/3joursdecherbourg.fr\/?cat=1"},"img":{"alt_text":"","src":"https:\/\/i0.wp.com\/3joursdecherbourg.fr\/wp-content\/uploads\/2021\/09\/DSC_7595-273x300.jpg?resize=350%2C200&ssl=1","width":350,"height":200},"classes":[]},{"id":3921,"url":"https:\/\/3joursdecherbourg.fr\/?p=3921","url_meta":{"origin":2248,"position":1},"title":"Un grand Merci, pour une grande course:","author":"admin3809","date":"8 septembre 2022","format":false,"excerpt":"Oui vraiment un grand\u00a0MERCI! Au-del\u00e0 des bilans sportifs, financiers, administratifs, organisationnels que notre Amicale Cycliste ne manquera pas de faire dans les prochains jours, il nous appartient d\u2019abord de rendre hommage \u00e0 tous ceux qui ont permis cette somptueuse 42\u00e8me \u00e9dition des \u00ab 3 jours de Cherbourg en Cotentin \u00bb.\u2026","rel":"","context":"Dans &quot;Non class\u00e9&quot;","block_context":{"text":"Non class\u00e9","link":"https:\/\/3joursdecherbourg.fr\/?cat=1"},"img":{"alt_text":"","src":"https:\/\/i0.wp.com\/3joursdecherbourg.fr\/wp-content\/uploads\/2022\/09\/3DSC_4042-223x300.jpg?resize=350%2C200&ssl=1","width":350,"height":200},"classes":[]},{"id":5536,"url":"https:\/\/3joursdecherbourg.fr\/?p=5536","url_meta":{"origin":2248,"position":2},"title":"les \u00ab\u00a03 jours\u00a0\u00bb \u00e0 l&rsquo;heure des remerciements:","author":"admin3809","date":"12 septembre 2025","format":false,"excerpt":"Il ne peut pas y avoir une \"grande\" course cycliste - et nous esp\u00e9rons que ce soit le cas des \"3 jours\" - sans la participation d'un grand nombre d'acteurs. Oui, au del\u00e0 des bilans - sportif, financier, administratif, organisationnel - que notre Amicale Cycliste ne manquera pas de faire\u2026","rel":"","context":"Dans &quot;Non class\u00e9&quot;","block_context":{"text":"Non class\u00e9","link":"https:\/\/3joursdecherbourg.fr\/?cat=1"},"img":{"alt_text":"","src":"https:\/\/i0.wp.com\/3joursdecherbourg.fr\/wp-content\/uploads\/2025\/09\/DSC_5185-300x199.jpg?resize=350%2C200&ssl=1","width":350,"height":200},"classes":[]},{"id":4570,"url":"https:\/\/3joursdecherbourg.fr\/?p=4570","url_meta":{"origin":2248,"position":3},"title":"Une belle \u00e9dition 2023: Merci!","author":"admin3809","date":"10 septembre 2023","format":false,"excerpt":"Oui une belle \u00e9dition. On pouvait craindre, \u00e0 la lecture des \u00e9quipes engag\u00e9es, une course d\u00e9s\u00e9quilibr\u00e9e. Il n'en a rien \u00e9t\u00e9. Les absents ont toujours tort, qu'ils aient pr\u00e9f\u00e9r\u00e9 courir ailleurs, que leurs effectifs aient \u00e9t\u00e9 insuffisants en cette fin de saison, ou, \u00e7a nous a \u00e9t\u00e9 dit, qu'ils trouvent\u2026","rel":"","context":"Dans &quot;Non class\u00e9&quot;","block_context":{"text":"Non class\u00e9","link":"https:\/\/3joursdecherbourg.fr\/?cat=1"},"img":{"alt_text":"","src":"https:\/\/i0.wp.com\/3joursdecherbourg.fr\/wp-content\/uploads\/2023\/09\/IMG_2593-300x200.jpg?resize=350%2C200&ssl=1","width":350,"height":200},"classes":[]},{"id":3546,"url":"https:\/\/3joursdecherbourg.fr\/?p=3546","url_meta":{"origin":2248,"position":4},"title":"Dans une semaine les \u00ab\u00a03 jours\u00a0\u00bb","author":"admin3809","date":"25 ao\u00fbt 2022","format":false,"excerpt":"Que le temps passe vite quand la pr\u00e9paration est en derni\u00e8re ligne droite... Les b\u00e9n\u00e9voles ne ch\u00f4ment pas et sont sur tous les fronts. Ainsi ce jeudi 18 ao\u00fbt \u00e0 la mairie d\u00e9l\u00e9gu\u00e9e de Cherbourg \u00e9taient r\u00e9unis une trentaine de signaleurs, pr\u00eats \u00e0 guider la course et g\u00e9rer au mieux\u2026","rel":"","context":"Dans &quot;Non class\u00e9&quot;","block_context":{"text":"Non class\u00e9","link":"https:\/\/3joursdecherbourg.fr\/?cat=1"},"img":{"alt_text":"","src":"https:\/\/i0.wp.com\/3joursdecherbourg.fr\/wp-content\/uploads\/2022\/08\/IMG_6403-scaled.jpg?resize=350%2C200&ssl=1","width":350,"height":200,"srcset":"https:\/\/i0.wp.com\/3joursdecherbourg.fr\/wp-content\/uploads\/2022\/08\/IMG_6403-scaled.jpg?resize=350%2C200&ssl=1 1x, https:\/\/i0.wp.com\/3joursdecherbourg.fr\/wp-content\/uploads\/2022\/08\/IMG_6403-scaled.jpg?resize=525%2C300&ssl=1 1.5x, https:\/\/i0.wp.com\/3joursdecherbourg.fr\/wp-content\/uploads\/2022\/08\/IMG_6403-scaled.jpg?resize=700%2C400&ssl=1 2x, https:\/\/i0.wp.com\/3joursdecherbourg.fr\/wp-content\/uploads\/2022\/08\/IMG_6403-scaled.jpg?resize=1050%2C600&ssl=1 3x, https:\/\/i0.wp.com\/3joursdecherbourg.fr\/wp-content\/uploads\/2022\/08\/IMG_6403-scaled.jpg?resize=1400%2C800&ssl=1 4x"},"classes":[]},{"id":2235,"url":"https:\/\/3joursdecherbourg.fr\/?p=2235","url_meta":{"origin":2248,"position":5},"title":"L&rsquo;incertitude","author":"admin3809","date":"5 avril 2020","format":false,"excerpt":"Le pays est \u00e0 l'arr\u00eat, ou presque, les sportifs sont au repos. Les soignants, pendant ce temps, triment jour et nuit pour sauver les vies. C'est une situation cauchemardesque qu'il nous faut affronter en essayant malgr\u00e9 tout de garder le moral. Nos pens\u00e9es sportives vont \u00e0 tous les organisateurs qui\u2026","rel":"","context":"Dans &quot;Non class\u00e9&quot;","block_context":{"text":"Non class\u00e9","link":"https:\/\/3joursdecherbourg.fr\/?cat=1"},"img":{"alt_text":"","src":"https:\/\/i0.wp.com\/3joursdecherbourg.fr\/wp-content\/uploads\/2020\/04\/DSC_6165.jpg?resize=350%2C200&ssl=1","width":350,"height":200,"srcset":"https:\/\/i0.wp.com\/3joursdecherbourg.fr\/wp-content\/uploads\/2020\/04\/DSC_6165.jpg?resize=350%2C200&ssl=1 1x, https:\/\/i0.wp.com\/3joursdecherbourg.fr\/wp-content\/uploads\/2020\/04\/DSC_6165.jpg?resize=525%2C300&ssl=1 1.5x, https:\/\/i0.wp.com\/3joursdecherbourg.fr\/wp-content\/uploads\/2020\/04\/DSC_6165.jpg?resize=700%2C400&ssl=1 2x, https:\/\/i0.wp.com\/3joursdecherbourg.fr\/wp-content\/uploads\/2020\/04\/DSC_6165.jpg?resize=1050%2C600&ssl=1 3x, https:\/\/i0.wp.com\/3joursdecherbourg.fr\/wp-content\/uploads\/2020\/04\/DSC_6165.jpg?resize=1400%2C800&ssl=1 4x"},"classes":[]}],"jetpack_likes_enabled":false,"jetpack_sharing_enabled":true,"_links":{"self":[{"href":"https:\/\/3joursdecherbourg.fr\/index.php?rest_route=\/wp\/v2\/posts\/2248","targetHints":{"allow":["GET"]}}],"collection":[{"href":"https:\/\/3joursdecherbourg.fr\/index.php?rest_route=\/wp\/v2\/posts"}],"about":[{"href":"https:\/\/3joursdecherbourg.fr\/index.php?rest_route=\/wp\/v2\/types\/post"}],"author":[{"embeddable":true,"href":"https:\/\/3joursdecherbourg.fr\/index.php?rest_route=\/wp\/v2\/users\/1"}],"replies":[{"embeddable":true,"href":"https:\/\/3joursdecherbourg.fr\/index.php?rest_route=%2Fwp%2Fv2%2Fcomments&post=2248"}],"version-history":[{"count":3,"href":"https:\/\/3joursdecherbourg.fr\/index.php?rest_route=\/wp\/v2\/posts\/2248\/revisions"}],"predecessor-version":[{"id":2254,"href":"https:\/\/3joursdecherbourg.fr\/index.php?rest_route=\/wp\/v2\/posts\/2248\/revisions\/2254"}],"wp:attachment":[{"href":"https:\/\/3joursdecherbourg.fr\/index.php?rest_route=%2Fwp%2Fv2%2Fmedia&parent=2248"}],"wp:term":[{"taxonomy":"category","embeddable":true,"href":"https:\/\/3joursdecherbourg.fr\/index.php?rest_route=%2Fwp%2Fv2%2Fcategories&post=2248"},{"taxonomy":"post_tag","embeddable":true,"href":"https:\/\/3joursdecherbourg.fr\/index.php?rest_route=%2Fwp%2Fv2%2Ftags&post=2248"}],"curies":[{"name":"wp","href":"https:\/\/api.w.org\/{rel}","templated":true}]}}