{"id":3921,"date":"2022-09-08T19:57:40","date_gmt":"2022-09-08T17:57:40","guid":{"rendered":"https:\/\/3joursdecherbourg.fr\/?p=3921"},"modified":"2022-09-09T11:00:01","modified_gmt":"2022-09-09T09:00:01","slug":"un-grand-merci-pour-une-grande-course","status":"publish","type":"post","link":"https:\/\/3joursdecherbourg.fr\/?p=3921","title":{"rendered":"Un grand Merci, pour une grande course:"},"content":{"rendered":"<p>Oui vraiment un grand\u00a0<strong>MERCI<\/strong>!<\/p>\n<p>Au-del\u00e0 des bilans sportifs, financiers, administratifs, organisationnels que notre Amicale Cycliste ne manquera pas de faire dans les prochains jours, il nous appartient d\u2019abord de rendre hommage \u00e0 tous ceux qui ont permis cette somptueuse 42\u00e8me \u00e9dition des \u00ab 3 jours de Cherbourg en Cotentin \u00bb.<\/p>\n<p>Une \u00e9preuve Finale de la Coupe de France des clubs N1 qui a tenu toutes ses promesses.<\/p>\n<ul>\n<li>Les coureurs d\u2019abord, bien s\u00fbr, qui ont assur\u00e9 le spectacle du premier au dernier kilom\u00e8tre.<a href=\"https:\/\/i0.wp.com\/3joursdecherbourg.fr\/wp-content\/uploads\/2022\/09\/3DSC_4042.jpg?ssl=1\"><img data-recalc-dims=\"1\" loading=\"lazy\" decoding=\"async\" data-attachment-id=\"3923\" data-permalink=\"https:\/\/3joursdecherbourg.fr\/?attachment_id=3923\" data-orig-file=\"https:\/\/i0.wp.com\/3joursdecherbourg.fr\/wp-content\/uploads\/2022\/09\/3DSC_4042.jpg?fit=1267%2C1704&amp;ssl=1\" data-orig-size=\"1267,1704\" data-comments-opened=\"1\" data-image-meta=\"{&quot;aperture&quot;:&quot;9&quot;,&quot;credit&quot;:&quot;&quot;,&quot;camera&quot;:&quot;NIKON D50&quot;,&quot;caption&quot;:&quot;&quot;,&quot;created_timestamp&quot;:&quot;1662305233&quot;,&quot;copyright&quot;:&quot;&quot;,&quot;focal_length&quot;:&quot;55&quot;,&quot;iso&quot;:&quot;0&quot;,&quot;shutter_speed&quot;:&quot;0.00625&quot;,&quot;title&quot;:&quot;&quot;,&quot;orientation&quot;:&quot;0&quot;}\" data-image-title=\"3DSC_4042\" data-image-description=\"\" data-image-caption=\"\" data-medium-file=\"https:\/\/i0.wp.com\/3joursdecherbourg.fr\/wp-content\/uploads\/2022\/09\/3DSC_4042.jpg?fit=223%2C300&amp;ssl=1\" data-large-file=\"https:\/\/i0.wp.com\/3joursdecherbourg.fr\/wp-content\/uploads\/2022\/09\/3DSC_4042.jpg?fit=640%2C861&amp;ssl=1\" class=\"alignright size-medium wp-image-3923\" src=\"https:\/\/i0.wp.com\/3joursdecherbourg.fr\/wp-content\/uploads\/2022\/09\/3DSC_4042.jpg?resize=223%2C300&#038;ssl=1\" alt=\"\" width=\"223\" height=\"300\" srcset=\"https:\/\/i0.wp.com\/3joursdecherbourg.fr\/wp-content\/uploads\/2022\/09\/3DSC_4042.jpg?resize=223%2C300&amp;ssl=1 223w, https:\/\/i0.wp.com\/3joursdecherbourg.fr\/wp-content\/uploads\/2022\/09\/3DSC_4042.jpg?resize=761%2C1024&amp;ssl=1 761w, https:\/\/i0.wp.com\/3joursdecherbourg.fr\/wp-content\/uploads\/2022\/09\/3DSC_4042.jpg?resize=768%2C1033&amp;ssl=1 768w, https:\/\/i0.wp.com\/3joursdecherbourg.fr\/wp-content\/uploads\/2022\/09\/3DSC_4042.jpg?resize=1142%2C1536&amp;ssl=1 1142w, https:\/\/i0.wp.com\/3joursdecherbourg.fr\/wp-content\/uploads\/2022\/09\/3DSC_4042.jpg?w=1267&amp;ssl=1 1267w\" sizes=\"auto, (max-width: 223px) 100vw, 223px\" \/><\/a> Un dernier kilom\u00e8tre tellement symbolique des \u00ab3 jours\u00bb avec sa Montagne du Roule noire de monde. Merci donc \u00e0 tous les coureurs, du premier Matteo VERCHER, un champion de France qui a honor\u00e9 le maillot tricolore de la plus belle des fa\u00e7ons et qui r\u00e9hausse par sa victoire le prestige de notre \u00e9preuve, au dernier, Axel JUNIQUE, jeune espoir qui ne demande qu&rsquo;\u00e0 progresser. Chacun a donn\u00e9 le meilleur de lui-m\u00eame pour la beaut\u00e9 et le plaisir d\u2019un sport qui nous est cher.<\/li>\n<li>Le sprint massif, spectaculaire, de Port-Bail-sur-Mer a ravi tous les fans de v\u00e9lo et la victoire d&rsquo;un espoir am\u00e9ricain,\u00a0 Lucas BOURGOYNE, a apport\u00e9 une touche d&rsquo;exotisme inattendue. A Octeville, quoi de plus prestigieux que la victoire d&rsquo;\u00e9tape du maillot tricolore Matteo VERCHER. Pour la Butte Octevillaise, th\u00e9\u00e2tre de tant d&rsquo;arriv\u00e9es des \u00ab\u00a03 jours\u00a0\u00bb ou du \u00ab\u00a0Michel Lair\u00a0\u00bb, quelle apoth\u00e9ose! Quant \u00e0 la Montagne du Roule elle a eu droit, sous les applaudissements d&rsquo;un public enthousiaste, \u00e0 la victoire de prestige de Brieuc ROLLAND, parti seul depuis la terrible rue des Hautes Terres, pour sceller sur ces \u00ab\u00a03 jours\u00a0\u00bb la domination sans partage de l&rsquo;\u00e9quipe Vend\u00e9e U Pays de la Loire. Nous n\u2019oublierons pas leurs accompagnateurs et dirigeants qui ont su appr\u00e9cier et respecter l\u2019accueil qui leur a \u00e9t\u00e9 fait.<\/li>\n<li><a href=\"https:\/\/i0.wp.com\/3joursdecherbourg.fr\/wp-content\/uploads\/2022\/09\/DSC_3987.jpg?ssl=1\"><img data-recalc-dims=\"1\" loading=\"lazy\" decoding=\"async\" data-attachment-id=\"3925\" data-permalink=\"https:\/\/3joursdecherbourg.fr\/?attachment_id=3925\" data-orig-file=\"https:\/\/i0.wp.com\/3joursdecherbourg.fr\/wp-content\/uploads\/2022\/09\/DSC_3987.jpg?fit=2256%2C1496&amp;ssl=1\" data-orig-size=\"2256,1496\" data-comments-opened=\"1\" data-image-meta=\"{&quot;aperture&quot;:&quot;10&quot;,&quot;credit&quot;:&quot;&quot;,&quot;camera&quot;:&quot;NIKON D50&quot;,&quot;caption&quot;:&quot;&quot;,&quot;created_timestamp&quot;:&quot;1662301581&quot;,&quot;copyright&quot;:&quot;&quot;,&quot;focal_length&quot;:&quot;70&quot;,&quot;iso&quot;:&quot;0&quot;,&quot;shutter_speed&quot;:&quot;0.004&quot;,&quot;title&quot;:&quot;&quot;,&quot;orientation&quot;:&quot;1&quot;}\" data-image-title=\"DSC_3987\" data-image-description=\"\" data-image-caption=\"\" data-medium-file=\"https:\/\/i0.wp.com\/3joursdecherbourg.fr\/wp-content\/uploads\/2022\/09\/DSC_3987.jpg?fit=300%2C199&amp;ssl=1\" data-large-file=\"https:\/\/i0.wp.com\/3joursdecherbourg.fr\/wp-content\/uploads\/2022\/09\/DSC_3987.jpg?fit=640%2C424&amp;ssl=1\" class=\"alignleft size-medium wp-image-3925\" src=\"https:\/\/i0.wp.com\/3joursdecherbourg.fr\/wp-content\/uploads\/2022\/09\/DSC_3987.jpg?resize=300%2C199&#038;ssl=1\" alt=\"\" width=\"300\" height=\"199\" srcset=\"https:\/\/i0.wp.com\/3joursdecherbourg.fr\/wp-content\/uploads\/2022\/09\/DSC_3987.jpg?resize=300%2C199&amp;ssl=1 300w, https:\/\/i0.wp.com\/3joursdecherbourg.fr\/wp-content\/uploads\/2022\/09\/DSC_3987.jpg?resize=1024%2C679&amp;ssl=1 1024w, https:\/\/i0.wp.com\/3joursdecherbourg.fr\/wp-content\/uploads\/2022\/09\/DSC_3987.jpg?resize=768%2C509&amp;ssl=1 768w, https:\/\/i0.wp.com\/3joursdecherbourg.fr\/wp-content\/uploads\/2022\/09\/DSC_3987.jpg?resize=1536%2C1019&amp;ssl=1 1536w, https:\/\/i0.wp.com\/3joursdecherbourg.fr\/wp-content\/uploads\/2022\/09\/DSC_3987.jpg?resize=2048%2C1358&amp;ssl=1 2048w, https:\/\/i0.wp.com\/3joursdecherbourg.fr\/wp-content\/uploads\/2022\/09\/DSC_3987.jpg?w=1280&amp;ssl=1 1280w, https:\/\/i0.wp.com\/3joursdecherbourg.fr\/wp-content\/uploads\/2022\/09\/DSC_3987.jpg?w=1920&amp;ssl=1 1920w\" sizes=\"auto, (max-width: 300px) 100vw, 300px\" \/><\/a>Merci aussi aux nombreux spectateurs qui ont applaudi les coureurs tout au long de ces 460 km sur les routes du Cotentin. Nous avons pu remarquer tous ceux et celles qui ont pris quelques minutes pour sortir sur leur pas de porte, \u00e0 leur barri\u00e8re, au bout du chemin pour venir manifester leurs encouragements. Beaucoup de monde aux arriv\u00e9es aussi:\u00a0 \u00e0 Port-Bail-sur-Mer, \u00e0 Octeville, \u00e0 la Montagne du Roule ou aux bords des routes vous avez \u00e9t\u00e9 des milliers\u00a0 sur ces 3 journ\u00e9es ensoleill\u00e9es \u00e0 b\u00e9n\u00e9ficier et \u00e0 appr\u00e9cier le spectacle.<\/li>\n<li>Comment ne pas saluer une fois de plus l\u2019engagement des collectivit\u00e9s territoriales aupr\u00e8s de nous. La ville de Cherbourg-en-Cotentin en premier bien s\u00fbr, qui, au-del\u00e0 de la subvention essentielle au budget de l\u2019\u00e9preuve, se d\u00e9m\u00e8ne sans compter avec ses \u00e9lus et ses personnels pour la r\u00e9ussite de l\u2019organisation. La commune de Port-Bail-sur-Mer aussi qui s\u2019est mobilis\u00e9e pour devenir la premi\u00e8re \u00e0 recevoir une arriv\u00e9e d\u2019\u00e9tape \u00ab hors les murs \u00bb et qui (\u00e0 regret?) a transmis le flambeau \u00e0 Bricquebec pour les 2 ann\u00e9es \u00e0 venir! La Communaut\u00e9 de Communes Le Cotentin, le D\u00e9partement de la Manche, la R\u00e9gion Normandie, les commune de La Hague, Sottevast, Surtainville, le Vast, Le Rozel, Varouville, Montfarville, Le Mesnil et d&rsquo;autres, qui, par des financements ou des b\u00e9n\u00e9voles sont indispensables \u00e0 notre organisation.<\/li>\n<li>Remerciements aussi aux administrations avec qui nous avons pr\u00e9par\u00e9 cette \u00e9preuve: la Pr\u00e9fecture de la Manche et la sous-Pr\u00e9fecture de Cherbourg,\u00a0 sans oublier la Gendarmerie Nationale dont les quatre motards et les brigades territoriales ont assur\u00e9 un r\u00f4le essentiel \u00e0 la s\u00e9curit\u00e9 des coureurs, avec la Police Nationale sur le territoire de Cherbourg-en-Cotentin.<\/li>\n<li>Les partenaires priv\u00e9s sont aussi des rouages indispensables \u00e0 notre organisation, tant par les moyens mat\u00e9riels qu\u2019ils mettent \u00e0 notre disposition que par leur apport financier. Merci aux partenaires \u00ab maillot \u00bb Peugeot Groupe Mary, Axa Assurances, Poulain Distribution, La Presse de la Manche ainsi que le Cr\u00e9dit Mutuel et le Restaurant-Pizz\u00e9ria le Moulin pour les casquette jaunes. Les H\u00f4tels Ibis, Campanile, Brit H\u00f4tel et Shelder, l\u2019Auberge de Jeunesse, les centres d\u2019accueil de Collignon et de l&rsquo;Autre Lieu, le FJT Espace-Temps ont tous \u00e9t\u00e9 tr\u00e8s appr\u00e9ci\u00e9s par les \u00e9quipes. Sans oublier\u00a0 tous les autres \u00ab annonceurs \u00bb petits et grands, tous indispensables. Sachons, autant que possible, leur renvoyer la balle! Nous n\u2019oublierons pas le groupe de m\u00e9c\u00e8nes qui ont permis avec discr\u00e9tion d\u2019honorer, cette ann\u00e9e encore, la m\u00e9moire de notre ami regrett\u00e9 Paul Mabire.<\/li>\n<li>Merci enfin \u00e0 nos amis du cyclisme qui \u0153uvrent b\u00e9n\u00e9volement pour nous donner la main: l\u2019AS Tourlaville, l\u2019ASS Urville-Nacqueville, L\u2019AC Cherbourg-en-Cotentin, la Valognaise Cyclisme, le VC Les Pieux, l\u2019EC Montebourg, l\u2019AG La Haye-du-Puits, UC Bricquebec, Cyclo-Cross en Cotentin. Ainsi qu\u2019\u00e0 ceux qui sont nos prestataires pour la s\u00e9curit\u00e9, l\u2019animation, les secours, l\u2019h\u00e9bergement et les repas, sans oublier les arbitres et officiels.<\/li>\n<li>Enfin \u00e0 grand merci \u00e0 tous ceux et celles qui ont accept\u00e9 de se positionner dans un<a href=\"https:\/\/i0.wp.com\/3joursdecherbourg.fr\/wp-content\/uploads\/2022\/09\/3DSC_4310-scaled.jpg?ssl=1\"><img data-recalc-dims=\"1\" loading=\"lazy\" decoding=\"async\" data-attachment-id=\"3926\" data-permalink=\"https:\/\/3joursdecherbourg.fr\/?attachment_id=3926\" data-orig-file=\"https:\/\/i0.wp.com\/3joursdecherbourg.fr\/wp-content\/uploads\/2022\/09\/3DSC_4310-scaled.jpg?fit=1936%2C2560&amp;ssl=1\" data-orig-size=\"1936,2560\" data-comments-opened=\"1\" data-image-meta=\"{&quot;aperture&quot;:&quot;5&quot;,&quot;credit&quot;:&quot;&quot;,&quot;camera&quot;:&quot;NIKON D3X&quot;,&quot;caption&quot;:&quot;???????????????&quot;,&quot;created_timestamp&quot;:&quot;1662213611&quot;,&quot;copyright&quot;:&quot;&quot;,&quot;focal_length&quot;:&quot;112&quot;,&quot;iso&quot;:&quot;500&quot;,&quot;shutter_speed&quot;:&quot;0.0004&quot;,&quot;title&quot;:&quot;&quot;,&quot;orientation&quot;:&quot;0&quot;}\" data-image-title=\"3DSC_4310\" data-image-description=\"\" data-image-caption=\"\" data-medium-file=\"https:\/\/i0.wp.com\/3joursdecherbourg.fr\/wp-content\/uploads\/2022\/09\/3DSC_4310-scaled.jpg?fit=227%2C300&amp;ssl=1\" data-large-file=\"https:\/\/i0.wp.com\/3joursdecherbourg.fr\/wp-content\/uploads\/2022\/09\/3DSC_4310-scaled.jpg?fit=640%2C846&amp;ssl=1\" class=\"alignright size-medium wp-image-3926\" src=\"https:\/\/i0.wp.com\/3joursdecherbourg.fr\/wp-content\/uploads\/2022\/09\/3DSC_4310.jpg?resize=227%2C300&#038;ssl=1\" alt=\"\" width=\"227\" height=\"300\" srcset=\"https:\/\/i0.wp.com\/3joursdecherbourg.fr\/wp-content\/uploads\/2022\/09\/3DSC_4310-scaled.jpg?resize=227%2C300&amp;ssl=1 227w, https:\/\/i0.wp.com\/3joursdecherbourg.fr\/wp-content\/uploads\/2022\/09\/3DSC_4310-scaled.jpg?resize=775%2C1024&amp;ssl=1 775w, https:\/\/i0.wp.com\/3joursdecherbourg.fr\/wp-content\/uploads\/2022\/09\/3DSC_4310-scaled.jpg?resize=768%2C1015&amp;ssl=1 768w, https:\/\/i0.wp.com\/3joursdecherbourg.fr\/wp-content\/uploads\/2022\/09\/3DSC_4310-scaled.jpg?resize=1162%2C1536&amp;ssl=1 1162w, https:\/\/i0.wp.com\/3joursdecherbourg.fr\/wp-content\/uploads\/2022\/09\/3DSC_4310-scaled.jpg?resize=1549%2C2048&amp;ssl=1 1549w, https:\/\/i0.wp.com\/3joursdecherbourg.fr\/wp-content\/uploads\/2022\/09\/3DSC_4310-scaled.jpg?w=1936&amp;ssl=1 1936w, https:\/\/i0.wp.com\/3joursdecherbourg.fr\/wp-content\/uploads\/2022\/09\/3DSC_4310-scaled.jpg?w=1280&amp;ssl=1 1280w\" sizes=\"auto, (max-width: 227px) 100vw, 227px\" \/><\/a> carrefour ou sur un rond-point pour signaler et s\u00e9curiser le passage de la course. \u00c7a n\u2019a pas \u00e9t\u00e9 facile encore cette ann\u00e9e mais beaucoup ont d\u00e9j\u00e0 pris date pour l\u2019an prochain. Vraiment merci.<\/li>\n<\/ul>\n<p>Et avec notre invit\u00e9 d&rsquo;honneur, Fr\u00e9d\u00e9ric LECROSNIER, que nous avons eu le plaisir de recevoir pendant ces trois journ\u00e9es, nous pouvons dire maintenant: vive les \u00ab 3 jours de Cherbourg en Cotentin 2023&Prime; et \u00e0 l&rsquo;ann\u00e9e prochaine!<\/p>\n","protected":false},"excerpt":{"rendered":"<p>Oui vraiment un grand\u00a0MERCI! Au-del\u00e0 des bilans sportifs, financiers, administratifs, organisationnels que notre Amicale Cycliste ne manquera pas de faire dans les prochains jours, il nous appartient d\u2019abord de rendre hommage \u00e0 tous ceux qui ont permis cette somptueuse 42\u00e8me &hellip; <a href=\"https:\/\/3joursdecherbourg.fr\/?p=3921\">Continuer la lecture <span class=\"meta-nav\">&rarr;<\/span><\/a><\/p>\n","protected":false},"author":1,"featured_media":0,"comment_status":"open","ping_status":"open","sticky":false,"template":"","format":"standard","meta":{"_jetpack_newsletter_access":"","_jetpack_dont_email_post_to_subs":false,"_jetpack_newsletter_tier_id":0,"_jetpack_memberships_contains_paywalled_content":false,"_jetpack_memberships_contains_paid_content":false,"footnotes":""},"categories":[1],"tags":[],"class_list":["post-3921","post","type-post","status-publish","format-standard","hentry","category-non-classe"],"jetpack_featured_media_url":"","jetpack_shortlink":"https:\/\/wp.me\/p8fpGS-11f","jetpack-related-posts":[{"id":2961,"url":"https:\/\/3joursdecherbourg.fr\/?p=2961","url_meta":{"origin":3921,"position":0},"title":"Il est l&rsquo;heure de remercier&#8230;","author":"admin3809","date":"7 septembre 2021","format":false,"excerpt":"Oui vraiment un grand MERCI! Au del\u00e0 des bilans sportifs, financiers, administratifs, organisationnels que notre Amicale Cycliste ne manquera pas de faire dans les prochains jours, il nous appartient d'abord de rendre hommage \u00e0 tous ceux qui ont permis cette somptueuse 41\u00e8me \u00e9dition des \"3 jours de Cherbourg en Cotentin\".\u2026","rel":"","context":"Dans &quot;Non class\u00e9&quot;","block_context":{"text":"Non class\u00e9","link":"https:\/\/3joursdecherbourg.fr\/?cat=1"},"img":{"alt_text":"","src":"https:\/\/i0.wp.com\/3joursdecherbourg.fr\/wp-content\/uploads\/2021\/09\/DSC_7595-273x300.jpg?resize=350%2C200&ssl=1","width":350,"height":200},"classes":[]},{"id":5536,"url":"https:\/\/3joursdecherbourg.fr\/?p=5536","url_meta":{"origin":3921,"position":1},"title":"les \u00ab\u00a03 jours\u00a0\u00bb \u00e0 l&rsquo;heure des remerciements:","author":"admin3809","date":"12 septembre 2025","format":false,"excerpt":"Il ne peut pas y avoir une \"grande\" course cycliste - et nous esp\u00e9rons que ce soit le cas des \"3 jours\" - sans la participation d'un grand nombre d'acteurs. Oui, au del\u00e0 des bilans - sportif, financier, administratif, organisationnel - que notre Amicale Cycliste ne manquera pas de faire\u2026","rel":"","context":"Dans &quot;Non class\u00e9&quot;","block_context":{"text":"Non class\u00e9","link":"https:\/\/3joursdecherbourg.fr\/?cat=1"},"img":{"alt_text":"","src":"https:\/\/i0.wp.com\/3joursdecherbourg.fr\/wp-content\/uploads\/2025\/09\/DSC_5185-300x199.jpg?resize=350%2C200&ssl=1","width":350,"height":200},"classes":[]},{"id":4570,"url":"https:\/\/3joursdecherbourg.fr\/?p=4570","url_meta":{"origin":3921,"position":2},"title":"Une belle \u00e9dition 2023: Merci!","author":"admin3809","date":"10 septembre 2023","format":false,"excerpt":"Oui une belle \u00e9dition. On pouvait craindre, \u00e0 la lecture des \u00e9quipes engag\u00e9es, une course d\u00e9s\u00e9quilibr\u00e9e. Il n'en a rien \u00e9t\u00e9. Les absents ont toujours tort, qu'ils aient pr\u00e9f\u00e9r\u00e9 courir ailleurs, que leurs effectifs aient \u00e9t\u00e9 insuffisants en cette fin de saison, ou, \u00e7a nous a \u00e9t\u00e9 dit, qu'ils trouvent\u2026","rel":"","context":"Dans &quot;Non class\u00e9&quot;","block_context":{"text":"Non class\u00e9","link":"https:\/\/3joursdecherbourg.fr\/?cat=1"},"img":{"alt_text":"","src":"https:\/\/i0.wp.com\/3joursdecherbourg.fr\/wp-content\/uploads\/2023\/09\/IMG_2593-300x200.jpg?resize=350%2C200&ssl=1","width":350,"height":200},"classes":[]},{"id":1973,"url":"https:\/\/3joursdecherbourg.fr\/?p=1973","url_meta":{"origin":3921,"position":3},"title":"Une belle course: un grand merci!","author":"admin3809","date":"11 septembre 2019","format":false,"excerpt":"Au lendemain d'une si belle \u00e9preuve que furent les \"3 jours de Cherbourg en Cotentin\" 2019, pour la 40\u00e8me \u00e9dition de cette course cycliste \u00e9lite nationale par \u00e9tapes, tous nos remerciements vont \u00e0 tous ceux qui ont contribu\u00e9 \u00e0 ce succ\u00e8s. Les coureurs bien s\u00fbr qui par leur engagement, leur\u2026","rel":"","context":"Dans &quot;Non class\u00e9&quot;","block_context":{"text":"Non class\u00e9","link":"https:\/\/3joursdecherbourg.fr\/?cat=1"},"img":{"alt_text":"","src":"https:\/\/i0.wp.com\/3joursdecherbourg.fr\/wp-content\/uploads\/2019\/09\/DSC_6097-300x197.jpg?resize=350%2C200","width":350,"height":200},"classes":[]},{"id":3047,"url":"https:\/\/3joursdecherbourg.fr\/?p=3047","url_meta":{"origin":3921,"position":4},"title":"Assembl\u00e9e G\u00e9n\u00e9rale 2021","author":"admin3809","date":"22 novembre 2021","format":false,"excerpt":"L\u2019Amicale Cycliste des Trois Jours de Cherbourg a tenu son Assembl\u00e9e G\u00e9n\u00e9rale annuelle statutaire ce vendredi 12 novembre 2021, \u00e0 la salle du gymnase Maurice Postaire (Cherbourg-en-Cotentin). \u00a0 Le Pr\u00e9sident, Bernard BERHAULT, a accueilli l\u2019assembl\u00e9e en excusant quelques invit\u00e9s absents. Il a exprim\u00e9 sa satisfaction apr\u00e8s le succ\u00e8s de cette\u2026","rel":"","context":"Dans &quot;Non class\u00e9&quot;","block_context":{"text":"Non class\u00e9","link":"https:\/\/3joursdecherbourg.fr\/?cat=1"},"img":{"alt_text":"","src":"https:\/\/i0.wp.com\/3joursdecherbourg.fr\/wp-content\/uploads\/2021\/11\/IMG_5046.jpg?resize=350%2C200&ssl=1","width":350,"height":200,"srcset":"https:\/\/i0.wp.com\/3joursdecherbourg.fr\/wp-content\/uploads\/2021\/11\/IMG_5046.jpg?resize=350%2C200&ssl=1 1x, https:\/\/i0.wp.com\/3joursdecherbourg.fr\/wp-content\/uploads\/2021\/11\/IMG_5046.jpg?resize=525%2C300&ssl=1 1.5x, https:\/\/i0.wp.com\/3joursdecherbourg.fr\/wp-content\/uploads\/2021\/11\/IMG_5046.jpg?resize=700%2C400&ssl=1 2x, https:\/\/i0.wp.com\/3joursdecherbourg.fr\/wp-content\/uploads\/2021\/11\/IMG_5046.jpg?resize=1050%2C600&ssl=1 3x, https:\/\/i0.wp.com\/3joursdecherbourg.fr\/wp-content\/uploads\/2021\/11\/IMG_5046.jpg?resize=1400%2C800&ssl=1 4x"},"classes":[]},{"id":630,"url":"https:\/\/3joursdecherbourg.fr\/?p=630","url_meta":{"origin":3921,"position":5},"title":"Le derni\u00e8re ligne droite","author":"admin3809","date":"29 ao\u00fbt 2017","format":false,"excerpt":"Nous y sommes: vendredi sera donn\u00e9 le d\u00e9part de la 38\u00e8me \u00e9dition des 3 Jours de Cherbourg. C'est, pour nous organisateurs, la derni\u00e8re ligne droite. Les dossiers sont (presque) pr\u00eats, les circuits sont (presque) fl\u00e9ch\u00e9s. Les \u00e9quipes sont inscrites, les coureurs sont affut\u00e9s, les h\u00e9bergements attendent, les suiveurs piaffent d'impatience...\u2026","rel":"","context":"Dans &quot;Non class\u00e9&quot;","block_context":{"text":"Non class\u00e9","link":"https:\/\/3joursdecherbourg.fr\/?cat=1"},"img":{"alt_text":"","src":"https:\/\/i0.wp.com\/3joursdecherbourg.fr\/wp-content\/uploads\/2017\/08\/LES-3-JOURS-2017-015-1-1024x480.jpg?resize=350%2C200","width":350,"height":200,"srcset":"https:\/\/i0.wp.com\/3joursdecherbourg.fr\/wp-content\/uploads\/2017\/08\/LES-3-JOURS-2017-015-1-1024x480.jpg?resize=350%2C200 1x, https:\/\/i0.wp.com\/3joursdecherbourg.fr\/wp-content\/uploads\/2017\/08\/LES-3-JOURS-2017-015-1-1024x480.jpg?resize=525%2C300 1.5x"},"classes":[]}],"jetpack_likes_enabled":false,"jetpack_sharing_enabled":true,"_links":{"self":[{"href":"https:\/\/3joursdecherbourg.fr\/index.php?rest_route=\/wp\/v2\/posts\/3921","targetHints":{"allow":["GET"]}}],"collection":[{"href":"https:\/\/3joursdecherbourg.fr\/index.php?rest_route=\/wp\/v2\/posts"}],"about":[{"href":"https:\/\/3joursdecherbourg.fr\/index.php?rest_route=\/wp\/v2\/types\/post"}],"author":[{"embeddable":true,"href":"https:\/\/3joursdecherbourg.fr\/index.php?rest_route=\/wp\/v2\/users\/1"}],"replies":[{"embeddable":true,"href":"https:\/\/3joursdecherbourg.fr\/index.php?rest_route=%2Fwp%2Fv2%2Fcomments&post=3921"}],"version-history":[{"count":4,"href":"https:\/\/3joursdecherbourg.fr\/index.php?rest_route=\/wp\/v2\/posts\/3921\/revisions"}],"predecessor-version":[{"id":3946,"href":"https:\/\/3joursdecherbourg.fr\/index.php?rest_route=\/wp\/v2\/posts\/3921\/revisions\/3946"}],"wp:attachment":[{"href":"https:\/\/3joursdecherbourg.fr\/index.php?rest_route=%2Fwp%2Fv2%2Fmedia&parent=3921"}],"wp:term":[{"taxonomy":"category","embeddable":true,"href":"https:\/\/3joursdecherbourg.fr\/index.php?rest_route=%2Fwp%2Fv2%2Fcategories&post=3921"},{"taxonomy":"post_tag","embeddable":true,"href":"https:\/\/3joursdecherbourg.fr\/index.php?rest_route=%2Fwp%2Fv2%2Ftags&post=3921"}],"curies":[{"name":"wp","href":"https:\/\/api.w.org\/{rel}","templated":true}]}}