{"id":4158,"date":"2023-07-05T17:03:31","date_gmt":"2023-07-05T15:03:31","guid":{"rendered":"https:\/\/3joursdecherbourg.fr\/?p=4158"},"modified":"2023-07-05T17:03:33","modified_gmt":"2023-07-05T15:03:33","slug":"les-equipes-se-precisent","status":"publish","type":"post","link":"https:\/\/3joursdecherbourg.fr\/?p=4158","title":{"rendered":"Les \u00e9quipes se pr\u00e9cisent"},"content":{"rendered":"<p>A moins de 2 mois du d\u00e9part, la liste des \u00e9quipes se pr\u00e9cise. Plusieurs d\u00e9fections sont intervenues du fait des difficult\u00e9s financi\u00e8res ou d&rsquo;effectifs. Dommage! Avec 22 \u00e9quipes, soit 110 coureurs, l&rsquo;\u00e9preuve n&rsquo;en sera pas moins belle.<\/p>\n<p>10 \u00e9quipes N1, 5 N2, 5 N3 et 2 \u00e9trang\u00e8res, une fois de plus le plus haut niveau de cyclisme amateur en France sera propos\u00e9 aux nombreux spectateurs du Cotentin.<\/p>\n<p>Bien s\u00fbr, les candidatures sont encore possible dans les jours et semaines qui viennent.<\/p>\n<p><a href=\"https:\/\/3joursdecherbourg.fr\/?page_id=4118\">Les \u00e9quipes<\/a><\/p>\n","protected":false},"excerpt":{"rendered":"<p>A moins de 2 mois du d\u00e9part, la liste des \u00e9quipes se pr\u00e9cise. Plusieurs d\u00e9fections sont intervenues du fait des difficult\u00e9s financi\u00e8res ou d&rsquo;effectifs. Dommage! Avec 22 \u00e9quipes, soit 110 coureurs, l&rsquo;\u00e9preuve n&rsquo;en sera pas moins belle. 10 \u00e9quipes N1, &hellip; <a href=\"https:\/\/3joursdecherbourg.fr\/?p=4158\">Continuer la lecture <span class=\"meta-nav\">&rarr;<\/span><\/a><\/p>\n","protected":false},"author":1,"featured_media":0,"comment_status":"open","ping_status":"open","sticky":false,"template":"","format":"standard","meta":{"_jetpack_newsletter_access":"","_jetpack_dont_email_post_to_subs":false,"_jetpack_newsletter_tier_id":0,"_jetpack_memberships_contains_paywalled_content":false,"_jetpack_memberships_contains_paid_content":false,"footnotes":""},"categories":[1],"tags":[],"class_list":["post-4158","post","type-post","status-publish","format-standard","hentry","category-non-classe"],"jetpack_featured_media_url":"","jetpack_shortlink":"https:\/\/wp.me\/p8fpGS-154","jetpack-related-posts":[{"id":630,"url":"https:\/\/3joursdecherbourg.fr\/?p=630","url_meta":{"origin":4158,"position":0},"title":"Le derni\u00e8re ligne droite","author":"admin3809","date":"29 ao\u00fbt 2017","format":false,"excerpt":"Nous y sommes: vendredi sera donn\u00e9 le d\u00e9part de la 38\u00e8me \u00e9dition des 3 Jours de Cherbourg. C'est, pour nous organisateurs, la derni\u00e8re ligne droite. Les dossiers sont (presque) pr\u00eats, les circuits sont (presque) fl\u00e9ch\u00e9s. Les \u00e9quipes sont inscrites, les coureurs sont affut\u00e9s, les h\u00e9bergements attendent, les suiveurs piaffent d'impatience...\u2026","rel":"","context":"Dans &quot;Non class\u00e9&quot;","block_context":{"text":"Non class\u00e9","link":"https:\/\/3joursdecherbourg.fr\/?cat=1"},"img":{"alt_text":"","src":"https:\/\/i0.wp.com\/3joursdecherbourg.fr\/wp-content\/uploads\/2017\/08\/LES-3-JOURS-2017-015-1-1024x480.jpg?resize=350%2C200","width":350,"height":200,"srcset":"https:\/\/i0.wp.com\/3joursdecherbourg.fr\/wp-content\/uploads\/2017\/08\/LES-3-JOURS-2017-015-1-1024x480.jpg?resize=350%2C200 1x, https:\/\/i0.wp.com\/3joursdecherbourg.fr\/wp-content\/uploads\/2017\/08\/LES-3-JOURS-2017-015-1-1024x480.jpg?resize=525%2C300 1.5x"},"classes":[]},{"id":4646,"url":"https:\/\/3joursdecherbourg.fr\/?p=4646","url_meta":{"origin":4158,"position":1},"title":"Les \u00e9quipes&#8230;","author":"admin3809","date":"6 juillet 2024","format":false,"excerpt":"A quelques semaines des \"3 jours\", le plateau commence \u00e0 se pr\u00e9ciser. 10 \u00e9quipes de N1, parmi lesquelles le Team Bricquebec Cotentin, local de l'\u00e9preuve, aura \u00e0 coeur de briller sur ses terres. 6 \u00e9quipes N2, dont Moyon et Torigni. 9 \u00e9quipes de N3, dont Avranches 2 \u00e9quipes \u00e9trang\u00e8res habitu\u00e9es\u2026","rel":"","context":"Dans &quot;Non class\u00e9&quot;","block_context":{"text":"Non class\u00e9","link":"https:\/\/3joursdecherbourg.fr\/?cat=1"},"img":{"alt_text":"","src":"","width":0,"height":0},"classes":[]},{"id":2235,"url":"https:\/\/3joursdecherbourg.fr\/?p=2235","url_meta":{"origin":4158,"position":2},"title":"L&rsquo;incertitude","author":"admin3809","date":"5 avril 2020","format":false,"excerpt":"Le pays est \u00e0 l'arr\u00eat, ou presque, les sportifs sont au repos. Les soignants, pendant ce temps, triment jour et nuit pour sauver les vies. C'est une situation cauchemardesque qu'il nous faut affronter en essayant malgr\u00e9 tout de garder le moral. Nos pens\u00e9es sportives vont \u00e0 tous les organisateurs qui\u2026","rel":"","context":"Dans &quot;Non class\u00e9&quot;","block_context":{"text":"Non class\u00e9","link":"https:\/\/3joursdecherbourg.fr\/?cat=1"},"img":{"alt_text":"","src":"https:\/\/i0.wp.com\/3joursdecherbourg.fr\/wp-content\/uploads\/2020\/04\/DSC_6165.jpg?resize=350%2C200&ssl=1","width":350,"height":200,"srcset":"https:\/\/i0.wp.com\/3joursdecherbourg.fr\/wp-content\/uploads\/2020\/04\/DSC_6165.jpg?resize=350%2C200&ssl=1 1x, https:\/\/i0.wp.com\/3joursdecherbourg.fr\/wp-content\/uploads\/2020\/04\/DSC_6165.jpg?resize=525%2C300&ssl=1 1.5x, https:\/\/i0.wp.com\/3joursdecherbourg.fr\/wp-content\/uploads\/2020\/04\/DSC_6165.jpg?resize=700%2C400&ssl=1 2x, https:\/\/i0.wp.com\/3joursdecherbourg.fr\/wp-content\/uploads\/2020\/04\/DSC_6165.jpg?resize=1050%2C600&ssl=1 3x, https:\/\/i0.wp.com\/3joursdecherbourg.fr\/wp-content\/uploads\/2020\/04\/DSC_6165.jpg?resize=1400%2C800&ssl=1 4x"},"classes":[]},{"id":4463,"url":"https:\/\/3joursdecherbourg.fr\/?p=4463","url_meta":{"origin":4158,"position":3},"title":"Les engag\u00e9s","author":"admin3809","date":"31 ao\u00fbt 2023","format":false,"excerpt":"A quelques heures du d\u00e9part des 3 jours, la liste de engag\u00e9s se d\u00e9voile: Le Team Bricquebec Cotentin a d\u00e9cid\u00e9 de participer, en accord avec la famille de Johan PAQUE. Une d\u00e9cision qui n'a pas d\u00fb \u00eatre facile \u00e0 prendre. L'\u00e9motion sera grande au d\u00e9part ce vendredi midi, et aussi\u2026","rel":"","context":"Dans &quot;Non class\u00e9&quot;","block_context":{"text":"Non class\u00e9","link":"https:\/\/3joursdecherbourg.fr\/?cat=1"},"img":{"alt_text":"","src":"","width":0,"height":0},"classes":[]},{"id":989,"url":"https:\/\/3joursdecherbourg.fr\/?p=989","url_meta":{"origin":4158,"position":4},"title":"Les 3 jours se pr\u00e9parent&#8230;","author":"admin3809","date":"4 f\u00e9vrier 2018","format":false,"excerpt":"Les p\u00e9riodes de f\u00eates sont pass\u00e9es, il est temps de penser \u00e0 la course... Les 3 jours de Cherbourg auront lieu les vendredi 31 ao\u00fbt, samedi 1er septembre et dimanche 2 septembre 2018. Les organisateurs sont \u00e0 la t\u00e2che pour pr\u00e9parer une 39\u00e8me \u00e9dition de qualit\u00e9, qui satisfasse les coureurs\u2026","rel":"","context":"Dans &quot;Non class\u00e9&quot;","block_context":{"text":"Non class\u00e9","link":"https:\/\/3joursdecherbourg.fr\/?cat=1"},"img":{"alt_text":"","src":"https:\/\/i0.wp.com\/3joursdecherbourg.fr\/wp-content\/uploads\/2018\/02\/3jours-2017-074-2.jpg?resize=350%2C200","width":350,"height":200,"srcset":"https:\/\/i0.wp.com\/3joursdecherbourg.fr\/wp-content\/uploads\/2018\/02\/3jours-2017-074-2.jpg?resize=350%2C200 1x, https:\/\/i0.wp.com\/3joursdecherbourg.fr\/wp-content\/uploads\/2018\/02\/3jours-2017-074-2.jpg?resize=525%2C300 1.5x, https:\/\/i0.wp.com\/3joursdecherbourg.fr\/wp-content\/uploads\/2018\/02\/3jours-2017-074-2.jpg?resize=700%2C400 2x"},"classes":[]},{"id":2427,"url":"https:\/\/3joursdecherbourg.fr\/?p=2427","url_meta":{"origin":4158,"position":5},"title":"Les \u00ab\u00a03 jours\u00a0\u00bb se pr\u00e9cisent&#8230;","author":"admin3809","date":"3 mai 2021","format":false,"excerpt":"Alors que les mesures sanitaires semblent s'all\u00e9ger en ce d\u00e9but du mois de mai, il nous faut raisonnablement esp\u00e9rer que notre organisation en d\u00e9but septembre puisse se tenir comme esp\u00e9r\u00e9. Le tableau des \u00e9quipes pr\u00e9sentes se pr\u00e9cise. Aujourd'hui 25 \u00e9quipes ont d\u00e9j\u00e0 confirm\u00e9 leur participation, quelques autres pr\u00e9f\u00e8rent attendre encore\u2026","rel":"","context":"Dans &quot;Non class\u00e9&quot;","block_context":{"text":"Non class\u00e9","link":"https:\/\/3joursdecherbourg.fr\/?cat=1"},"img":{"alt_text":"","src":"https:\/\/i0.wp.com\/3joursdecherbourg.fr\/wp-content\/uploads\/2021\/05\/DSC_6746-2-1024x927.jpg?resize=350%2C200","width":350,"height":200,"srcset":"https:\/\/i0.wp.com\/3joursdecherbourg.fr\/wp-content\/uploads\/2021\/05\/DSC_6746-2-1024x927.jpg?resize=350%2C200 1x, https:\/\/i0.wp.com\/3joursdecherbourg.fr\/wp-content\/uploads\/2021\/05\/DSC_6746-2-1024x927.jpg?resize=525%2C300 1.5x"},"classes":[]}],"jetpack_likes_enabled":false,"jetpack_sharing_enabled":true,"_links":{"self":[{"href":"https:\/\/3joursdecherbourg.fr\/index.php?rest_route=\/wp\/v2\/posts\/4158","targetHints":{"allow":["GET"]}}],"collection":[{"href":"https:\/\/3joursdecherbourg.fr\/index.php?rest_route=\/wp\/v2\/posts"}],"about":[{"href":"https:\/\/3joursdecherbourg.fr\/index.php?rest_route=\/wp\/v2\/types\/post"}],"author":[{"embeddable":true,"href":"https:\/\/3joursdecherbourg.fr\/index.php?rest_route=\/wp\/v2\/users\/1"}],"replies":[{"embeddable":true,"href":"https:\/\/3joursdecherbourg.fr\/index.php?rest_route=%2Fwp%2Fv2%2Fcomments&post=4158"}],"version-history":[{"count":2,"href":"https:\/\/3joursdecherbourg.fr\/index.php?rest_route=\/wp\/v2\/posts\/4158\/revisions"}],"predecessor-version":[{"id":4160,"href":"https:\/\/3joursdecherbourg.fr\/index.php?rest_route=\/wp\/v2\/posts\/4158\/revisions\/4160"}],"wp:attachment":[{"href":"https:\/\/3joursdecherbourg.fr\/index.php?rest_route=%2Fwp%2Fv2%2Fmedia&parent=4158"}],"wp:term":[{"taxonomy":"category","embeddable":true,"href":"https:\/\/3joursdecherbourg.fr\/index.php?rest_route=%2Fwp%2Fv2%2Fcategories&post=4158"},{"taxonomy":"post_tag","embeddable":true,"href":"https:\/\/3joursdecherbourg.fr\/index.php?rest_route=%2Fwp%2Fv2%2Ftags&post=4158"}],"curies":[{"name":"wp","href":"https:\/\/api.w.org\/{rel}","templated":true}]}}