{"id":4187,"date":"2023-07-08T12:20:05","date_gmt":"2023-07-08T10:20:05","guid":{"rendered":"https:\/\/3joursdecherbourg.fr\/?p=4187"},"modified":"2023-07-08T17:13:31","modified_gmt":"2023-07-08T15:13:31","slug":"chrono-de-la-montagne","status":"publish","type":"post","link":"https:\/\/3joursdecherbourg.fr\/?p=4187","title":{"rendered":"Chrono de la Montagne"},"content":{"rendered":"<p>C&rsquo;est reparti pour le Chrono de la Montagne du Roule. Le <strong>dimanche 3 septembre<\/strong> prochain, de 9h30 \u00e0 15h00, faites vous plaisir sur la pente de 1,1 km \u00e0 9% .<\/p>\n<p>Appel \u00e0 tous les clubs et cyclos du Cotentin et d&rsquo;ailleurs, et toutes et tous qui aimez notre sport, consacrez quelques minutes \u00e0 cet effort solitaire Pourquoi pas au d\u00e9part ou au retour de votre sortie matinale?<\/p>\n<p>Tous les d\u00e9tails et inscriptions ici: <a href=\"https:\/\/3joursdecherbourg.fr\/?page_id=4163\">Chrono Montagne 2023<\/a><\/p>\n<a href=\"https:\/\/3joursdecherbourg.fr\/wp-content\/uploads\/2023\/07\/Affiche.pdf\" class=\"pdfemb-viewer\" style=\"\" data-width=\"max\" data-height=\"max\" data-toolbar=\"bottom\" data-toolbar-fixed=\"off\">Affiche<\/a>\n<div id=\"attachment_4189\" style=\"width: 650px\" class=\"wp-caption aligncenter\"><img data-recalc-dims=\"1\" loading=\"lazy\" decoding=\"async\" aria-describedby=\"caption-attachment-4189\" data-attachment-id=\"4189\" data-permalink=\"https:\/\/3joursdecherbourg.fr\/?attachment_id=4189\" data-orig-file=\"https:\/\/i0.wp.com\/3joursdecherbourg.fr\/wp-content\/uploads\/2023\/07\/Lolirence_Photo-0001-scaled.jpg?fit=2560%2C1707&amp;ssl=1\" data-orig-size=\"2560,1707\" data-comments-opened=\"1\" data-image-meta=\"{&quot;aperture&quot;:&quot;5.6&quot;,&quot;credit&quot;:&quot;ZXZ&quot;,&quot;camera&quot;:&quot;NIKON D5500&quot;,&quot;caption&quot;:&quot;&quot;,&quot;created_timestamp&quot;:&quot;1662306514&quot;,&quot;copyright&quot;:&quot;&quot;,&quot;focal_length&quot;:&quot;60&quot;,&quot;iso&quot;:&quot;400&quot;,&quot;shutter_speed&quot;:&quot;0.008&quot;,&quot;title&quot;:&quot;&quot;,&quot;orientation&quot;:&quot;1&quot;}\" data-image-title=\"Lolirence_Photo-0001\" data-image-description=\"\" data-image-caption=\"&lt;p&gt;Avec un grand sourire, le v\u00e9lo plaisir!&lt;\/p&gt;\n\" data-medium-file=\"https:\/\/i0.wp.com\/3joursdecherbourg.fr\/wp-content\/uploads\/2023\/07\/Lolirence_Photo-0001-scaled.jpg?fit=300%2C200&amp;ssl=1\" data-large-file=\"https:\/\/i0.wp.com\/3joursdecherbourg.fr\/wp-content\/uploads\/2023\/07\/Lolirence_Photo-0001-scaled.jpg?fit=640%2C427&amp;ssl=1\" class=\"wp-image-4189 size-large\" src=\"https:\/\/i0.wp.com\/3joursdecherbourg.fr\/wp-content\/uploads\/2023\/07\/Lolirence_Photo-0001.jpg?resize=640%2C427&#038;ssl=1\" alt=\"\" width=\"640\" height=\"427\" srcset=\"https:\/\/i0.wp.com\/3joursdecherbourg.fr\/wp-content\/uploads\/2023\/07\/Lolirence_Photo-0001-scaled.jpg?resize=1024%2C683&amp;ssl=1 1024w, https:\/\/i0.wp.com\/3joursdecherbourg.fr\/wp-content\/uploads\/2023\/07\/Lolirence_Photo-0001-scaled.jpg?resize=300%2C200&amp;ssl=1 300w, https:\/\/i0.wp.com\/3joursdecherbourg.fr\/wp-content\/uploads\/2023\/07\/Lolirence_Photo-0001-scaled.jpg?resize=768%2C512&amp;ssl=1 768w, https:\/\/i0.wp.com\/3joursdecherbourg.fr\/wp-content\/uploads\/2023\/07\/Lolirence_Photo-0001-scaled.jpg?resize=1536%2C1024&amp;ssl=1 1536w, https:\/\/i0.wp.com\/3joursdecherbourg.fr\/wp-content\/uploads\/2023\/07\/Lolirence_Photo-0001-scaled.jpg?resize=2048%2C1365&amp;ssl=1 2048w, https:\/\/i0.wp.com\/3joursdecherbourg.fr\/wp-content\/uploads\/2023\/07\/Lolirence_Photo-0001-scaled.jpg?w=1280&amp;ssl=1 1280w, https:\/\/i0.wp.com\/3joursdecherbourg.fr\/wp-content\/uploads\/2023\/07\/Lolirence_Photo-0001-scaled.jpg?w=1920&amp;ssl=1 1920w\" sizes=\"auto, (max-width: 640px) 100vw, 640px\" \/><p id=\"caption-attachment-4189\" class=\"wp-caption-text\">Avec un grand sourire, le v\u00e9lo plaisir!<\/p><\/div>\n","protected":false},"excerpt":{"rendered":"<p>C&rsquo;est reparti pour le Chrono de la Montagne du Roule. Le dimanche 3 septembre prochain, de 9h30 \u00e0 15h00, faites vous plaisir sur la pente de 1,1 km \u00e0 9% . Appel \u00e0 tous les clubs et cyclos du Cotentin &hellip; <a href=\"https:\/\/3joursdecherbourg.fr\/?p=4187\">Continuer la lecture <span class=\"meta-nav\">&rarr;<\/span><\/a><\/p>\n","protected":false},"author":1,"featured_media":0,"comment_status":"open","ping_status":"open","sticky":false,"template":"","format":"standard","meta":{"_jetpack_newsletter_access":"","_jetpack_dont_email_post_to_subs":false,"_jetpack_newsletter_tier_id":0,"_jetpack_memberships_contains_paywalled_content":false,"_jetpack_memberships_contains_paid_content":false,"footnotes":""},"categories":[1],"tags":[],"class_list":["post-4187","post","type-post","status-publish","format-standard","hentry","category-non-classe"],"jetpack_featured_media_url":"","jetpack_shortlink":"https:\/\/wp.me\/p8fpGS-15x","jetpack-related-posts":[{"id":4652,"url":"https:\/\/3joursdecherbourg.fr\/?p=4652","url_meta":{"origin":4187,"position":0},"title":"Chrono de la Montagne 2024","author":"admin3809","date":"24 juillet 2024","format":false,"excerpt":"C'est reparti pour le Chrono de la Montagne du Roule. Le dimanche 1er septembre prochain, de 9h30 \u00e0 14h30, faites vous plaisir sur la pente de 1,1 km \u00e0 9% . Appel \u00e0 tous les clubs et cyclos du Cotentin et d'ailleurs, et toutes et tous qui aimez notre sport,\u2026","rel":"","context":"Dans &quot;Non class\u00e9&quot;","block_context":{"text":"Non class\u00e9","link":"https:\/\/3joursdecherbourg.fr\/?cat=1"},"img":{"alt_text":"","src":"https:\/\/i0.wp.com\/3joursdecherbourg.fr\/wp-content\/uploads\/2024\/07\/IMG_2623.jpg?resize=350%2C200&ssl=1","width":350,"height":200,"srcset":"https:\/\/i0.wp.com\/3joursdecherbourg.fr\/wp-content\/uploads\/2024\/07\/IMG_2623.jpg?resize=350%2C200&ssl=1 1x, https:\/\/i0.wp.com\/3joursdecherbourg.fr\/wp-content\/uploads\/2024\/07\/IMG_2623.jpg?resize=525%2C300&ssl=1 1.5x, https:\/\/i0.wp.com\/3joursdecherbourg.fr\/wp-content\/uploads\/2024\/07\/IMG_2623.jpg?resize=700%2C400&ssl=1 2x, https:\/\/i0.wp.com\/3joursdecherbourg.fr\/wp-content\/uploads\/2024\/07\/IMG_2623.jpg?resize=1050%2C600&ssl=1 3x, https:\/\/i0.wp.com\/3joursdecherbourg.fr\/wp-content\/uploads\/2024\/07\/IMG_2623.jpg?resize=1400%2C800&ssl=1 4x"},"classes":[]},{"id":5274,"url":"https:\/\/3joursdecherbourg.fr\/?p=5274","url_meta":{"origin":4187,"position":1},"title":"Chrono de la Montagne 2025","author":"admin3809","date":"15 ao\u00fbt 2025","format":false,"excerpt":"Encore une fois, nous osons vous proposer le Chrono de la Montagne du Roule, \u00e0 l'occasion de la derni\u00e8re \u00e9tape des \"3 Jours de Cherbourg en Cotentin\". Le dimanche 7 septembre prochain, de 9h30 \u00e0 14h30, faites vous plaisir sur la pente de 1,1 km \u00e0 9%. Facile, ludique, plusieurs\u2026","rel":"","context":"Dans &quot;Non class\u00e9&quot;","block_context":{"text":"Non class\u00e9","link":"https:\/\/3joursdecherbourg.fr\/?cat=1"},"img":{"alt_text":"","src":"https:\/\/i0.wp.com\/3joursdecherbourg.fr\/wp-content\/uploads\/2025\/08\/DSC_4730-300x199.jpg?resize=350%2C200&ssl=1","width":350,"height":200},"classes":[]},{"id":3217,"url":"https:\/\/3joursdecherbourg.fr\/?p=3217","url_meta":{"origin":4187,"position":2},"title":"Chrono de la Montagne du Roule","author":"admin3809","date":"28 juin 2022","format":false,"excerpt":"C'est reparti pour le kilom\u00e8tre chrono de la Montagne du Roule le dimanche 4 septembre 2022. 1,1 km exactement, \u00e0 9% de pente moyenne, que les meilleurs parcourent en moins de 3 minutes! L'an dernier, 110 mont\u00e9es avaient \u00e9t\u00e9 inscrites, nous esp\u00e9rons qu'elles auront fait des \u00e9mules et que bien\u2026","rel":"","context":"Dans &quot;Non class\u00e9&quot;","block_context":{"text":"Non class\u00e9","link":"https:\/\/3joursdecherbourg.fr\/?cat=1"},"img":{"alt_text":"","src":"https:\/\/i0.wp.com\/3joursdecherbourg.fr\/wp-content\/uploads\/2021\/03\/20210327_154634-scaled.jpg?resize=350%2C200","width":350,"height":200,"srcset":"https:\/\/i0.wp.com\/3joursdecherbourg.fr\/wp-content\/uploads\/2021\/03\/20210327_154634-scaled.jpg?resize=350%2C200 1x, https:\/\/i0.wp.com\/3joursdecherbourg.fr\/wp-content\/uploads\/2021\/03\/20210327_154634-scaled.jpg?resize=525%2C300 1.5x, https:\/\/i0.wp.com\/3joursdecherbourg.fr\/wp-content\/uploads\/2021\/03\/20210327_154634-scaled.jpg?resize=700%2C400 2x, https:\/\/i0.wp.com\/3joursdecherbourg.fr\/wp-content\/uploads\/2021\/03\/20210327_154634-scaled.jpg?resize=1050%2C600 3x, https:\/\/i0.wp.com\/3joursdecherbourg.fr\/wp-content\/uploads\/2021\/03\/20210327_154634-scaled.jpg?resize=1400%2C800 4x"},"classes":[]},{"id":2982,"url":"https:\/\/3joursdecherbourg.fr\/?p=2982","url_meta":{"origin":4187,"position":3},"title":"La Montagne du Roule en f\u00eate","author":"admin3809","date":"11 septembre 2021","format":false,"excerpt":"Ce dimanche 5 septembre a \u00e9t\u00e9 l'occasion pour de nombreux adeptes du v\u00e9lo de se retrouver au pied de la Montagne du Roule de Cherbourg-en-Cotentin, pour participer \u00e0 la f\u00eate tout simplement mais aussi pour se mesurer sur la pente, qu'on appelle aussi \"Mont\u00e9e des R\u00e9sistants\".\u00a0 Une \"f\u00eate du v\u00e9lo\"\u2026","rel":"","context":"Dans &quot;Non class\u00e9&quot;","block_context":{"text":"Non class\u00e9","link":"https:\/\/3joursdecherbourg.fr\/?cat=1"},"img":{"alt_text":"","src":"https:\/\/i0.wp.com\/3joursdecherbourg.fr\/wp-content\/uploads\/2021\/09\/IMG_3173-1024x683.jpg?resize=350%2C200&ssl=1","width":350,"height":200,"srcset":"https:\/\/i0.wp.com\/3joursdecherbourg.fr\/wp-content\/uploads\/2021\/09\/IMG_3173-1024x683.jpg?resize=350%2C200&ssl=1 1x, https:\/\/i0.wp.com\/3joursdecherbourg.fr\/wp-content\/uploads\/2021\/09\/IMG_3173-1024x683.jpg?resize=525%2C300&ssl=1 1.5x"},"classes":[]},{"id":2353,"url":"https:\/\/3joursdecherbourg.fr\/?p=2353","url_meta":{"origin":4187,"position":4},"title":"Les 3 jours se pr\u00e9parent&#8230;","author":"admin3809","date":"29 mars 2021","format":false,"excerpt":"Chaque jour qui passe nous apporte son lot d'annulations de courses, il nous faut vraiment garder le moral pour croire que septembre sera meilleur et que nous pourrons retrouver le plaisir d'une nouvelle (la 41\u00e8me) \u00e9dition des \"3 jours de Cherbourg en Cotentin\". Un point sur la pr\u00e9paration: Nous avons\u2026","rel":"","context":"Dans &quot;Non class\u00e9&quot;","block_context":{"text":"Non class\u00e9","link":"https:\/\/3joursdecherbourg.fr\/?cat=1"},"img":{"alt_text":"","src":"https:\/\/i0.wp.com\/3joursdecherbourg.fr\/wp-content\/uploads\/2021\/03\/20210327_154634-scaled.jpg?resize=350%2C200&ssl=1","width":350,"height":200,"srcset":"https:\/\/i0.wp.com\/3joursdecherbourg.fr\/wp-content\/uploads\/2021\/03\/20210327_154634-scaled.jpg?resize=350%2C200&ssl=1 1x, https:\/\/i0.wp.com\/3joursdecherbourg.fr\/wp-content\/uploads\/2021\/03\/20210327_154634-scaled.jpg?resize=525%2C300&ssl=1 1.5x, https:\/\/i0.wp.com\/3joursdecherbourg.fr\/wp-content\/uploads\/2021\/03\/20210327_154634-scaled.jpg?resize=700%2C400&ssl=1 2x, https:\/\/i0.wp.com\/3joursdecherbourg.fr\/wp-content\/uploads\/2021\/03\/20210327_154634-scaled.jpg?resize=1050%2C600&ssl=1 3x, https:\/\/i0.wp.com\/3joursdecherbourg.fr\/wp-content\/uploads\/2021\/03\/20210327_154634-scaled.jpg?resize=1400%2C800&ssl=1 4x"},"classes":[]},{"id":4591,"url":"https:\/\/3joursdecherbourg.fr\/?p=4591","url_meta":{"origin":4187,"position":5},"title":"Apr\u00e8s le chrono du Roule&#8230;","author":"admin3809","date":"11 octobre 2023","format":false,"excerpt":"Pour la troisi\u00e8me ann\u00e9e cons\u00e9cutive, la 3\u00e8 \u00e9tape des \"3 jours de Cherbourg en Cotentin\" le dimanche 3 septembre dernier, a \u00e9t\u00e9 agr\u00e9ment\u00e9e par le chrono de la Montagne du Roule qui s'est d\u00e9roul\u00e9 de 9h30 \u00e0 14h30. Une centaine de participants a donc gravi les 1,1km \u00e0 9% au\u2026","rel":"","context":"Dans &quot;Non class\u00e9&quot;","block_context":{"text":"Non class\u00e9","link":"https:\/\/3joursdecherbourg.fr\/?cat=1"},"img":{"alt_text":"","src":"https:\/\/i0.wp.com\/3joursdecherbourg.fr\/wp-content\/uploads\/2023\/10\/IMG_2779-1024x683.jpg?resize=350%2C200&ssl=1","width":350,"height":200,"srcset":"https:\/\/i0.wp.com\/3joursdecherbourg.fr\/wp-content\/uploads\/2023\/10\/IMG_2779-1024x683.jpg?resize=350%2C200&ssl=1 1x, https:\/\/i0.wp.com\/3joursdecherbourg.fr\/wp-content\/uploads\/2023\/10\/IMG_2779-1024x683.jpg?resize=525%2C300&ssl=1 1.5x"},"classes":[]}],"jetpack_likes_enabled":false,"jetpack_sharing_enabled":true,"_links":{"self":[{"href":"https:\/\/3joursdecherbourg.fr\/index.php?rest_route=\/wp\/v2\/posts\/4187","targetHints":{"allow":["GET"]}}],"collection":[{"href":"https:\/\/3joursdecherbourg.fr\/index.php?rest_route=\/wp\/v2\/posts"}],"about":[{"href":"https:\/\/3joursdecherbourg.fr\/index.php?rest_route=\/wp\/v2\/types\/post"}],"author":[{"embeddable":true,"href":"https:\/\/3joursdecherbourg.fr\/index.php?rest_route=\/wp\/v2\/users\/1"}],"replies":[{"embeddable":true,"href":"https:\/\/3joursdecherbourg.fr\/index.php?rest_route=%2Fwp%2Fv2%2Fcomments&post=4187"}],"version-history":[{"count":4,"href":"https:\/\/3joursdecherbourg.fr\/index.php?rest_route=\/wp\/v2\/posts\/4187\/revisions"}],"predecessor-version":[{"id":4197,"href":"https:\/\/3joursdecherbourg.fr\/index.php?rest_route=\/wp\/v2\/posts\/4187\/revisions\/4197"}],"wp:attachment":[{"href":"https:\/\/3joursdecherbourg.fr\/index.php?rest_route=%2Fwp%2Fv2%2Fmedia&parent=4187"}],"wp:term":[{"taxonomy":"category","embeddable":true,"href":"https:\/\/3joursdecherbourg.fr\/index.php?rest_route=%2Fwp%2Fv2%2Fcategories&post=4187"},{"taxonomy":"post_tag","embeddable":true,"href":"https:\/\/3joursdecherbourg.fr\/index.php?rest_route=%2Fwp%2Fv2%2Ftags&post=4187"}],"curies":[{"name":"wp","href":"https:\/\/api.w.org\/{rel}","templated":true}]}}