{"id":4271,"date":"2023-07-23T11:22:12","date_gmt":"2023-07-23T09:22:12","guid":{"rendered":"https:\/\/3joursdecherbourg.fr\/?p=4271"},"modified":"2023-07-23T11:22:14","modified_gmt":"2023-07-23T09:22:14","slug":"6-semaines","status":"publish","type":"post","link":"https:\/\/3joursdecherbourg.fr\/?p=4271","title":{"rendered":"6 semaines&#8230;"},"content":{"rendered":"<p>Oups! depuis 2 semaines le site des \u00ab\u00a03 jours\u00a0\u00bb \u00e9tait devenu quasi inaccessible. Ce n&rsquo;\u00e9tait pas le moment, mais la solution a \u00e9t\u00e9 trouv\u00e9e! Ouf!<\/p>\n<p>Entre temps, 2 nouvelles \u00e9quipes sont venues se joindre \u00e0 nous. Nous aurons donc le plaisir d&rsquo;accueillir en plus le <strong>Team Citro\u00ebn Chartres VC Luc\u00e9en<\/strong> et <strong>Sabl\u00e9 Sarthe Cyclisme<\/strong>.<\/p>\n<p><a href=\"https:\/\/3joursdecherbourg.fr\/?page_id=4118\">Voir les \u00e9quipes.<\/a><\/p>\n<p>Les inscriptions au <strong>chrono de la Montagne<\/strong> ont forc\u00e9ment \u00e9t\u00e9 contrari\u00e9es, mais c&rsquo;est reparti: inscrivez vous et faites inscrire vos amis, vos familles, vos coll\u00e8gues de clubs.<\/p>\n<p><a href=\"https:\/\/3joursdecherbourg.fr\/?page_id=4163\">Je m&rsquo;inscris.<\/a><\/p>\n<p><img data-recalc-dims=\"1\" loading=\"lazy\" decoding=\"async\" data-attachment-id=\"4275\" data-permalink=\"https:\/\/3joursdecherbourg.fr\/?attachment_id=4275\" data-orig-file=\"https:\/\/i0.wp.com\/3joursdecherbourg.fr\/wp-content\/uploads\/2023\/07\/Affiche-2023.jpg?fit=1414%2C2000&amp;ssl=1\" data-orig-size=\"1414,2000\" data-comments-opened=\"1\" data-image-meta=\"{&quot;aperture&quot;:&quot;0&quot;,&quot;credit&quot;:&quot;&quot;,&quot;camera&quot;:&quot;&quot;,&quot;caption&quot;:&quot;&quot;,&quot;created_timestamp&quot;:&quot;0&quot;,&quot;copyright&quot;:&quot;&quot;,&quot;focal_length&quot;:&quot;0&quot;,&quot;iso&quot;:&quot;0&quot;,&quot;shutter_speed&quot;:&quot;0&quot;,&quot;title&quot;:&quot;&quot;,&quot;orientation&quot;:&quot;1&quot;}\" data-image-title=\"Affiche 2023\" data-image-description=\"\" data-image-caption=\"\" data-medium-file=\"https:\/\/i0.wp.com\/3joursdecherbourg.fr\/wp-content\/uploads\/2023\/07\/Affiche-2023.jpg?fit=212%2C300&amp;ssl=1\" data-large-file=\"https:\/\/i0.wp.com\/3joursdecherbourg.fr\/wp-content\/uploads\/2023\/07\/Affiche-2023.jpg?fit=640%2C905&amp;ssl=1\" class=\"alignleft size-full wp-image-4275\" src=\"https:\/\/i0.wp.com\/3joursdecherbourg.fr\/wp-content\/uploads\/2023\/07\/Affiche-2023.jpg?resize=640%2C905&#038;ssl=1\" alt=\"\" width=\"640\" height=\"905\" srcset=\"https:\/\/i0.wp.com\/3joursdecherbourg.fr\/wp-content\/uploads\/2023\/07\/Affiche-2023.jpg?w=1414&amp;ssl=1 1414w, https:\/\/i0.wp.com\/3joursdecherbourg.fr\/wp-content\/uploads\/2023\/07\/Affiche-2023.jpg?resize=212%2C300&amp;ssl=1 212w, https:\/\/i0.wp.com\/3joursdecherbourg.fr\/wp-content\/uploads\/2023\/07\/Affiche-2023.jpg?resize=724%2C1024&amp;ssl=1 724w, https:\/\/i0.wp.com\/3joursdecherbourg.fr\/wp-content\/uploads\/2023\/07\/Affiche-2023.jpg?resize=768%2C1086&amp;ssl=1 768w, https:\/\/i0.wp.com\/3joursdecherbourg.fr\/wp-content\/uploads\/2023\/07\/Affiche-2023.jpg?resize=1086%2C1536&amp;ssl=1 1086w, https:\/\/i0.wp.com\/3joursdecherbourg.fr\/wp-content\/uploads\/2023\/07\/Affiche-2023.jpg?w=1280&amp;ssl=1 1280w\" sizes=\"auto, (max-width: 640px) 100vw, 640px\" \/><\/p>\n","protected":false},"excerpt":{"rendered":"<p>Oups! depuis 2 semaines le site des \u00ab\u00a03 jours\u00a0\u00bb \u00e9tait devenu quasi inaccessible. Ce n&rsquo;\u00e9tait pas le moment, mais la solution a \u00e9t\u00e9 trouv\u00e9e! Ouf! Entre temps, 2 nouvelles \u00e9quipes sont venues se joindre \u00e0 nous. Nous aurons donc le &hellip; <a href=\"https:\/\/3joursdecherbourg.fr\/?p=4271\">Continuer la lecture <span class=\"meta-nav\">&rarr;<\/span><\/a><\/p>\n","protected":false},"author":1,"featured_media":0,"comment_status":"open","ping_status":"open","sticky":false,"template":"","format":"standard","meta":{"_jetpack_newsletter_access":"","_jetpack_dont_email_post_to_subs":false,"_jetpack_newsletter_tier_id":0,"_jetpack_memberships_contains_paywalled_content":false,"_jetpack_memberships_contains_paid_content":false,"footnotes":""},"categories":[1],"tags":[],"class_list":["post-4271","post","type-post","status-publish","format-standard","hentry","category-non-classe"],"jetpack_featured_media_url":"","jetpack_shortlink":"https:\/\/wp.me\/p8fpGS-16T","jetpack-related-posts":[{"id":1,"url":"https:\/\/3joursdecherbourg.fr\/?p=1","url_meta":{"origin":4271,"position":0},"title":"Bonjour et bienvenue, welcome, benvenuto, welkom&#8230;","author":"admin3809","date":"22 d\u00e9cembre 2016","format":false,"excerpt":"Bonjour et bienvenue sur le site de l'Amicale des 3 jours de Cherbourg. Vous allez y trouverez les informations que vous cherchez sur la prochaine \u00e9preuve, les dates, l'organisation, les \u00e9quipes engag\u00e9es, les \u00e9tapes... Il\u00a0servira aussi \u00e0 rappeler l'histoire de notre \u00e9preuve, ses grandes dates, les noms qui l'ont marqu\u00e9e...\u2026","rel":"","context":"Dans &quot;Non class\u00e9&quot;","block_context":{"text":"Non class\u00e9","link":"https:\/\/3joursdecherbourg.fr\/?cat=1"},"img":{"alt_text":"","src":"","width":0,"height":0},"classes":[]},{"id":4570,"url":"https:\/\/3joursdecherbourg.fr\/?p=4570","url_meta":{"origin":4271,"position":1},"title":"Une belle \u00e9dition 2023: Merci!","author":"admin3809","date":"10 septembre 2023","format":false,"excerpt":"Oui une belle \u00e9dition. On pouvait craindre, \u00e0 la lecture des \u00e9quipes engag\u00e9es, une course d\u00e9s\u00e9quilibr\u00e9e. Il n'en a rien \u00e9t\u00e9. Les absents ont toujours tort, qu'ils aient pr\u00e9f\u00e9r\u00e9 courir ailleurs, que leurs effectifs aient \u00e9t\u00e9 insuffisants en cette fin de saison, ou, \u00e7a nous a \u00e9t\u00e9 dit, qu'ils trouvent\u2026","rel":"","context":"Dans &quot;Non class\u00e9&quot;","block_context":{"text":"Non class\u00e9","link":"https:\/\/3joursdecherbourg.fr\/?cat=1"},"img":{"alt_text":"","src":"https:\/\/i0.wp.com\/3joursdecherbourg.fr\/wp-content\/uploads\/2023\/09\/IMG_2593-300x200.jpg?resize=350%2C200&ssl=1","width":350,"height":200},"classes":[]},{"id":4628,"url":"https:\/\/3joursdecherbourg.fr\/?p=4628","url_meta":{"origin":4271,"position":2},"title":"Les \u00ab\u00a03 jours\u00a0\u00bb en pr\u00e9paration","author":"admin3809","date":"9 avril 2024","format":false,"excerpt":"Alors que ce d\u00e9but avril nous permettra de suivre la c\u00e9l\u00e8bre Gainsbarre \u00e0 Portbail-sur-Mer, comptant pour la coupe de France N1, et \u00e0 quelques semaines du Tour de la Manche, la pr\u00e9paration des \"3 jours de Cherbourg en Cotentin\" bat son plein. C\u2019est la 44\u00e8me \u00e9dition qui attend les amoureux\u2026","rel":"","context":"Dans &quot;Non class\u00e9&quot;","block_context":{"text":"Non class\u00e9","link":"https:\/\/3joursdecherbourg.fr\/?cat=1"},"img":{"alt_text":"","src":"https:\/\/i0.wp.com\/3joursdecherbourg.fr\/wp-content\/uploads\/2024\/04\/IMG_2566-300x200.jpg?resize=350%2C200&ssl=1","width":350,"height":200},"classes":[]},{"id":4646,"url":"https:\/\/3joursdecherbourg.fr\/?p=4646","url_meta":{"origin":4271,"position":3},"title":"Les \u00e9quipes&#8230;","author":"admin3809","date":"6 juillet 2024","format":false,"excerpt":"A quelques semaines des \"3 jours\", le plateau commence \u00e0 se pr\u00e9ciser. 10 \u00e9quipes de N1, parmi lesquelles le Team Bricquebec Cotentin, local de l'\u00e9preuve, aura \u00e0 coeur de briller sur ses terres. 6 \u00e9quipes N2, dont Moyon et Torigni. 9 \u00e9quipes de N3, dont Avranches 2 \u00e9quipes \u00e9trang\u00e8res habitu\u00e9es\u2026","rel":"","context":"Dans &quot;Non class\u00e9&quot;","block_context":{"text":"Non class\u00e9","link":"https:\/\/3joursdecherbourg.fr\/?cat=1"},"img":{"alt_text":"","src":"","width":0,"height":0},"classes":[]},{"id":4158,"url":"https:\/\/3joursdecherbourg.fr\/?p=4158","url_meta":{"origin":4271,"position":4},"title":"Les \u00e9quipes se pr\u00e9cisent","author":"admin3809","date":"5 juillet 2023","format":false,"excerpt":"A moins de 2 mois du d\u00e9part, la liste des \u00e9quipes se pr\u00e9cise. Plusieurs d\u00e9fections sont intervenues du fait des difficult\u00e9s financi\u00e8res ou d'effectifs. Dommage! Avec 22 \u00e9quipes, soit 110 coureurs, l'\u00e9preuve n'en sera pas moins belle. 10 \u00e9quipes N1, 5 N2, 5 N3 et 2 \u00e9trang\u00e8res, une fois de\u2026","rel":"","context":"Dans &quot;Non class\u00e9&quot;","block_context":{"text":"Non class\u00e9","link":"https:\/\/3joursdecherbourg.fr\/?cat=1"},"img":{"alt_text":"","src":"","width":0,"height":0},"classes":[]},{"id":3047,"url":"https:\/\/3joursdecherbourg.fr\/?p=3047","url_meta":{"origin":4271,"position":5},"title":"Assembl\u00e9e G\u00e9n\u00e9rale 2021","author":"admin3809","date":"22 novembre 2021","format":false,"excerpt":"L\u2019Amicale Cycliste des Trois Jours de Cherbourg a tenu son Assembl\u00e9e G\u00e9n\u00e9rale annuelle statutaire ce vendredi 12 novembre 2021, \u00e0 la salle du gymnase Maurice Postaire (Cherbourg-en-Cotentin). \u00a0 Le Pr\u00e9sident, Bernard BERHAULT, a accueilli l\u2019assembl\u00e9e en excusant quelques invit\u00e9s absents. Il a exprim\u00e9 sa satisfaction apr\u00e8s le succ\u00e8s de cette\u2026","rel":"","context":"Dans &quot;Non class\u00e9&quot;","block_context":{"text":"Non class\u00e9","link":"https:\/\/3joursdecherbourg.fr\/?cat=1"},"img":{"alt_text":"","src":"https:\/\/i0.wp.com\/3joursdecherbourg.fr\/wp-content\/uploads\/2021\/11\/IMG_5046.jpg?resize=350%2C200&ssl=1","width":350,"height":200,"srcset":"https:\/\/i0.wp.com\/3joursdecherbourg.fr\/wp-content\/uploads\/2021\/11\/IMG_5046.jpg?resize=350%2C200&ssl=1 1x, https:\/\/i0.wp.com\/3joursdecherbourg.fr\/wp-content\/uploads\/2021\/11\/IMG_5046.jpg?resize=525%2C300&ssl=1 1.5x, https:\/\/i0.wp.com\/3joursdecherbourg.fr\/wp-content\/uploads\/2021\/11\/IMG_5046.jpg?resize=700%2C400&ssl=1 2x, https:\/\/i0.wp.com\/3joursdecherbourg.fr\/wp-content\/uploads\/2021\/11\/IMG_5046.jpg?resize=1050%2C600&ssl=1 3x, https:\/\/i0.wp.com\/3joursdecherbourg.fr\/wp-content\/uploads\/2021\/11\/IMG_5046.jpg?resize=1400%2C800&ssl=1 4x"},"classes":[]}],"jetpack_likes_enabled":false,"jetpack_sharing_enabled":true,"_links":{"self":[{"href":"https:\/\/3joursdecherbourg.fr\/index.php?rest_route=\/wp\/v2\/posts\/4271","targetHints":{"allow":["GET"]}}],"collection":[{"href":"https:\/\/3joursdecherbourg.fr\/index.php?rest_route=\/wp\/v2\/posts"}],"about":[{"href":"https:\/\/3joursdecherbourg.fr\/index.php?rest_route=\/wp\/v2\/types\/post"}],"author":[{"embeddable":true,"href":"https:\/\/3joursdecherbourg.fr\/index.php?rest_route=\/wp\/v2\/users\/1"}],"replies":[{"embeddable":true,"href":"https:\/\/3joursdecherbourg.fr\/index.php?rest_route=%2Fwp%2Fv2%2Fcomments&post=4271"}],"version-history":[{"count":5,"href":"https:\/\/3joursdecherbourg.fr\/index.php?rest_route=\/wp\/v2\/posts\/4271\/revisions"}],"predecessor-version":[{"id":4277,"href":"https:\/\/3joursdecherbourg.fr\/index.php?rest_route=\/wp\/v2\/posts\/4271\/revisions\/4277"}],"wp:attachment":[{"href":"https:\/\/3joursdecherbourg.fr\/index.php?rest_route=%2Fwp%2Fv2%2Fmedia&parent=4271"}],"wp:term":[{"taxonomy":"category","embeddable":true,"href":"https:\/\/3joursdecherbourg.fr\/index.php?rest_route=%2Fwp%2Fv2%2Fcategories&post=4271"},{"taxonomy":"post_tag","embeddable":true,"href":"https:\/\/3joursdecherbourg.fr\/index.php?rest_route=%2Fwp%2Fv2%2Ftags&post=4271"}],"curies":[{"name":"wp","href":"https:\/\/api.w.org\/{rel}","templated":true}]}}