{"id":4312,"date":"2023-08-04T17:02:20","date_gmt":"2023-08-04T15:02:20","guid":{"rendered":"https:\/\/3joursdecherbourg.fr\/?p=4312"},"modified":"2023-08-22T12:20:36","modified_gmt":"2023-08-22T10:20:36","slug":"a-toi-de-jouer","status":"publish","type":"post","link":"https:\/\/3joursdecherbourg.fr\/?p=4312","title":{"rendered":"\u00c0 toi de jouer !!"},"content":{"rendered":"<div class=\"wp-block-image\">\n<figure class=\"aligncenter size-large is-resized\"><img data-recalc-dims=\"1\" loading=\"lazy\" decoding=\"async\" data-attachment-id=\"4356\" data-permalink=\"https:\/\/3joursdecherbourg.fr\/?attachment_id=4356\" data-orig-file=\"https:\/\/i0.wp.com\/3joursdecherbourg.fr\/wp-content\/uploads\/2023\/08\/Blue-Light-And-Black-Modern-Travel-Agent-Flyer-1.png?fit=1414%2C2000&amp;ssl=1\" data-orig-size=\"1414,2000\" data-comments-opened=\"1\" data-image-meta=\"{&quot;aperture&quot;:&quot;0&quot;,&quot;credit&quot;:&quot;&quot;,&quot;camera&quot;:&quot;&quot;,&quot;caption&quot;:&quot;&quot;,&quot;created_timestamp&quot;:&quot;0&quot;,&quot;copyright&quot;:&quot;&quot;,&quot;focal_length&quot;:&quot;0&quot;,&quot;iso&quot;:&quot;0&quot;,&quot;shutter_speed&quot;:&quot;0&quot;,&quot;title&quot;:&quot;&quot;,&quot;orientation&quot;:&quot;0&quot;}\" data-image-title=\"Blue-Light-And-Black-Modern-Travel-Agent-Flyer-1\" data-image-description=\"\" data-image-caption=\"\" data-medium-file=\"https:\/\/i0.wp.com\/3joursdecherbourg.fr\/wp-content\/uploads\/2023\/08\/Blue-Light-And-Black-Modern-Travel-Agent-Flyer-1.png?fit=212%2C300&amp;ssl=1\" data-large-file=\"https:\/\/i0.wp.com\/3joursdecherbourg.fr\/wp-content\/uploads\/2023\/08\/Blue-Light-And-Black-Modern-Travel-Agent-Flyer-1.png?fit=640%2C905&amp;ssl=1\" src=\"https:\/\/i0.wp.com\/3joursdecherbourg.fr\/wp-content\/uploads\/2023\/08\/Blue-Light-And-Black-Modern-Travel-Agent-Flyer-1.png?resize=314%2C443&#038;ssl=1\" alt=\"\" class=\"wp-image-4356\" style=\"width:314px;height:443px\" width=\"314\" height=\"443\" srcset=\"https:\/\/i0.wp.com\/3joursdecherbourg.fr\/wp-content\/uploads\/2023\/08\/Blue-Light-And-Black-Modern-Travel-Agent-Flyer-1.png?resize=724%2C1024&amp;ssl=1 724w, https:\/\/i0.wp.com\/3joursdecherbourg.fr\/wp-content\/uploads\/2023\/08\/Blue-Light-And-Black-Modern-Travel-Agent-Flyer-1.png?resize=212%2C300&amp;ssl=1 212w, https:\/\/i0.wp.com\/3joursdecherbourg.fr\/wp-content\/uploads\/2023\/08\/Blue-Light-And-Black-Modern-Travel-Agent-Flyer-1.png?resize=768%2C1086&amp;ssl=1 768w, https:\/\/i0.wp.com\/3joursdecherbourg.fr\/wp-content\/uploads\/2023\/08\/Blue-Light-And-Black-Modern-Travel-Agent-Flyer-1.png?resize=1086%2C1536&amp;ssl=1 1086w, https:\/\/i0.wp.com\/3joursdecherbourg.fr\/wp-content\/uploads\/2023\/08\/Blue-Light-And-Black-Modern-Travel-Agent-Flyer-1.png?w=1414&amp;ssl=1 1414w, https:\/\/i0.wp.com\/3joursdecherbourg.fr\/wp-content\/uploads\/2023\/08\/Blue-Light-And-Black-Modern-Travel-Agent-Flyer-1.png?w=1280&amp;ssl=1 1280w\" sizes=\"auto, (max-width: 314px) 100vw, 314px\" \/><\/figure>\n<\/div>","protected":false},"excerpt":{"rendered":"","protected":false},"author":1,"featured_media":0,"comment_status":"open","ping_status":"open","sticky":false,"template":"","format":"standard","meta":{"_jetpack_newsletter_access":"","_jetpack_dont_email_post_to_subs":false,"_jetpack_newsletter_tier_id":0,"_jetpack_memberships_contains_paywalled_content":false,"_jetpack_memberships_contains_paid_content":false,"footnotes":""},"categories":[1],"tags":[],"class_list":["post-4312","post","type-post","status-publish","format-standard","hentry","category-non-classe"],"jetpack_featured_media_url":"","jetpack_shortlink":"https:\/\/wp.me\/p8fpGS-17y","jetpack-related-posts":[{"id":1973,"url":"https:\/\/3joursdecherbourg.fr\/?p=1973","url_meta":{"origin":4312,"position":0},"title":"Une belle course: un grand merci!","author":"admin3809","date":"11 septembre 2019","format":false,"excerpt":"Au lendemain d'une si belle \u00e9preuve que furent les \"3 jours de Cherbourg en Cotentin\" 2019, pour la 40\u00e8me \u00e9dition de cette course cycliste \u00e9lite nationale par \u00e9tapes, tous nos remerciements vont \u00e0 tous ceux qui ont contribu\u00e9 \u00e0 ce succ\u00e8s. Les coureurs bien s\u00fbr qui par leur engagement, leur\u2026","rel":"","context":"Dans &quot;Non class\u00e9&quot;","block_context":{"text":"Non class\u00e9","link":"https:\/\/3joursdecherbourg.fr\/?cat=1"},"img":{"alt_text":"","src":"https:\/\/i0.wp.com\/3joursdecherbourg.fr\/wp-content\/uploads\/2019\/09\/DSC_6097-300x197.jpg?resize=350%2C200","width":350,"height":200},"classes":[]},{"id":4684,"url":"https:\/\/3joursdecherbourg.fr\/?p=4684","url_meta":{"origin":4312,"position":1},"title":"Les gardiens de carrefour","author":"admin3809","date":"29 juillet 2024","format":false,"excerpt":"Chargement\u2026","rel":"","context":"Dans &quot;Non class\u00e9&quot;","block_context":{"text":"Non class\u00e9","link":"https:\/\/3joursdecherbourg.fr\/?cat=1"},"img":{"alt_text":"","src":"","width":0,"height":0},"classes":[]},{"id":5325,"url":"https:\/\/3joursdecherbourg.fr\/?p=5325","url_meta":{"origin":4312,"position":2},"title":"Interview de Bernard BERHAULT","author":"admin3809","date":"29 ao\u00fbt 2025","format":false,"excerpt":"Bernard Berhault, pr\u00e9sident des 3 Jours de Cherbourg, nous partage son regard sur l\u2019\u00e9preuve ! https:\/\/youtu.be\/x8X6IQIQqHc","rel":"","context":"Dans &quot;Non class\u00e9&quot;","block_context":{"text":"Non class\u00e9","link":"https:\/\/3joursdecherbourg.fr\/?cat=1"},"img":{"alt_text":"","src":"https:\/\/i0.wp.com\/img.youtube.com\/vi\/x8X6IQIQqHc\/0.jpg?resize=350%2C200","width":350,"height":200},"classes":[]},{"id":5327,"url":"https:\/\/3joursdecherbourg.fr\/?p=5327","url_meta":{"origin":4312,"position":3},"title":"S\u00e9curit\u00e9 maximale","author":"admin3809","date":"29 ao\u00fbt 2025","format":false,"excerpt":"S\u00e9curit\u00e9 maximale aux 3 Jours de Cherbourg : environ 100 gardiens de carrefour par \u00e9tape, soit 300 sur 450 km, avec un message clair de vigilance de la part du pr\u00e9sident Bernard Berhault. https:\/\/youtu.be\/ikX0Xp4VWvc","rel":"","context":"Dans &quot;Non class\u00e9&quot;","block_context":{"text":"Non class\u00e9","link":"https:\/\/3joursdecherbourg.fr\/?cat=1"},"img":{"alt_text":"","src":"https:\/\/i0.wp.com\/img.youtube.com\/vi\/ikX0Xp4VWvc\/0.jpg?resize=350%2C200","width":350,"height":200},"classes":[]},{"id":1933,"url":"https:\/\/3joursdecherbourg.fr\/?p=1933","url_meta":{"origin":4312,"position":4},"title":"C&rsquo;est parti!","author":"admin3809","date":"6 septembre 2019","format":false,"excerpt":"Le peloton de 140 coureurs s'est \u00e9lanc\u00e9 sur les routes du Cotentin. Retrouvez les r\u00e9sultats de la premi\u00e8re \u00e9tape et les classements annexes \"ici\" \u00a0","rel":"","context":"Dans &quot;Non class\u00e9&quot;","block_context":{"text":"Non class\u00e9","link":"https:\/\/3joursdecherbourg.fr\/?cat=1"},"img":{"alt_text":"","src":"https:\/\/i0.wp.com\/3joursdecherbourg.fr\/wp-content\/uploads\/2019\/09\/DSC_2793-1024x681.jpg?resize=350%2C200","width":350,"height":200,"srcset":"https:\/\/i0.wp.com\/3joursdecherbourg.fr\/wp-content\/uploads\/2019\/09\/DSC_2793-1024x681.jpg?resize=350%2C200 1x, https:\/\/i0.wp.com\/3joursdecherbourg.fr\/wp-content\/uploads\/2019\/09\/DSC_2793-1024x681.jpg?resize=525%2C300 1.5x"},"classes":[]},{"id":3302,"url":"https:\/\/3joursdecherbourg.fr\/?p=3302","url_meta":{"origin":4312,"position":5},"title":"Compte \u00e0 rebours","author":"admin3809","date":"13 juillet 2022","format":false,"excerpt":"Bient\u00f4t le grand d\u00e9part de la 42\u00e8me \u00e9dition iframe d\u00e9sactiv\u00e9e","rel":"","context":"Dans &quot;Non class\u00e9&quot;","block_context":{"text":"Non class\u00e9","link":"https:\/\/3joursdecherbourg.fr\/?cat=1"},"img":{"alt_text":"","src":"","width":0,"height":0},"classes":[]}],"jetpack_likes_enabled":false,"jetpack_sharing_enabled":true,"_links":{"self":[{"href":"https:\/\/3joursdecherbourg.fr\/index.php?rest_route=\/wp\/v2\/posts\/4312","targetHints":{"allow":["GET"]}}],"collection":[{"href":"https:\/\/3joursdecherbourg.fr\/index.php?rest_route=\/wp\/v2\/posts"}],"about":[{"href":"https:\/\/3joursdecherbourg.fr\/index.php?rest_route=\/wp\/v2\/types\/post"}],"author":[{"embeddable":true,"href":"https:\/\/3joursdecherbourg.fr\/index.php?rest_route=\/wp\/v2\/users\/1"}],"replies":[{"embeddable":true,"href":"https:\/\/3joursdecherbourg.fr\/index.php?rest_route=%2Fwp%2Fv2%2Fcomments&post=4312"}],"version-history":[{"count":2,"href":"https:\/\/3joursdecherbourg.fr\/index.php?rest_route=\/wp\/v2\/posts\/4312\/revisions"}],"predecessor-version":[{"id":4357,"href":"https:\/\/3joursdecherbourg.fr\/index.php?rest_route=\/wp\/v2\/posts\/4312\/revisions\/4357"}],"wp:attachment":[{"href":"https:\/\/3joursdecherbourg.fr\/index.php?rest_route=%2Fwp%2Fv2%2Fmedia&parent=4312"}],"wp:term":[{"taxonomy":"category","embeddable":true,"href":"https:\/\/3joursdecherbourg.fr\/index.php?rest_route=%2Fwp%2Fv2%2Fcategories&post=4312"},{"taxonomy":"post_tag","embeddable":true,"href":"https:\/\/3joursdecherbourg.fr\/index.php?rest_route=%2Fwp%2Fv2%2Ftags&post=4312"}],"curies":[{"name":"wp","href":"https:\/\/api.w.org\/{rel}","templated":true}]}}