{"id":4596,"date":"2024-01-22T12:29:32","date_gmt":"2024-01-22T11:29:32","guid":{"rendered":"https:\/\/3joursdecherbourg.fr\/?p=4596"},"modified":"2024-01-22T12:29:35","modified_gmt":"2024-01-22T11:29:35","slug":"bonne-et-heureuse-annee-2024","status":"publish","type":"post","link":"https:\/\/3joursdecherbourg.fr\/?p=4596","title":{"rendered":"Bonne et heureuse ann\u00e9e 2024"},"content":{"rendered":"\n<figure class=\"wp-block-image size-full\"><img data-recalc-dims=\"1\" loading=\"lazy\" decoding=\"async\" width=\"640\" height=\"452\" data-attachment-id=\"4597\" data-permalink=\"https:\/\/3joursdecherbourg.fr\/?attachment_id=4597\" data-orig-file=\"https:\/\/i0.wp.com\/3joursdecherbourg.fr\/wp-content\/uploads\/2024\/01\/Voeux-2024.jpg?fit=866%2C612&amp;ssl=1\" data-orig-size=\"866,612\" data-comments-opened=\"1\" data-image-meta=\"{&quot;aperture&quot;:&quot;0&quot;,&quot;credit&quot;:&quot;&quot;,&quot;camera&quot;:&quot;&quot;,&quot;caption&quot;:&quot;&quot;,&quot;created_timestamp&quot;:&quot;0&quot;,&quot;copyright&quot;:&quot;&quot;,&quot;focal_length&quot;:&quot;0&quot;,&quot;iso&quot;:&quot;0&quot;,&quot;shutter_speed&quot;:&quot;0&quot;,&quot;title&quot;:&quot;&quot;,&quot;orientation&quot;:&quot;0&quot;}\" data-image-title=\"Voeux-2024\" data-image-description=\"\" data-image-caption=\"\" data-medium-file=\"https:\/\/i0.wp.com\/3joursdecherbourg.fr\/wp-content\/uploads\/2024\/01\/Voeux-2024.jpg?fit=300%2C212&amp;ssl=1\" data-large-file=\"https:\/\/i0.wp.com\/3joursdecherbourg.fr\/wp-content\/uploads\/2024\/01\/Voeux-2024.jpg?fit=640%2C452&amp;ssl=1\" src=\"https:\/\/i0.wp.com\/3joursdecherbourg.fr\/wp-content\/uploads\/2024\/01\/Voeux-2024.jpg?resize=640%2C452&#038;ssl=1\" alt=\"\" class=\"wp-image-4597\" srcset=\"https:\/\/i0.wp.com\/3joursdecherbourg.fr\/wp-content\/uploads\/2024\/01\/Voeux-2024.jpg?w=866&amp;ssl=1 866w, https:\/\/i0.wp.com\/3joursdecherbourg.fr\/wp-content\/uploads\/2024\/01\/Voeux-2024.jpg?resize=300%2C212&amp;ssl=1 300w, https:\/\/i0.wp.com\/3joursdecherbourg.fr\/wp-content\/uploads\/2024\/01\/Voeux-2024.jpg?resize=768%2C543&amp;ssl=1 768w\" sizes=\"auto, (max-width: 640px) 100vw, 640px\" \/><\/figure>\n","protected":false},"excerpt":{"rendered":"","protected":false},"author":1,"featured_media":0,"comment_status":"open","ping_status":"open","sticky":false,"template":"","format":"standard","meta":{"_jetpack_newsletter_access":"","_jetpack_dont_email_post_to_subs":false,"_jetpack_newsletter_tier_id":0,"_jetpack_memberships_contains_paywalled_content":false,"_jetpack_memberships_contains_paid_content":false,"footnotes":""},"categories":[1],"tags":[],"class_list":["post-4596","post","type-post","status-publish","format-standard","hentry","category-non-classe"],"jetpack_featured_media_url":"","jetpack_shortlink":"https:\/\/wp.me\/p8fpGS-1c8","jetpack-related-posts":[{"id":3047,"url":"https:\/\/3joursdecherbourg.fr\/?p=3047","url_meta":{"origin":4596,"position":0},"title":"Assembl\u00e9e G\u00e9n\u00e9rale 2021","author":"admin3809","date":"22 novembre 2021","format":false,"excerpt":"L\u2019Amicale Cycliste des Trois Jours de Cherbourg a tenu son Assembl\u00e9e G\u00e9n\u00e9rale annuelle statutaire ce vendredi 12 novembre 2021, \u00e0 la salle du gymnase Maurice Postaire (Cherbourg-en-Cotentin). \u00a0 Le Pr\u00e9sident, Bernard BERHAULT, a accueilli l\u2019assembl\u00e9e en excusant quelques invit\u00e9s absents. Il a exprim\u00e9 sa satisfaction apr\u00e8s le succ\u00e8s de cette\u2026","rel":"","context":"Dans &quot;Non class\u00e9&quot;","block_context":{"text":"Non class\u00e9","link":"https:\/\/3joursdecherbourg.fr\/?cat=1"},"img":{"alt_text":"","src":"https:\/\/i0.wp.com\/3joursdecherbourg.fr\/wp-content\/uploads\/2021\/11\/IMG_5046.jpg?resize=350%2C200&ssl=1","width":350,"height":200,"srcset":"https:\/\/i0.wp.com\/3joursdecherbourg.fr\/wp-content\/uploads\/2021\/11\/IMG_5046.jpg?resize=350%2C200&ssl=1 1x, https:\/\/i0.wp.com\/3joursdecherbourg.fr\/wp-content\/uploads\/2021\/11\/IMG_5046.jpg?resize=525%2C300&ssl=1 1.5x, https:\/\/i0.wp.com\/3joursdecherbourg.fr\/wp-content\/uploads\/2021\/11\/IMG_5046.jpg?resize=700%2C400&ssl=1 2x, https:\/\/i0.wp.com\/3joursdecherbourg.fr\/wp-content\/uploads\/2021\/11\/IMG_5046.jpg?resize=1050%2C600&ssl=1 3x, https:\/\/i0.wp.com\/3joursdecherbourg.fr\/wp-content\/uploads\/2021\/11\/IMG_5046.jpg?resize=1400%2C800&ssl=1 4x"},"classes":[]},{"id":630,"url":"https:\/\/3joursdecherbourg.fr\/?p=630","url_meta":{"origin":4596,"position":1},"title":"Le derni\u00e8re ligne droite","author":"admin3809","date":"29 ao\u00fbt 2017","format":false,"excerpt":"Nous y sommes: vendredi sera donn\u00e9 le d\u00e9part de la 38\u00e8me \u00e9dition des 3 Jours de Cherbourg. C'est, pour nous organisateurs, la derni\u00e8re ligne droite. Les dossiers sont (presque) pr\u00eats, les circuits sont (presque) fl\u00e9ch\u00e9s. Les \u00e9quipes sont inscrites, les coureurs sont affut\u00e9s, les h\u00e9bergements attendent, les suiveurs piaffent d'impatience...\u2026","rel":"","context":"Dans &quot;Non class\u00e9&quot;","block_context":{"text":"Non class\u00e9","link":"https:\/\/3joursdecherbourg.fr\/?cat=1"},"img":{"alt_text":"","src":"https:\/\/i0.wp.com\/3joursdecherbourg.fr\/wp-content\/uploads\/2017\/08\/LES-3-JOURS-2017-015-1-1024x480.jpg?resize=350%2C200","width":350,"height":200,"srcset":"https:\/\/i0.wp.com\/3joursdecherbourg.fr\/wp-content\/uploads\/2017\/08\/LES-3-JOURS-2017-015-1-1024x480.jpg?resize=350%2C200 1x, https:\/\/i0.wp.com\/3joursdecherbourg.fr\/wp-content\/uploads\/2017\/08\/LES-3-JOURS-2017-015-1-1024x480.jpg?resize=525%2C300 1.5x"},"classes":[]},{"id":4377,"url":"https:\/\/3joursdecherbourg.fr\/?p=4377","url_meta":{"origin":4596,"position":2},"title":"C&rsquo;est -presque- parti!","author":"admin3809","date":"28 ao\u00fbt 2023","format":false,"excerpt":"C'est - presque- parti pour les \"3 jours de Cherbourg en Cotentin\", au moins pour les rendez-vous initiaux. D'abord pour les b\u00e9n\u00e9voles signaleurs qui seront si pr\u00e9cieux pendant ces trois jours. Une premi\u00e8re r\u00e9union le jeudi 24 ao\u00fbt avec la pr\u00e9sentation des parcours, des horaires, le rappel des r\u00e8gles de\u2026","rel":"","context":"Dans &quot;Non class\u00e9&quot;","block_context":{"text":"Non class\u00e9","link":"https:\/\/3joursdecherbourg.fr\/?cat=1"},"img":{"alt_text":"","src":"https:\/\/i0.wp.com\/3joursdecherbourg.fr\/wp-content\/uploads\/2023\/08\/IMG_9193-300x200.jpg?resize=350%2C200&ssl=1","width":350,"height":200},"classes":[]},{"id":1692,"url":"https:\/\/3joursdecherbourg.fr\/?p=1692","url_meta":{"origin":4596,"position":3},"title":"Les 3 jours de Cherbourg en Cotentin","author":"admin3809","date":"25 avril 2019","format":false,"excerpt":"Avec l'arriv\u00e9e d'un nouveau partenaire institutionnel, la Communaut\u00e9 d'Agglom\u00e9ration du Cotentin, l'amicale des 3 jours de Cherbourg a d\u00e9cid\u00e9 de compl\u00e9ter le nom de l'\u00e9preuve qui devient donc \"les 3 jours de Cherbourg en Cotentin\". Merci \u00e0 ce nouveau partenaire qui nous permet de continuer \u00e0 construire pour notre part\u2026","rel":"","context":"Dans &quot;Non class\u00e9&quot;","block_context":{"text":"Non class\u00e9","link":"https:\/\/3joursdecherbourg.fr\/?cat=1"},"img":{"alt_text":"","src":"https:\/\/i0.wp.com\/3joursdecherbourg.fr\/wp-content\/uploads\/2019\/03\/Bernard-B%C3%A9rhault-150x150.png?resize=350%2C200","width":350,"height":200},"classes":[]},{"id":602,"url":"https:\/\/3joursdecherbourg.fr\/?p=602","url_meta":{"origin":4596,"position":4},"title":"Auguste Lay nous a quitt\u00e9s","author":"admin3809","date":"7 ao\u00fbt 2017","format":false,"excerpt":"Auguste est parti discr\u00e8tement, comme il en avait l'habitude, ce mercredi matin. La r\u00e9union de pr\u00e9paration des prochains\u00a0 \"3 jours\", en fin de journ\u00e9e, n'avait pas la m\u00eame effervescence, le m\u00eame enthousiasme: une chaise est rest\u00e9e vide. Apr\u00e8s avoir \u00e9t\u00e9 coureur cycliste, Auguste \u00e9tait devenu dirigeant de l'AS Cherbourg avant\u2026","rel":"","context":"Dans &quot;Non class\u00e9&quot;","block_context":{"text":"Non class\u00e9","link":"https:\/\/3joursdecherbourg.fr\/?cat=1"},"img":{"alt_text":"","src":"https:\/\/i0.wp.com\/3joursdecherbourg.fr\/wp-content\/uploads\/2017\/08\/Auguste-Lay.jpg?resize=350%2C200","width":350,"height":200},"classes":[]},{"id":4591,"url":"https:\/\/3joursdecherbourg.fr\/?p=4591","url_meta":{"origin":4596,"position":5},"title":"Apr\u00e8s le chrono du Roule&#8230;","author":"admin3809","date":"11 octobre 2023","format":false,"excerpt":"Pour la troisi\u00e8me ann\u00e9e cons\u00e9cutive, la 3\u00e8 \u00e9tape des \"3 jours de Cherbourg en Cotentin\" le dimanche 3 septembre dernier, a \u00e9t\u00e9 agr\u00e9ment\u00e9e par le chrono de la Montagne du Roule qui s'est d\u00e9roul\u00e9 de 9h30 \u00e0 14h30. Une centaine de participants a donc gravi les 1,1km \u00e0 9% au\u2026","rel":"","context":"Dans &quot;Non class\u00e9&quot;","block_context":{"text":"Non class\u00e9","link":"https:\/\/3joursdecherbourg.fr\/?cat=1"},"img":{"alt_text":"","src":"https:\/\/i0.wp.com\/3joursdecherbourg.fr\/wp-content\/uploads\/2023\/10\/IMG_2779-1024x683.jpg?resize=350%2C200&ssl=1","width":350,"height":200,"srcset":"https:\/\/i0.wp.com\/3joursdecherbourg.fr\/wp-content\/uploads\/2023\/10\/IMG_2779-1024x683.jpg?resize=350%2C200&ssl=1 1x, https:\/\/i0.wp.com\/3joursdecherbourg.fr\/wp-content\/uploads\/2023\/10\/IMG_2779-1024x683.jpg?resize=525%2C300&ssl=1 1.5x"},"classes":[]}],"jetpack_likes_enabled":false,"jetpack_sharing_enabled":true,"_links":{"self":[{"href":"https:\/\/3joursdecherbourg.fr\/index.php?rest_route=\/wp\/v2\/posts\/4596","targetHints":{"allow":["GET"]}}],"collection":[{"href":"https:\/\/3joursdecherbourg.fr\/index.php?rest_route=\/wp\/v2\/posts"}],"about":[{"href":"https:\/\/3joursdecherbourg.fr\/index.php?rest_route=\/wp\/v2\/types\/post"}],"author":[{"embeddable":true,"href":"https:\/\/3joursdecherbourg.fr\/index.php?rest_route=\/wp\/v2\/users\/1"}],"replies":[{"embeddable":true,"href":"https:\/\/3joursdecherbourg.fr\/index.php?rest_route=%2Fwp%2Fv2%2Fcomments&post=4596"}],"version-history":[{"count":1,"href":"https:\/\/3joursdecherbourg.fr\/index.php?rest_route=\/wp\/v2\/posts\/4596\/revisions"}],"predecessor-version":[{"id":4598,"href":"https:\/\/3joursdecherbourg.fr\/index.php?rest_route=\/wp\/v2\/posts\/4596\/revisions\/4598"}],"wp:attachment":[{"href":"https:\/\/3joursdecherbourg.fr\/index.php?rest_route=%2Fwp%2Fv2%2Fmedia&parent=4596"}],"wp:term":[{"taxonomy":"category","embeddable":true,"href":"https:\/\/3joursdecherbourg.fr\/index.php?rest_route=%2Fwp%2Fv2%2Fcategories&post=4596"},{"taxonomy":"post_tag","embeddable":true,"href":"https:\/\/3joursdecherbourg.fr\/index.php?rest_route=%2Fwp%2Fv2%2Ftags&post=4596"}],"curies":[{"name":"wp","href":"https:\/\/api.w.org\/{rel}","templated":true}]}}