{"id":4628,"date":"2024-04-09T17:21:59","date_gmt":"2024-04-09T15:21:59","guid":{"rendered":"https:\/\/3joursdecherbourg.fr\/?p=4628"},"modified":"2024-04-10T11:02:17","modified_gmt":"2024-04-10T09:02:17","slug":"les-3-jours-en-preparation-2","status":"publish","type":"post","link":"https:\/\/3joursdecherbourg.fr\/?p=4628","title":{"rendered":"Les \u00ab\u00a03 jours\u00a0\u00bb en pr\u00e9paration"},"content":{"rendered":"<p>Alors que ce d\u00e9but avril nous permettra de suivre la c\u00e9l\u00e8bre Gainsbarre \u00e0 Portbail-sur-Mer, comptant pour la coupe de France N1, et \u00e0 quelques semaines du Tour de la Manche, la pr\u00e9paration des \u00ab\u00a03 jours de Cherbourg en Cotentin\u00a0\u00bb bat son plein.<\/p>\n<p>C\u2019est la 44\u00e8me \u00e9dition qui attend les amoureux de la \u00ab petite Reine \u00bb les <strong>30, 31 ao\u00fbt et 1er septembre<\/strong>\u00a0prochains.<\/p>\n<p>150 coureurs s\u2019\u00e9lanceront pour les 3 circuits de 163 km, 166 km puis 130 km, issus de bons nombres de clubs N1 (dont le Team Bricqubec Cotentin), de N2 (dont\u00a0 Moyon et Torigny) et N3 (dont Avranches). Ils seront compl\u00e9t\u00e9s par 4 \u00e9quipes \u00e9trang\u00e8res et sans doute une S\u00e9lection Normande.<\/p>\n<p>Ce sera une fois de plus, en septembre prochain, l\u2019un des meilleurs plateaux de cyclisme amateur de France qui, nous l\u2019esp\u00e9rons, drainera des milliers d\u2019amoureux du v\u00e9lo sur les routes de notre beau Cotentin.<\/p>\n<p>Et \u00e0 nouveau, cette 44\u00e8me \u00e9dition des \u00ab 3 jours de Cherbourg en Cotentin \u00bb comptera pour le Challenge Raymond Poulidor.<\/p>\n<p>Au menu des trois \u00e9tapes\u00a0:<\/p>\n<div id=\"attachment_4061\" class=\"wp-caption alignright\">\n<p id=\"caption-attachment-4061\" class=\"wp-caption-text\">\n<\/div>\n<p>\u2013 Un tour du Val-de-Saire qui se terminera par trois tours de circuit et une spectaculaire arriv\u00e9e \u00e0 Bricquebec-en-Cotentin, apr\u00e8s 163 km de course.<\/p>\n<div id=\"attachment_4630\" style=\"width: 310px\" class=\"wp-caption aligncenter\"><img data-recalc-dims=\"1\" loading=\"lazy\" decoding=\"async\" aria-describedby=\"caption-attachment-4630\" data-attachment-id=\"4630\" data-permalink=\"https:\/\/3joursdecherbourg.fr\/?attachment_id=4630\" data-orig-file=\"https:\/\/i0.wp.com\/3joursdecherbourg.fr\/wp-content\/uploads\/2024\/04\/IMG_2566.jpg?fit=2256%2C1504&amp;ssl=1\" data-orig-size=\"2256,1504\" data-comments-opened=\"1\" data-image-meta=\"{&quot;aperture&quot;:&quot;8&quot;,&quot;credit&quot;:&quot;&quot;,&quot;camera&quot;:&quot;Canon EOS 1100D&quot;,&quot;caption&quot;:&quot;&quot;,&quot;created_timestamp&quot;:&quot;1693596593&quot;,&quot;copyright&quot;:&quot;&quot;,&quot;focal_length&quot;:&quot;109&quot;,&quot;iso&quot;:&quot;100&quot;,&quot;shutter_speed&quot;:&quot;0.004&quot;,&quot;title&quot;:&quot;&quot;,&quot;orientation&quot;:&quot;1&quot;}\" data-image-title=\"IMG_2566\" data-image-description=\"\" data-image-caption=\"&lt;p&gt;Une bien belle arriv\u00e9e pour un nombreux public \u00e0 Bricquebec-en-Cotentin&lt;\/p&gt;\n\" data-medium-file=\"https:\/\/i0.wp.com\/3joursdecherbourg.fr\/wp-content\/uploads\/2024\/04\/IMG_2566.jpg?fit=300%2C200&amp;ssl=1\" data-large-file=\"https:\/\/i0.wp.com\/3joursdecherbourg.fr\/wp-content\/uploads\/2024\/04\/IMG_2566.jpg?fit=640%2C427&amp;ssl=1\" class=\"size-medium wp-image-4630\" src=\"https:\/\/i0.wp.com\/3joursdecherbourg.fr\/wp-content\/uploads\/2024\/04\/IMG_2566.jpg?resize=300%2C200&#038;ssl=1\" alt=\"\" width=\"300\" height=\"200\" srcset=\"https:\/\/i0.wp.com\/3joursdecherbourg.fr\/wp-content\/uploads\/2024\/04\/IMG_2566.jpg?resize=300%2C200&amp;ssl=1 300w, https:\/\/i0.wp.com\/3joursdecherbourg.fr\/wp-content\/uploads\/2024\/04\/IMG_2566.jpg?resize=1024%2C683&amp;ssl=1 1024w, https:\/\/i0.wp.com\/3joursdecherbourg.fr\/wp-content\/uploads\/2024\/04\/IMG_2566.jpg?resize=768%2C512&amp;ssl=1 768w, https:\/\/i0.wp.com\/3joursdecherbourg.fr\/wp-content\/uploads\/2024\/04\/IMG_2566.jpg?resize=1536%2C1024&amp;ssl=1 1536w, https:\/\/i0.wp.com\/3joursdecherbourg.fr\/wp-content\/uploads\/2024\/04\/IMG_2566.jpg?resize=2048%2C1365&amp;ssl=1 2048w, https:\/\/i0.wp.com\/3joursdecherbourg.fr\/wp-content\/uploads\/2024\/04\/IMG_2566.jpg?w=1280&amp;ssl=1 1280w, https:\/\/i0.wp.com\/3joursdecherbourg.fr\/wp-content\/uploads\/2024\/04\/IMG_2566.jpg?w=1920&amp;ssl=1 1920w\" sizes=\"auto, (max-width: 300px) 100vw, 300px\" \/><p id=\"caption-attachment-4630\" class=\"wp-caption-text\">Une bien belle arriv\u00e9e pour un nombreux public \u00e0 Bricquebec-en-Cotentin<\/p><\/div>\n<p>\u2013 Un tour de la Hague avant trois tours de circuit \u00e0 Octeville pour 166 km.<\/p>\n<div id=\"attachment_4632\" style=\"width: 310px\" class=\"wp-caption alignright\"><img data-recalc-dims=\"1\" loading=\"lazy\" decoding=\"async\" aria-describedby=\"caption-attachment-4632\" data-attachment-id=\"4632\" data-permalink=\"https:\/\/3joursdecherbourg.fr\/?attachment_id=4632\" data-orig-file=\"https:\/\/i0.wp.com\/3joursdecherbourg.fr\/wp-content\/uploads\/2024\/04\/DSC_4301.jpg?fit=2256%2C1496&amp;ssl=1\" data-orig-size=\"2256,1496\" data-comments-opened=\"1\" data-image-meta=\"{&quot;aperture&quot;:&quot;8&quot;,&quot;credit&quot;:&quot;&quot;,&quot;camera&quot;:&quot;NIKON D50&quot;,&quot;caption&quot;:&quot;&quot;,&quot;created_timestamp&quot;:&quot;1693657905&quot;,&quot;copyright&quot;:&quot;&quot;,&quot;focal_length&quot;:&quot;18&quot;,&quot;iso&quot;:&quot;0&quot;,&quot;shutter_speed&quot;:&quot;0.004&quot;,&quot;title&quot;:&quot;&quot;,&quot;orientation&quot;:&quot;1&quot;}\" data-image-title=\"DSC_4301\" data-image-description=\"\" data-image-caption=\"&lt;p&gt;Dans la Hague qui nous d\u00e9voile toutes ses beaut\u00e9s.&lt;\/p&gt;\n\" data-medium-file=\"https:\/\/i0.wp.com\/3joursdecherbourg.fr\/wp-content\/uploads\/2024\/04\/DSC_4301.jpg?fit=300%2C199&amp;ssl=1\" data-large-file=\"https:\/\/i0.wp.com\/3joursdecherbourg.fr\/wp-content\/uploads\/2024\/04\/DSC_4301.jpg?fit=640%2C424&amp;ssl=1\" class=\"size-medium wp-image-4632\" src=\"https:\/\/i0.wp.com\/3joursdecherbourg.fr\/wp-content\/uploads\/2024\/04\/DSC_4301.jpg?resize=300%2C199&#038;ssl=1\" alt=\"\" width=\"300\" height=\"199\" srcset=\"https:\/\/i0.wp.com\/3joursdecherbourg.fr\/wp-content\/uploads\/2024\/04\/DSC_4301.jpg?resize=300%2C199&amp;ssl=1 300w, https:\/\/i0.wp.com\/3joursdecherbourg.fr\/wp-content\/uploads\/2024\/04\/DSC_4301.jpg?resize=1024%2C679&amp;ssl=1 1024w, https:\/\/i0.wp.com\/3joursdecherbourg.fr\/wp-content\/uploads\/2024\/04\/DSC_4301.jpg?resize=768%2C509&amp;ssl=1 768w, https:\/\/i0.wp.com\/3joursdecherbourg.fr\/wp-content\/uploads\/2024\/04\/DSC_4301.jpg?resize=1536%2C1019&amp;ssl=1 1536w, https:\/\/i0.wp.com\/3joursdecherbourg.fr\/wp-content\/uploads\/2024\/04\/DSC_4301.jpg?resize=2048%2C1358&amp;ssl=1 2048w, https:\/\/i0.wp.com\/3joursdecherbourg.fr\/wp-content\/uploads\/2024\/04\/DSC_4301.jpg?w=1280&amp;ssl=1 1280w, https:\/\/i0.wp.com\/3joursdecherbourg.fr\/wp-content\/uploads\/2024\/04\/DSC_4301.jpg?w=1920&amp;ssl=1 1920w\" sizes=\"auto, (max-width: 300px) 100vw, 300px\" \/><p id=\"caption-attachment-4632\" class=\"wp-caption-text\">Dans la Hague qui nous d\u00e9voile toutes ses beaut\u00e9s.<\/p><\/div>\n<p>\u2013 La Hague, encore mais \u00e0 contre-sens, avant l\u2019apoth\u00e9ose de la Montagne du Roule apr\u00e8s 130 km.<\/p>\n<p>Avec la \u00ab\u00a0F\u00eate du V\u00e9lo\u00a0\u00bb et le contre la montre populaire du dimanche, c\u2019est assur\u00e9ment le Cyclisme qui sera \u00e0 l\u2019honneur en Cotentin le\u00a0<strong>vendredi 30, samedi 31 ao\u00fbt et dimanche 1er septembre<\/strong>\u00a0prochains.<\/p>\n<p><a href=\"https:\/\/3joursdecherbourg.fr\/?page_id=4109\">Le dossier de pr\u00e9sentation<\/a><\/p>\n<p><a href=\"https:\/\/3joursdecherbourg.fr\/?page_id=4616\">Les \u00e9quipes pr\u00e9-inscrites<\/a><\/p>\n<div id=\"attachment_4064\" class=\"wp-caption aligncenter\">\n<div id=\"attachment_4633\" style=\"width: 650px\" class=\"wp-caption alignright\"><img data-recalc-dims=\"1\" loading=\"lazy\" decoding=\"async\" aria-describedby=\"caption-attachment-4633\" data-attachment-id=\"4633\" data-permalink=\"https:\/\/3joursdecherbourg.fr\/?attachment_id=4633\" data-orig-file=\"https:\/\/i0.wp.com\/3joursdecherbourg.fr\/wp-content\/uploads\/2024\/04\/DSC_4479.jpg?fit=2256%2C1496&amp;ssl=1\" data-orig-size=\"2256,1496\" data-comments-opened=\"1\" data-image-meta=\"{&quot;aperture&quot;:&quot;6.3&quot;,&quot;credit&quot;:&quot;&quot;,&quot;camera&quot;:&quot;NIKON D50&quot;,&quot;caption&quot;:&quot;&quot;,&quot;created_timestamp&quot;:&quot;1693754197&quot;,&quot;copyright&quot;:&quot;&quot;,&quot;focal_length&quot;:&quot;55&quot;,&quot;iso&quot;:&quot;0&quot;,&quot;shutter_speed&quot;:&quot;0.00625&quot;,&quot;title&quot;:&quot;&quot;,&quot;orientation&quot;:&quot;1&quot;}\" data-image-title=\"DSC_4479\" data-image-description=\"\" data-image-caption=\"&lt;p&gt;Pour qui le maillot aux couleurs de la ville de Cherbourg-en-Cotentin en 2024?&lt;\/p&gt;\n\" data-medium-file=\"https:\/\/i0.wp.com\/3joursdecherbourg.fr\/wp-content\/uploads\/2024\/04\/DSC_4479.jpg?fit=300%2C199&amp;ssl=1\" data-large-file=\"https:\/\/i0.wp.com\/3joursdecherbourg.fr\/wp-content\/uploads\/2024\/04\/DSC_4479.jpg?fit=640%2C424&amp;ssl=1\" class=\"size-large wp-image-4633\" src=\"https:\/\/i0.wp.com\/3joursdecherbourg.fr\/wp-content\/uploads\/2024\/04\/DSC_4479.jpg?resize=640%2C424&#038;ssl=1\" alt=\"\" width=\"640\" height=\"424\" srcset=\"https:\/\/i0.wp.com\/3joursdecherbourg.fr\/wp-content\/uploads\/2024\/04\/DSC_4479.jpg?resize=1024%2C679&amp;ssl=1 1024w, https:\/\/i0.wp.com\/3joursdecherbourg.fr\/wp-content\/uploads\/2024\/04\/DSC_4479.jpg?resize=300%2C199&amp;ssl=1 300w, https:\/\/i0.wp.com\/3joursdecherbourg.fr\/wp-content\/uploads\/2024\/04\/DSC_4479.jpg?resize=768%2C509&amp;ssl=1 768w, https:\/\/i0.wp.com\/3joursdecherbourg.fr\/wp-content\/uploads\/2024\/04\/DSC_4479.jpg?resize=1536%2C1019&amp;ssl=1 1536w, https:\/\/i0.wp.com\/3joursdecherbourg.fr\/wp-content\/uploads\/2024\/04\/DSC_4479.jpg?resize=2048%2C1358&amp;ssl=1 2048w, https:\/\/i0.wp.com\/3joursdecherbourg.fr\/wp-content\/uploads\/2024\/04\/DSC_4479.jpg?w=1280&amp;ssl=1 1280w, https:\/\/i0.wp.com\/3joursdecherbourg.fr\/wp-content\/uploads\/2024\/04\/DSC_4479.jpg?w=1920&amp;ssl=1 1920w\" sizes=\"auto, (max-width: 640px) 100vw, 640px\" \/><p id=\"caption-attachment-4633\" class=\"wp-caption-text\">Pour qui le maillot aux couleurs de la ville de Cherbourg-en-Cotentin en 2024?<\/p><\/div>\n<div id=\"attachment_4634\" style=\"width: 650px\" class=\"wp-caption alignleft\"><img data-recalc-dims=\"1\" loading=\"lazy\" decoding=\"async\" aria-describedby=\"caption-attachment-4634\" data-attachment-id=\"4634\" data-permalink=\"https:\/\/3joursdecherbourg.fr\/?attachment_id=4634\" data-orig-file=\"https:\/\/i0.wp.com\/3joursdecherbourg.fr\/wp-content\/uploads\/2024\/04\/DSC_4486.jpg?fit=2256%2C1496&amp;ssl=1\" data-orig-size=\"2256,1496\" data-comments-opened=\"1\" data-image-meta=\"{&quot;aperture&quot;:&quot;5.6&quot;,&quot;credit&quot;:&quot;&quot;,&quot;camera&quot;:&quot;NIKON D50&quot;,&quot;caption&quot;:&quot;&quot;,&quot;created_timestamp&quot;:&quot;1693754447&quot;,&quot;copyright&quot;:&quot;&quot;,&quot;focal_length&quot;:&quot;30&quot;,&quot;iso&quot;:&quot;0&quot;,&quot;shutter_speed&quot;:&quot;0.002&quot;,&quot;title&quot;:&quot;&quot;,&quot;orientation&quot;:&quot;1&quot;}\" data-image-title=\"DSC_4486\" data-image-description=\"\" data-image-caption=\"&lt;p&gt;Et encore un podium final de cadors en 2024, n&amp;rsquo;en doutons pas!&lt;\/p&gt;\n\" data-medium-file=\"https:\/\/i0.wp.com\/3joursdecherbourg.fr\/wp-content\/uploads\/2024\/04\/DSC_4486.jpg?fit=300%2C199&amp;ssl=1\" data-large-file=\"https:\/\/i0.wp.com\/3joursdecherbourg.fr\/wp-content\/uploads\/2024\/04\/DSC_4486.jpg?fit=640%2C424&amp;ssl=1\" class=\"size-large wp-image-4634\" src=\"https:\/\/i0.wp.com\/3joursdecherbourg.fr\/wp-content\/uploads\/2024\/04\/DSC_4486.jpg?resize=640%2C424&#038;ssl=1\" alt=\"\" width=\"640\" height=\"424\" srcset=\"https:\/\/i0.wp.com\/3joursdecherbourg.fr\/wp-content\/uploads\/2024\/04\/DSC_4486.jpg?resize=1024%2C679&amp;ssl=1 1024w, https:\/\/i0.wp.com\/3joursdecherbourg.fr\/wp-content\/uploads\/2024\/04\/DSC_4486.jpg?resize=300%2C199&amp;ssl=1 300w, https:\/\/i0.wp.com\/3joursdecherbourg.fr\/wp-content\/uploads\/2024\/04\/DSC_4486.jpg?resize=768%2C509&amp;ssl=1 768w, https:\/\/i0.wp.com\/3joursdecherbourg.fr\/wp-content\/uploads\/2024\/04\/DSC_4486.jpg?resize=1536%2C1019&amp;ssl=1 1536w, https:\/\/i0.wp.com\/3joursdecherbourg.fr\/wp-content\/uploads\/2024\/04\/DSC_4486.jpg?resize=2048%2C1358&amp;ssl=1 2048w, https:\/\/i0.wp.com\/3joursdecherbourg.fr\/wp-content\/uploads\/2024\/04\/DSC_4486.jpg?w=1280&amp;ssl=1 1280w, https:\/\/i0.wp.com\/3joursdecherbourg.fr\/wp-content\/uploads\/2024\/04\/DSC_4486.jpg?w=1920&amp;ssl=1 1920w\" sizes=\"auto, (max-width: 640px) 100vw, 640px\" \/><p id=\"caption-attachment-4634\" class=\"wp-caption-text\">Et encore un podium final de cadors en 2024, n&rsquo;en doutons pas!<\/p><\/div>\n<p id=\"caption-attachment-4064\" class=\"wp-caption-text\">\n<\/div>\n","protected":false},"excerpt":{"rendered":"<p>Alors que ce d\u00e9but avril nous permettra de suivre la c\u00e9l\u00e8bre Gainsbarre \u00e0 Portbail-sur-Mer, comptant pour la coupe de France N1, et \u00e0 quelques semaines du Tour de la Manche, la pr\u00e9paration des \u00ab\u00a03 jours de Cherbourg en Cotentin\u00a0\u00bb bat &hellip; <a href=\"https:\/\/3joursdecherbourg.fr\/?p=4628\">Continuer la lecture <span class=\"meta-nav\">&rarr;<\/span><\/a><\/p>\n","protected":false},"author":1,"featured_media":0,"comment_status":"open","ping_status":"open","sticky":false,"template":"","format":"standard","meta":{"_jetpack_newsletter_access":"","_jetpack_dont_email_post_to_subs":false,"_jetpack_newsletter_tier_id":0,"_jetpack_memberships_contains_paywalled_content":false,"_jetpack_memberships_contains_paid_content":false,"footnotes":""},"categories":[1],"tags":[],"class_list":["post-4628","post","type-post","status-publish","format-standard","hentry","category-non-classe"],"jetpack_featured_media_url":"","jetpack_shortlink":"https:\/\/wp.me\/p8fpGS-1cE","jetpack-related-posts":[{"id":5632,"url":"https:\/\/3joursdecherbourg.fr\/?p=5632","url_meta":{"origin":4628,"position":0},"title":"Les \u00ab\u00a03 jours\u00a0\u00bb se pr\u00e9parent","author":"admin3809","date":"10 mars 2026","format":false,"excerpt":"C'est reparti pour la pr\u00e9paration de la 46e \u00e9dition des \"3 jours de Cherbourg en Cotentin\". Retenez bien les dates: vendredi 4, samedi 5 et dimanche 6 septembre 2026. A nouveau 150 coureurs s\u2019\u00e9lanceront pour les 3 circuits de 150 km, issus de bons nombres de clubs N1 (dont le\u2026","rel":"","context":"Dans &quot;Non class\u00e9&quot;","block_context":{"text":"Non class\u00e9","link":"https:\/\/3joursdecherbourg.fr\/?cat=1"},"img":{"alt_text":"","src":"","width":0,"height":0},"classes":[]},{"id":4057,"url":"https:\/\/3joursdecherbourg.fr\/?p=4057","url_meta":{"origin":4628,"position":1},"title":"en route vers septembre pour les \u00ab\u00a03 jours\u00a0\u00bb","author":"admin3809","date":"28 f\u00e9vrier 2023","format":false,"excerpt":"Apr\u00e8s une ann\u00e9e 2022 exceptionnelle, qui a vu la finale de la Coupe de France des clubs N1\u00a0attribu\u00e9e aux \u00ab\u00a03 Jours de Cherbourg en Cotentin\u00a0\u00bb, c\u2019est une 43\u00e8me \u00e9dition plus traditionnelle qui attend les amoureux de la \u00ab\u00a0petite Reine\u00a0\u00bb les 1er, 2 et 3 septembre prochains. 150 coureurs s\u2019\u00e9lanceront pour\u2026","rel":"","context":"Dans &quot;Non class\u00e9&quot;","block_context":{"text":"Non class\u00e9","link":"https:\/\/3joursdecherbourg.fr\/?cat=1"},"img":{"alt_text":"","src":"https:\/\/i0.wp.com\/3joursdecherbourg.fr\/wp-content\/uploads\/2023\/02\/1DSC_4050-300x193.jpg?resize=350%2C200&ssl=1","width":350,"height":200},"classes":[]},{"id":3134,"url":"https:\/\/3joursdecherbourg.fr\/?p=3134","url_meta":{"origin":4628,"position":2},"title":"Les \u00ab\u00a03 jours\u00a0\u00bb: finale de la Coupe de France des Clubs N1","author":"admin3809","date":"16 avril 2022","format":false,"excerpt":"La\u00a0finale de la Coupe de France des clubs N1\u00a0est attribu\u00e9e aux \u00ab\u00a03 Jours de Cherbourg en Cotentin\u00a0\u00bb les\u00a02, 3 et 4 septembre 2022. C\u2019est pour nous organisateurs une grande responsabilit\u00e9 et la r\u00e9compense des efforts d\u00e9ploy\u00e9s depuis tant d\u2019ann\u00e9es pour faire de nos \u00ab\u00a03 jours\u00a0\u00bb une \u00e9preuve la plus attrayante\u2026","rel":"","context":"Dans &quot;Non class\u00e9&quot;","block_context":{"text":"Non class\u00e9","link":"https:\/\/3joursdecherbourg.fr\/?cat=1"},"img":{"alt_text":"","src":"https:\/\/i0.wp.com\/3joursdecherbourg.fr\/wp-content\/uploads\/2022\/04\/DSC_3025-300x199.jpg?resize=350%2C200&ssl=1","width":350,"height":200},"classes":[]},{"id":3024,"url":"https:\/\/3joursdecherbourg.fr\/?p=3024","url_meta":{"origin":4628,"position":3},"title":"La coupe de France N1 pour les 3 Jours de Cherbourg en Cotentin","author":"admin3809","date":"18 octobre 2021","format":false,"excerpt":"Le communiqu\u00e9 de la FFC est tomb\u00e9 en milieu d'apr\u00e8s-midi, c'est donc officiel: la finale de la Coupe de France des clubs N1 est attribu\u00e9e aux 3 Jours de Cherbourg en Cotentin les 2, 3 et 4 septembre 2022. C'est pour nous organisateurs une grande responsabilit\u00e9 et la r\u00e9compense des\u2026","rel":"","context":"Dans &quot;Non class\u00e9&quot;","block_context":{"text":"Non class\u00e9","link":"https:\/\/3joursdecherbourg.fr\/?cat=1"},"img":{"alt_text":"","src":"","width":0,"height":0},"classes":[]},{"id":2353,"url":"https:\/\/3joursdecherbourg.fr\/?p=2353","url_meta":{"origin":4628,"position":4},"title":"Les 3 jours se pr\u00e9parent&#8230;","author":"admin3809","date":"29 mars 2021","format":false,"excerpt":"Chaque jour qui passe nous apporte son lot d'annulations de courses, il nous faut vraiment garder le moral pour croire que septembre sera meilleur et que nous pourrons retrouver le plaisir d'une nouvelle (la 41\u00e8me) \u00e9dition des \"3 jours de Cherbourg en Cotentin\". Un point sur la pr\u00e9paration: Nous avons\u2026","rel":"","context":"Dans &quot;Non class\u00e9&quot;","block_context":{"text":"Non class\u00e9","link":"https:\/\/3joursdecherbourg.fr\/?cat=1"},"img":{"alt_text":"","src":"https:\/\/i0.wp.com\/3joursdecherbourg.fr\/wp-content\/uploads\/2021\/03\/20210327_154634-scaled.jpg?resize=350%2C200&ssl=1","width":350,"height":200,"srcset":"https:\/\/i0.wp.com\/3joursdecherbourg.fr\/wp-content\/uploads\/2021\/03\/20210327_154634-scaled.jpg?resize=350%2C200&ssl=1 1x, https:\/\/i0.wp.com\/3joursdecherbourg.fr\/wp-content\/uploads\/2021\/03\/20210327_154634-scaled.jpg?resize=525%2C300&ssl=1 1.5x, https:\/\/i0.wp.com\/3joursdecherbourg.fr\/wp-content\/uploads\/2021\/03\/20210327_154634-scaled.jpg?resize=700%2C400&ssl=1 2x, https:\/\/i0.wp.com\/3joursdecherbourg.fr\/wp-content\/uploads\/2021\/03\/20210327_154634-scaled.jpg?resize=1050%2C600&ssl=1 3x, https:\/\/i0.wp.com\/3joursdecherbourg.fr\/wp-content\/uploads\/2021\/03\/20210327_154634-scaled.jpg?resize=1400%2C800&ssl=1 4x"},"classes":[]},{"id":3047,"url":"https:\/\/3joursdecherbourg.fr\/?p=3047","url_meta":{"origin":4628,"position":5},"title":"Assembl\u00e9e G\u00e9n\u00e9rale 2021","author":"admin3809","date":"22 novembre 2021","format":false,"excerpt":"L\u2019Amicale Cycliste des Trois Jours de Cherbourg a tenu son Assembl\u00e9e G\u00e9n\u00e9rale annuelle statutaire ce vendredi 12 novembre 2021, \u00e0 la salle du gymnase Maurice Postaire (Cherbourg-en-Cotentin). \u00a0 Le Pr\u00e9sident, Bernard BERHAULT, a accueilli l\u2019assembl\u00e9e en excusant quelques invit\u00e9s absents. Il a exprim\u00e9 sa satisfaction apr\u00e8s le succ\u00e8s de cette\u2026","rel":"","context":"Dans &quot;Non class\u00e9&quot;","block_context":{"text":"Non class\u00e9","link":"https:\/\/3joursdecherbourg.fr\/?cat=1"},"img":{"alt_text":"","src":"https:\/\/i0.wp.com\/3joursdecherbourg.fr\/wp-content\/uploads\/2021\/11\/IMG_5046.jpg?resize=350%2C200&ssl=1","width":350,"height":200,"srcset":"https:\/\/i0.wp.com\/3joursdecherbourg.fr\/wp-content\/uploads\/2021\/11\/IMG_5046.jpg?resize=350%2C200&ssl=1 1x, https:\/\/i0.wp.com\/3joursdecherbourg.fr\/wp-content\/uploads\/2021\/11\/IMG_5046.jpg?resize=525%2C300&ssl=1 1.5x, https:\/\/i0.wp.com\/3joursdecherbourg.fr\/wp-content\/uploads\/2021\/11\/IMG_5046.jpg?resize=700%2C400&ssl=1 2x, https:\/\/i0.wp.com\/3joursdecherbourg.fr\/wp-content\/uploads\/2021\/11\/IMG_5046.jpg?resize=1050%2C600&ssl=1 3x, https:\/\/i0.wp.com\/3joursdecherbourg.fr\/wp-content\/uploads\/2021\/11\/IMG_5046.jpg?resize=1400%2C800&ssl=1 4x"},"classes":[]}],"jetpack_likes_enabled":false,"jetpack_sharing_enabled":true,"_links":{"self":[{"href":"https:\/\/3joursdecherbourg.fr\/index.php?rest_route=\/wp\/v2\/posts\/4628","targetHints":{"allow":["GET"]}}],"collection":[{"href":"https:\/\/3joursdecherbourg.fr\/index.php?rest_route=\/wp\/v2\/posts"}],"about":[{"href":"https:\/\/3joursdecherbourg.fr\/index.php?rest_route=\/wp\/v2\/types\/post"}],"author":[{"embeddable":true,"href":"https:\/\/3joursdecherbourg.fr\/index.php?rest_route=\/wp\/v2\/users\/1"}],"replies":[{"embeddable":true,"href":"https:\/\/3joursdecherbourg.fr\/index.php?rest_route=%2Fwp%2Fv2%2Fcomments&post=4628"}],"version-history":[{"count":4,"href":"https:\/\/3joursdecherbourg.fr\/index.php?rest_route=\/wp\/v2\/posts\/4628\/revisions"}],"predecessor-version":[{"id":5631,"href":"https:\/\/3joursdecherbourg.fr\/index.php?rest_route=\/wp\/v2\/posts\/4628\/revisions\/5631"}],"wp:attachment":[{"href":"https:\/\/3joursdecherbourg.fr\/index.php?rest_route=%2Fwp%2Fv2%2Fmedia&parent=4628"}],"wp:term":[{"taxonomy":"category","embeddable":true,"href":"https:\/\/3joursdecherbourg.fr\/index.php?rest_route=%2Fwp%2Fv2%2Fcategories&post=4628"},{"taxonomy":"post_tag","embeddable":true,"href":"https:\/\/3joursdecherbourg.fr\/index.php?rest_route=%2Fwp%2Fv2%2Ftags&post=4628"}],"curies":[{"name":"wp","href":"https:\/\/api.w.org\/{rel}","templated":true}]}}