{"id":4752,"date":"2024-08-24T17:18:51","date_gmt":"2024-08-24T15:18:51","guid":{"rendered":"https:\/\/3joursdecherbourg.fr\/?p=4752"},"modified":"2024-08-24T17:24:12","modified_gmt":"2024-08-24T15:24:12","slug":"dans-une-semaine-les-3-jours-2","status":"publish","type":"post","link":"https:\/\/3joursdecherbourg.fr\/?p=4752","title":{"rendered":"Dans une semaine, les \u00ab\u00a03 jours\u00a0\u00bb"},"content":{"rendered":"<div id=\"attachment_4760\" style=\"width: 650px\" class=\"wp-caption aligncenter\"><img data-recalc-dims=\"1\" loading=\"lazy\" decoding=\"async\" aria-describedby=\"caption-attachment-4760\" data-attachment-id=\"4760\" data-permalink=\"https:\/\/3joursdecherbourg.fr\/?attachment_id=4760\" data-orig-file=\"https:\/\/i0.wp.com\/3joursdecherbourg.fr\/wp-content\/uploads\/2024\/08\/IMG_0736-scaled.jpg?fit=2560%2C1707&amp;ssl=1\" data-orig-size=\"2560,1707\" data-comments-opened=\"1\" data-image-meta=\"{&quot;aperture&quot;:&quot;4&quot;,&quot;credit&quot;:&quot;&quot;,&quot;camera&quot;:&quot;Canon EOS 1300D&quot;,&quot;caption&quot;:&quot;&quot;,&quot;created_timestamp&quot;:&quot;1724438975&quot;,&quot;copyright&quot;:&quot;&quot;,&quot;focal_length&quot;:&quot;31&quot;,&quot;iso&quot;:&quot;800&quot;,&quot;shutter_speed&quot;:&quot;0.016666666666667&quot;,&quot;title&quot;:&quot;&quot;,&quot;orientation&quot;:&quot;1&quot;}\" data-image-title=\"IMG_0736\" data-image-description=\"\" data-image-caption=\"&lt;p&gt;Le Maillot de Leader, aux couleurs de la Ville de Cherbourg-en-Cotentin&lt;\/p&gt;\n\" data-medium-file=\"https:\/\/i0.wp.com\/3joursdecherbourg.fr\/wp-content\/uploads\/2024\/08\/IMG_0736-scaled.jpg?fit=300%2C200&amp;ssl=1\" data-large-file=\"https:\/\/i0.wp.com\/3joursdecherbourg.fr\/wp-content\/uploads\/2024\/08\/IMG_0736-scaled.jpg?fit=640%2C427&amp;ssl=1\" class=\"size-large wp-image-4760\" src=\"https:\/\/i0.wp.com\/3joursdecherbourg.fr\/wp-content\/uploads\/2024\/08\/IMG_0736.jpg?resize=640%2C427&#038;ssl=1\" alt=\"\" width=\"640\" height=\"427\" srcset=\"https:\/\/i0.wp.com\/3joursdecherbourg.fr\/wp-content\/uploads\/2024\/08\/IMG_0736-scaled.jpg?resize=1024%2C683&amp;ssl=1 1024w, https:\/\/i0.wp.com\/3joursdecherbourg.fr\/wp-content\/uploads\/2024\/08\/IMG_0736-scaled.jpg?resize=300%2C200&amp;ssl=1 300w, https:\/\/i0.wp.com\/3joursdecherbourg.fr\/wp-content\/uploads\/2024\/08\/IMG_0736-scaled.jpg?resize=768%2C512&amp;ssl=1 768w, https:\/\/i0.wp.com\/3joursdecherbourg.fr\/wp-content\/uploads\/2024\/08\/IMG_0736-scaled.jpg?resize=1536%2C1024&amp;ssl=1 1536w, https:\/\/i0.wp.com\/3joursdecherbourg.fr\/wp-content\/uploads\/2024\/08\/IMG_0736-scaled.jpg?resize=2048%2C1365&amp;ssl=1 2048w, https:\/\/i0.wp.com\/3joursdecherbourg.fr\/wp-content\/uploads\/2024\/08\/IMG_0736-scaled.jpg?w=1280&amp;ssl=1 1280w, https:\/\/i0.wp.com\/3joursdecherbourg.fr\/wp-content\/uploads\/2024\/08\/IMG_0736-scaled.jpg?w=1920&amp;ssl=1 1920w\" sizes=\"auto, (max-width: 640px) 100vw, 640px\" \/><p id=\"caption-attachment-4760\" class=\"wp-caption-text\">Le Maillot de Leader, aux couleurs de la Ville de Cherbourg-en-Cotentin<\/p><\/div>\n<p>Une ann\u00e9e passe, avec des r\u00e9unions, des d\u00e9placements, des dossiers \u00e0 remplir, des coups de fil nombreux&#8230; et puis nous y voil\u00e0, c&rsquo;est dans une semaine! Apr\u00e8s une r\u00e9union de signaleurs ce jeudi soir, nos fameux \u00ab\u00a0gardiens de carrefours\u00a0\u00bb si pr\u00e9cieux et tellement indispensables, le coup d&rsquo;envoi des \u00ab\u00a03 jours\u00a0\u00bb c&rsquo;est la <strong>remise des maillots<\/strong>! Elle a eu lieu ce vendredi 23 ao\u00fbt dans le magnifique salon de l&rsquo;Imp\u00e9ratrice de la mairie de Cherbourg-en-Cotentin.<\/p>\n<p>Apr\u00e8s une rapide pr\u00e9sentation de la course, chaque partenaire s&rsquo;est vu pr\u00e9senter le maillot (ou les casquettes) qui le repr\u00e9sentera pendant ces \u00ab\u00a03 jours de Cherbourg en Cotentin\u00a0\u00bb.<\/p>\n<div id=\"attachment_4761\" style=\"width: 650px\" class=\"wp-caption aligncenter\"><img data-recalc-dims=\"1\" loading=\"lazy\" decoding=\"async\" aria-describedby=\"caption-attachment-4761\" data-attachment-id=\"4761\" data-permalink=\"https:\/\/3joursdecherbourg.fr\/?attachment_id=4761\" data-orig-file=\"https:\/\/i0.wp.com\/3joursdecherbourg.fr\/wp-content\/uploads\/2024\/08\/IMG_0737-scaled.jpg?fit=2560%2C1707&amp;ssl=1\" data-orig-size=\"2560,1707\" data-comments-opened=\"1\" data-image-meta=\"{&quot;aperture&quot;:&quot;4&quot;,&quot;credit&quot;:&quot;&quot;,&quot;camera&quot;:&quot;Canon EOS 1300D&quot;,&quot;caption&quot;:&quot;&quot;,&quot;created_timestamp&quot;:&quot;1724439048&quot;,&quot;copyright&quot;:&quot;&quot;,&quot;focal_length&quot;:&quot;18&quot;,&quot;iso&quot;:&quot;800&quot;,&quot;shutter_speed&quot;:&quot;0.016666666666667&quot;,&quot;title&quot;:&quot;&quot;,&quot;orientation&quot;:&quot;1&quot;}\" data-image-title=\"IMG_0737\" data-image-description=\"\" data-image-caption=\"&lt;p&gt;Et que la course commence, les tuniques des vainqueurs sont pr\u00eates!&lt;\/p&gt;\n\" data-medium-file=\"https:\/\/i0.wp.com\/3joursdecherbourg.fr\/wp-content\/uploads\/2024\/08\/IMG_0737-scaled.jpg?fit=300%2C200&amp;ssl=1\" data-large-file=\"https:\/\/i0.wp.com\/3joursdecherbourg.fr\/wp-content\/uploads\/2024\/08\/IMG_0737-scaled.jpg?fit=640%2C427&amp;ssl=1\" class=\"size-large wp-image-4761\" src=\"https:\/\/i0.wp.com\/3joursdecherbourg.fr\/wp-content\/uploads\/2024\/08\/IMG_0737.jpg?resize=640%2C427&#038;ssl=1\" alt=\"\" width=\"640\" height=\"427\" srcset=\"https:\/\/i0.wp.com\/3joursdecherbourg.fr\/wp-content\/uploads\/2024\/08\/IMG_0737-scaled.jpg?resize=1024%2C683&amp;ssl=1 1024w, https:\/\/i0.wp.com\/3joursdecherbourg.fr\/wp-content\/uploads\/2024\/08\/IMG_0737-scaled.jpg?resize=300%2C200&amp;ssl=1 300w, https:\/\/i0.wp.com\/3joursdecherbourg.fr\/wp-content\/uploads\/2024\/08\/IMG_0737-scaled.jpg?resize=768%2C512&amp;ssl=1 768w, https:\/\/i0.wp.com\/3joursdecherbourg.fr\/wp-content\/uploads\/2024\/08\/IMG_0737-scaled.jpg?resize=1536%2C1024&amp;ssl=1 1536w, https:\/\/i0.wp.com\/3joursdecherbourg.fr\/wp-content\/uploads\/2024\/08\/IMG_0737-scaled.jpg?resize=2048%2C1365&amp;ssl=1 2048w, https:\/\/i0.wp.com\/3joursdecherbourg.fr\/wp-content\/uploads\/2024\/08\/IMG_0737-scaled.jpg?w=1280&amp;ssl=1 1280w, https:\/\/i0.wp.com\/3joursdecherbourg.fr\/wp-content\/uploads\/2024\/08\/IMG_0737-scaled.jpg?w=1920&amp;ssl=1 1920w\" sizes=\"auto, (max-width: 640px) 100vw, 640px\" \/><p id=\"caption-attachment-4761\" class=\"wp-caption-text\">Et que la course commence, les tuniques des vainqueurs sont pr\u00eates!<\/p><\/div>\n<p>\u00a0<\/p>\n<div id=\"attachment_4757\" style=\"width: 310px\" class=\"wp-caption alignright\"><img data-recalc-dims=\"1\" loading=\"lazy\" decoding=\"async\" aria-describedby=\"caption-attachment-4757\" data-attachment-id=\"4757\" data-permalink=\"https:\/\/3joursdecherbourg.fr\/?attachment_id=4757\" data-orig-file=\"https:\/\/i0.wp.com\/3joursdecherbourg.fr\/wp-content\/uploads\/2024\/08\/IMG_0730-scaled.jpg?fit=2560%2C1707&amp;ssl=1\" data-orig-size=\"2560,1707\" data-comments-opened=\"1\" data-image-meta=\"{&quot;aperture&quot;:&quot;4.5&quot;,&quot;credit&quot;:&quot;&quot;,&quot;camera&quot;:&quot;Canon EOS 1300D&quot;,&quot;caption&quot;:&quot;&quot;,&quot;created_timestamp&quot;:&quot;1724438880&quot;,&quot;copyright&quot;:&quot;&quot;,&quot;focal_length&quot;:&quot;37&quot;,&quot;iso&quot;:&quot;800&quot;,&quot;shutter_speed&quot;:&quot;0.016666666666667&quot;,&quot;title&quot;:&quot;&quot;,&quot;orientation&quot;:&quot;1&quot;}\" data-image-title=\"IMG_0730\" data-image-description=\"\" data-image-caption=\"&lt;p&gt;La Manche, bien s\u00fbr, pour le premier d\u00e9partemental.&lt;\/p&gt;\n\" data-medium-file=\"https:\/\/i0.wp.com\/3joursdecherbourg.fr\/wp-content\/uploads\/2024\/08\/IMG_0730-scaled.jpg?fit=300%2C200&amp;ssl=1\" data-large-file=\"https:\/\/i0.wp.com\/3joursdecherbourg.fr\/wp-content\/uploads\/2024\/08\/IMG_0730-scaled.jpg?fit=640%2C427&amp;ssl=1\" class=\"size-medium wp-image-4757\" src=\"https:\/\/i0.wp.com\/3joursdecherbourg.fr\/wp-content\/uploads\/2024\/08\/IMG_0730.jpg?resize=300%2C200&#038;ssl=1\" alt=\"\" width=\"300\" height=\"200\" srcset=\"https:\/\/i0.wp.com\/3joursdecherbourg.fr\/wp-content\/uploads\/2024\/08\/IMG_0730-scaled.jpg?resize=300%2C200&amp;ssl=1 300w, https:\/\/i0.wp.com\/3joursdecherbourg.fr\/wp-content\/uploads\/2024\/08\/IMG_0730-scaled.jpg?resize=1024%2C683&amp;ssl=1 1024w, https:\/\/i0.wp.com\/3joursdecherbourg.fr\/wp-content\/uploads\/2024\/08\/IMG_0730-scaled.jpg?resize=768%2C512&amp;ssl=1 768w, https:\/\/i0.wp.com\/3joursdecherbourg.fr\/wp-content\/uploads\/2024\/08\/IMG_0730-scaled.jpg?resize=1536%2C1024&amp;ssl=1 1536w, https:\/\/i0.wp.com\/3joursdecherbourg.fr\/wp-content\/uploads\/2024\/08\/IMG_0730-scaled.jpg?resize=2048%2C1365&amp;ssl=1 2048w, https:\/\/i0.wp.com\/3joursdecherbourg.fr\/wp-content\/uploads\/2024\/08\/IMG_0730-scaled.jpg?w=1280&amp;ssl=1 1280w, https:\/\/i0.wp.com\/3joursdecherbourg.fr\/wp-content\/uploads\/2024\/08\/IMG_0730-scaled.jpg?w=1920&amp;ssl=1 1920w\" sizes=\"auto, (max-width: 300px) 100vw, 300px\" \/><p id=\"caption-attachment-4757\" class=\"wp-caption-text\">La Manche, bien s\u00fbr, pour le premier d\u00e9partemental.<\/p><\/div>\n<div id=\"attachment_4755\" style=\"width: 310px\" class=\"wp-caption alignleft\"><img data-recalc-dims=\"1\" loading=\"lazy\" decoding=\"async\" aria-describedby=\"caption-attachment-4755\" data-attachment-id=\"4755\" data-permalink=\"https:\/\/3joursdecherbourg.fr\/?attachment_id=4755\" data-orig-file=\"https:\/\/i0.wp.com\/3joursdecherbourg.fr\/wp-content\/uploads\/2024\/08\/IMG_0728-scaled.jpg?fit=2560%2C1707&amp;ssl=1\" data-orig-size=\"2560,1707\" data-comments-opened=\"1\" data-image-meta=\"{&quot;aperture&quot;:&quot;4&quot;,&quot;credit&quot;:&quot;&quot;,&quot;camera&quot;:&quot;Canon EOS 1300D&quot;,&quot;caption&quot;:&quot;&quot;,&quot;created_timestamp&quot;:&quot;1724438777&quot;,&quot;copyright&quot;:&quot;&quot;,&quot;focal_length&quot;:&quot;31&quot;,&quot;iso&quot;:&quot;800&quot;,&quot;shutter_speed&quot;:&quot;0.016666666666667&quot;,&quot;title&quot;:&quot;&quot;,&quot;orientation&quot;:&quot;1&quot;}\" data-image-title=\"IMG_0728\" data-image-description=\"\" data-image-caption=\"&lt;p&gt;Le plus combatif, toujours fid\u00e8le au souvenir de Paul Mabire.&lt;\/p&gt;\n\" data-medium-file=\"https:\/\/i0.wp.com\/3joursdecherbourg.fr\/wp-content\/uploads\/2024\/08\/IMG_0728-scaled.jpg?fit=300%2C200&amp;ssl=1\" data-large-file=\"https:\/\/i0.wp.com\/3joursdecherbourg.fr\/wp-content\/uploads\/2024\/08\/IMG_0728-scaled.jpg?fit=640%2C427&amp;ssl=1\" class=\"size-medium wp-image-4755\" src=\"https:\/\/i0.wp.com\/3joursdecherbourg.fr\/wp-content\/uploads\/2024\/08\/IMG_0728.jpg?resize=300%2C200&#038;ssl=1\" alt=\"\" width=\"300\" height=\"200\" srcset=\"https:\/\/i0.wp.com\/3joursdecherbourg.fr\/wp-content\/uploads\/2024\/08\/IMG_0728-scaled.jpg?resize=300%2C200&amp;ssl=1 300w, https:\/\/i0.wp.com\/3joursdecherbourg.fr\/wp-content\/uploads\/2024\/08\/IMG_0728-scaled.jpg?resize=1024%2C683&amp;ssl=1 1024w, https:\/\/i0.wp.com\/3joursdecherbourg.fr\/wp-content\/uploads\/2024\/08\/IMG_0728-scaled.jpg?resize=768%2C512&amp;ssl=1 768w, https:\/\/i0.wp.com\/3joursdecherbourg.fr\/wp-content\/uploads\/2024\/08\/IMG_0728-scaled.jpg?resize=1536%2C1024&amp;ssl=1 1536w, https:\/\/i0.wp.com\/3joursdecherbourg.fr\/wp-content\/uploads\/2024\/08\/IMG_0728-scaled.jpg?resize=2048%2C1365&amp;ssl=1 2048w, https:\/\/i0.wp.com\/3joursdecherbourg.fr\/wp-content\/uploads\/2024\/08\/IMG_0728-scaled.jpg?w=1280&amp;ssl=1 1280w, https:\/\/i0.wp.com\/3joursdecherbourg.fr\/wp-content\/uploads\/2024\/08\/IMG_0728-scaled.jpg?w=1920&amp;ssl=1 1920w\" sizes=\"auto, (max-width: 300px) 100vw, 300px\" \/><p id=\"caption-attachment-4755\" class=\"wp-caption-text\">Le plus combatif, toujours d\u00e9di\u00e9 au souvenir de Paul Mabire.<\/p><\/div>\n<p>\u00a0<\/p>\n<div id=\"attachment_4759\" style=\"width: 310px\" class=\"wp-caption alignright\"><img data-recalc-dims=\"1\" loading=\"lazy\" decoding=\"async\" aria-describedby=\"caption-attachment-4759\" data-attachment-id=\"4759\" data-permalink=\"https:\/\/3joursdecherbourg.fr\/?attachment_id=4759\" data-orig-file=\"https:\/\/i0.wp.com\/3joursdecherbourg.fr\/wp-content\/uploads\/2024\/08\/IMG_0733-scaled.jpg?fit=2560%2C1707&amp;ssl=1\" data-orig-size=\"2560,1707\" data-comments-opened=\"1\" data-image-meta=\"{&quot;aperture&quot;:&quot;4&quot;,&quot;credit&quot;:&quot;&quot;,&quot;camera&quot;:&quot;Canon EOS 1300D&quot;,&quot;caption&quot;:&quot;&quot;,&quot;created_timestamp&quot;:&quot;1724438937&quot;,&quot;copyright&quot;:&quot;&quot;,&quot;focal_length&quot;:&quot;31&quot;,&quot;iso&quot;:&quot;800&quot;,&quot;shutter_speed&quot;:&quot;0.016666666666667&quot;,&quot;title&quot;:&quot;&quot;,&quot;orientation&quot;:&quot;1&quot;}\" data-image-title=\"IMG_0733\" data-image-description=\"\" data-image-caption=\"&lt;p&gt;Le Meilleur Grimpeur est fid\u00e8lement accompagn\u00e9 par La Presse de la Manche.&lt;\/p&gt;\n\" data-medium-file=\"https:\/\/i0.wp.com\/3joursdecherbourg.fr\/wp-content\/uploads\/2024\/08\/IMG_0733-scaled.jpg?fit=300%2C200&amp;ssl=1\" data-large-file=\"https:\/\/i0.wp.com\/3joursdecherbourg.fr\/wp-content\/uploads\/2024\/08\/IMG_0733-scaled.jpg?fit=640%2C427&amp;ssl=1\" class=\"wp-image-4759 size-medium\" src=\"https:\/\/i0.wp.com\/3joursdecherbourg.fr\/wp-content\/uploads\/2024\/08\/IMG_0733.jpg?resize=300%2C200&#038;ssl=1\" alt=\"\" width=\"300\" height=\"200\" srcset=\"https:\/\/i0.wp.com\/3joursdecherbourg.fr\/wp-content\/uploads\/2024\/08\/IMG_0733-scaled.jpg?resize=300%2C200&amp;ssl=1 300w, https:\/\/i0.wp.com\/3joursdecherbourg.fr\/wp-content\/uploads\/2024\/08\/IMG_0733-scaled.jpg?resize=1024%2C683&amp;ssl=1 1024w, https:\/\/i0.wp.com\/3joursdecherbourg.fr\/wp-content\/uploads\/2024\/08\/IMG_0733-scaled.jpg?resize=768%2C512&amp;ssl=1 768w, https:\/\/i0.wp.com\/3joursdecherbourg.fr\/wp-content\/uploads\/2024\/08\/IMG_0733-scaled.jpg?resize=1536%2C1024&amp;ssl=1 1536w, https:\/\/i0.wp.com\/3joursdecherbourg.fr\/wp-content\/uploads\/2024\/08\/IMG_0733-scaled.jpg?resize=2048%2C1365&amp;ssl=1 2048w, https:\/\/i0.wp.com\/3joursdecherbourg.fr\/wp-content\/uploads\/2024\/08\/IMG_0733-scaled.jpg?w=1280&amp;ssl=1 1280w, https:\/\/i0.wp.com\/3joursdecherbourg.fr\/wp-content\/uploads\/2024\/08\/IMG_0733-scaled.jpg?w=1920&amp;ssl=1 1920w\" sizes=\"auto, (max-width: 300px) 100vw, 300px\" \/><p id=\"caption-attachment-4759\" class=\"wp-caption-text\">Le Meilleur Grimpeur est fid\u00e8lement accompagn\u00e9 par La Presse de la Manche.<\/p><\/div>\n<div id=\"attachment_4754\" style=\"width: 310px\" class=\"wp-caption alignleft\"><img data-recalc-dims=\"1\" loading=\"lazy\" decoding=\"async\" aria-describedby=\"caption-attachment-4754\" data-attachment-id=\"4754\" data-permalink=\"https:\/\/3joursdecherbourg.fr\/?attachment_id=4754\" data-orig-file=\"https:\/\/i0.wp.com\/3joursdecherbourg.fr\/wp-content\/uploads\/2024\/08\/IMG_0726-scaled.jpg?fit=2560%2C1707&amp;ssl=1\" data-orig-size=\"2560,1707\" data-comments-opened=\"1\" data-image-meta=\"{&quot;aperture&quot;:&quot;4.5&quot;,&quot;credit&quot;:&quot;&quot;,&quot;camera&quot;:&quot;Canon EOS 1300D&quot;,&quot;caption&quot;:&quot;&quot;,&quot;created_timestamp&quot;:&quot;1724438720&quot;,&quot;copyright&quot;:&quot;&quot;,&quot;focal_length&quot;:&quot;37&quot;,&quot;iso&quot;:&quot;800&quot;,&quot;shutter_speed&quot;:&quot;0.016666666666667&quot;,&quot;title&quot;:&quot;&quot;,&quot;orientation&quot;:&quot;1&quot;}\" data-image-title=\"IMG_0726\" data-image-description=\"\" data-image-caption=\"&lt;p&gt;Un partenaire fid\u00e8le, AXA assurances pour le Meilleur Espoir.&lt;\/p&gt;\n\" data-medium-file=\"https:\/\/i0.wp.com\/3joursdecherbourg.fr\/wp-content\/uploads\/2024\/08\/IMG_0726-scaled.jpg?fit=300%2C200&amp;ssl=1\" data-large-file=\"https:\/\/i0.wp.com\/3joursdecherbourg.fr\/wp-content\/uploads\/2024\/08\/IMG_0726-scaled.jpg?fit=640%2C427&amp;ssl=1\" class=\"wp-image-4754 size-medium\" src=\"https:\/\/i0.wp.com\/3joursdecherbourg.fr\/wp-content\/uploads\/2024\/08\/IMG_0726.jpg?resize=300%2C200&#038;ssl=1\" alt=\"\" width=\"300\" height=\"200\" srcset=\"https:\/\/i0.wp.com\/3joursdecherbourg.fr\/wp-content\/uploads\/2024\/08\/IMG_0726-scaled.jpg?resize=300%2C200&amp;ssl=1 300w, https:\/\/i0.wp.com\/3joursdecherbourg.fr\/wp-content\/uploads\/2024\/08\/IMG_0726-scaled.jpg?resize=1024%2C683&amp;ssl=1 1024w, https:\/\/i0.wp.com\/3joursdecherbourg.fr\/wp-content\/uploads\/2024\/08\/IMG_0726-scaled.jpg?resize=768%2C512&amp;ssl=1 768w, https:\/\/i0.wp.com\/3joursdecherbourg.fr\/wp-content\/uploads\/2024\/08\/IMG_0726-scaled.jpg?resize=1536%2C1024&amp;ssl=1 1536w, https:\/\/i0.wp.com\/3joursdecherbourg.fr\/wp-content\/uploads\/2024\/08\/IMG_0726-scaled.jpg?resize=2048%2C1365&amp;ssl=1 2048w, https:\/\/i0.wp.com\/3joursdecherbourg.fr\/wp-content\/uploads\/2024\/08\/IMG_0726-scaled.jpg?w=1280&amp;ssl=1 1280w, https:\/\/i0.wp.com\/3joursdecherbourg.fr\/wp-content\/uploads\/2024\/08\/IMG_0726-scaled.jpg?w=1920&amp;ssl=1 1920w\" sizes=\"auto, (max-width: 300px) 100vw, 300px\" \/><p id=\"caption-attachment-4754\" class=\"wp-caption-text\">Un partenaire historique, AXA assurances pour le Meilleur Espoir.<\/p><\/div>\n<p>\u00a0<\/p>\n<div id=\"attachment_4756\" style=\"width: 310px\" class=\"wp-caption alignright\"><img data-recalc-dims=\"1\" loading=\"lazy\" decoding=\"async\" aria-describedby=\"caption-attachment-4756\" data-attachment-id=\"4756\" data-permalink=\"https:\/\/3joursdecherbourg.fr\/?attachment_id=4756\" data-orig-file=\"https:\/\/i0.wp.com\/3joursdecherbourg.fr\/wp-content\/uploads\/2024\/08\/IMG_0729-scaled.jpg?fit=2560%2C1707&amp;ssl=1\" data-orig-size=\"2560,1707\" data-comments-opened=\"1\" data-image-meta=\"{&quot;aperture&quot;:&quot;4.5&quot;,&quot;credit&quot;:&quot;&quot;,&quot;camera&quot;:&quot;Canon EOS 1300D&quot;,&quot;caption&quot;:&quot;&quot;,&quot;created_timestamp&quot;:&quot;1724438831&quot;,&quot;copyright&quot;:&quot;&quot;,&quot;focal_length&quot;:&quot;37&quot;,&quot;iso&quot;:&quot;800&quot;,&quot;shutter_speed&quot;:&quot;0.016666666666667&quot;,&quot;title&quot;:&quot;&quot;,&quot;orientation&quot;:&quot;1&quot;}\" data-image-title=\"IMG_0729\" data-image-description=\"\" data-image-caption=\"&lt;p&gt;Poulain Distribution et la Normandie pour le premier r\u00e9gional.&lt;\/p&gt;\n\" data-medium-file=\"https:\/\/i0.wp.com\/3joursdecherbourg.fr\/wp-content\/uploads\/2024\/08\/IMG_0729-scaled.jpg?fit=300%2C200&amp;ssl=1\" data-large-file=\"https:\/\/i0.wp.com\/3joursdecherbourg.fr\/wp-content\/uploads\/2024\/08\/IMG_0729-scaled.jpg?fit=640%2C427&amp;ssl=1\" class=\"wp-image-4756 size-medium\" src=\"https:\/\/i0.wp.com\/3joursdecherbourg.fr\/wp-content\/uploads\/2024\/08\/IMG_0729.jpg?resize=300%2C200&#038;ssl=1\" alt=\"\" width=\"300\" height=\"200\" srcset=\"https:\/\/i0.wp.com\/3joursdecherbourg.fr\/wp-content\/uploads\/2024\/08\/IMG_0729-scaled.jpg?resize=300%2C200&amp;ssl=1 300w, https:\/\/i0.wp.com\/3joursdecherbourg.fr\/wp-content\/uploads\/2024\/08\/IMG_0729-scaled.jpg?resize=1024%2C683&amp;ssl=1 1024w, https:\/\/i0.wp.com\/3joursdecherbourg.fr\/wp-content\/uploads\/2024\/08\/IMG_0729-scaled.jpg?resize=768%2C512&amp;ssl=1 768w, https:\/\/i0.wp.com\/3joursdecherbourg.fr\/wp-content\/uploads\/2024\/08\/IMG_0729-scaled.jpg?resize=1536%2C1024&amp;ssl=1 1536w, https:\/\/i0.wp.com\/3joursdecherbourg.fr\/wp-content\/uploads\/2024\/08\/IMG_0729-scaled.jpg?resize=2048%2C1365&amp;ssl=1 2048w, https:\/\/i0.wp.com\/3joursdecherbourg.fr\/wp-content\/uploads\/2024\/08\/IMG_0729-scaled.jpg?w=1280&amp;ssl=1 1280w, https:\/\/i0.wp.com\/3joursdecherbourg.fr\/wp-content\/uploads\/2024\/08\/IMG_0729-scaled.jpg?w=1920&amp;ssl=1 1920w\" sizes=\"auto, (max-width: 300px) 100vw, 300px\" \/><p id=\"caption-attachment-4756\" class=\"wp-caption-text\">Poulain Distribution et la Normandie pour le premier r\u00e9gional.<\/p><\/div>\n<p>\u00a0<\/p>\n<div id=\"attachment_4758\" style=\"width: 310px\" class=\"wp-caption alignleft\"><img data-recalc-dims=\"1\" loading=\"lazy\" decoding=\"async\" aria-describedby=\"caption-attachment-4758\" data-attachment-id=\"4758\" data-permalink=\"https:\/\/3joursdecherbourg.fr\/?attachment_id=4758\" data-orig-file=\"https:\/\/i0.wp.com\/3joursdecherbourg.fr\/wp-content\/uploads\/2024\/08\/IMG_0731-scaled.jpg?fit=2560%2C1707&amp;ssl=1\" data-orig-size=\"2560,1707\" data-comments-opened=\"1\" data-image-meta=\"{&quot;aperture&quot;:&quot;4&quot;,&quot;credit&quot;:&quot;&quot;,&quot;camera&quot;:&quot;Canon EOS 1300D&quot;,&quot;caption&quot;:&quot;&quot;,&quot;created_timestamp&quot;:&quot;1724438914&quot;,&quot;copyright&quot;:&quot;&quot;,&quot;focal_length&quot;:&quot;31&quot;,&quot;iso&quot;:&quot;800&quot;,&quot;shutter_speed&quot;:&quot;0.016666666666667&quot;,&quot;title&quot;:&quot;&quot;,&quot;orientation&quot;:&quot;1&quot;}\" data-image-title=\"IMG_0731\" data-image-description=\"\" data-image-caption=\"&lt;p&gt;Le Meilleur Sprinteur en route avec Mary Automobiles Peugeot.&lt;\/p&gt;\n\" data-medium-file=\"https:\/\/i0.wp.com\/3joursdecherbourg.fr\/wp-content\/uploads\/2024\/08\/IMG_0731-scaled.jpg?fit=300%2C200&amp;ssl=1\" data-large-file=\"https:\/\/i0.wp.com\/3joursdecherbourg.fr\/wp-content\/uploads\/2024\/08\/IMG_0731-scaled.jpg?fit=640%2C427&amp;ssl=1\" class=\"wp-image-4758 size-medium\" src=\"https:\/\/i0.wp.com\/3joursdecherbourg.fr\/wp-content\/uploads\/2024\/08\/IMG_0731.jpg?resize=300%2C200&#038;ssl=1\" alt=\"\" width=\"300\" height=\"200\" srcset=\"https:\/\/i0.wp.com\/3joursdecherbourg.fr\/wp-content\/uploads\/2024\/08\/IMG_0731-scaled.jpg?resize=300%2C200&amp;ssl=1 300w, https:\/\/i0.wp.com\/3joursdecherbourg.fr\/wp-content\/uploads\/2024\/08\/IMG_0731-scaled.jpg?resize=1024%2C683&amp;ssl=1 1024w, https:\/\/i0.wp.com\/3joursdecherbourg.fr\/wp-content\/uploads\/2024\/08\/IMG_0731-scaled.jpg?resize=768%2C512&amp;ssl=1 768w, https:\/\/i0.wp.com\/3joursdecherbourg.fr\/wp-content\/uploads\/2024\/08\/IMG_0731-scaled.jpg?resize=1536%2C1024&amp;ssl=1 1536w, https:\/\/i0.wp.com\/3joursdecherbourg.fr\/wp-content\/uploads\/2024\/08\/IMG_0731-scaled.jpg?resize=2048%2C1365&amp;ssl=1 2048w, https:\/\/i0.wp.com\/3joursdecherbourg.fr\/wp-content\/uploads\/2024\/08\/IMG_0731-scaled.jpg?w=1280&amp;ssl=1 1280w, https:\/\/i0.wp.com\/3joursdecherbourg.fr\/wp-content\/uploads\/2024\/08\/IMG_0731-scaled.jpg?w=1920&amp;ssl=1 1920w\" sizes=\"auto, (max-width: 300px) 100vw, 300px\" \/><p id=\"caption-attachment-4758\" class=\"wp-caption-text\">Le Meilleur Sprinteur en route avec Mary Automobiles Peugeot.<\/p><\/div>\n<p>\u00a0<\/p>\n<div id=\"attachment_4753\" style=\"width: 310px\" class=\"wp-caption aligncenter\"><img data-recalc-dims=\"1\" loading=\"lazy\" decoding=\"async\" aria-describedby=\"caption-attachment-4753\" data-attachment-id=\"4753\" data-permalink=\"https:\/\/3joursdecherbourg.fr\/?attachment_id=4753\" data-orig-file=\"https:\/\/i0.wp.com\/3joursdecherbourg.fr\/wp-content\/uploads\/2024\/08\/IMG_0725-scaled.jpg?fit=2560%2C1707&amp;ssl=1\" data-orig-size=\"2560,1707\" data-comments-opened=\"1\" data-image-meta=\"{&quot;aperture&quot;:&quot;4.5&quot;,&quot;credit&quot;:&quot;&quot;,&quot;camera&quot;:&quot;Canon EOS 1300D&quot;,&quot;caption&quot;:&quot;&quot;,&quot;created_timestamp&quot;:&quot;1724438669&quot;,&quot;copyright&quot;:&quot;&quot;,&quot;focal_length&quot;:&quot;37&quot;,&quot;iso&quot;:&quot;800&quot;,&quot;shutter_speed&quot;:&quot;0.016666666666667&quot;,&quot;title&quot;:&quot;&quot;,&quot;orientation&quot;:&quot;1&quot;}\" data-image-title=\"IMG_0725\" data-image-description=\"\" data-image-caption=\"&lt;p&gt;Estelle et Thomas pr\u00e9sentent le casquettes du classement par \u00e9quipes, offertes par leur restaurant \u00ab\u00a0le Moulin\u00a0\u00bb.&lt;\/p&gt;\n\" data-medium-file=\"https:\/\/i0.wp.com\/3joursdecherbourg.fr\/wp-content\/uploads\/2024\/08\/IMG_0725-scaled.jpg?fit=300%2C200&amp;ssl=1\" data-large-file=\"https:\/\/i0.wp.com\/3joursdecherbourg.fr\/wp-content\/uploads\/2024\/08\/IMG_0725-scaled.jpg?fit=640%2C427&amp;ssl=1\" class=\"wp-image-4753 size-medium\" src=\"https:\/\/i0.wp.com\/3joursdecherbourg.fr\/wp-content\/uploads\/2024\/08\/IMG_0725.jpg?resize=300%2C200&#038;ssl=1\" alt=\"\" width=\"300\" height=\"200\" srcset=\"https:\/\/i0.wp.com\/3joursdecherbourg.fr\/wp-content\/uploads\/2024\/08\/IMG_0725-scaled.jpg?resize=300%2C200&amp;ssl=1 300w, https:\/\/i0.wp.com\/3joursdecherbourg.fr\/wp-content\/uploads\/2024\/08\/IMG_0725-scaled.jpg?resize=1024%2C683&amp;ssl=1 1024w, https:\/\/i0.wp.com\/3joursdecherbourg.fr\/wp-content\/uploads\/2024\/08\/IMG_0725-scaled.jpg?resize=768%2C512&amp;ssl=1 768w, https:\/\/i0.wp.com\/3joursdecherbourg.fr\/wp-content\/uploads\/2024\/08\/IMG_0725-scaled.jpg?resize=1536%2C1024&amp;ssl=1 1536w, https:\/\/i0.wp.com\/3joursdecherbourg.fr\/wp-content\/uploads\/2024\/08\/IMG_0725-scaled.jpg?resize=2048%2C1365&amp;ssl=1 2048w, https:\/\/i0.wp.com\/3joursdecherbourg.fr\/wp-content\/uploads\/2024\/08\/IMG_0725-scaled.jpg?w=1280&amp;ssl=1 1280w, https:\/\/i0.wp.com\/3joursdecherbourg.fr\/wp-content\/uploads\/2024\/08\/IMG_0725-scaled.jpg?w=1920&amp;ssl=1 1920w\" sizes=\"auto, (max-width: 300px) 100vw, 300px\" \/><p id=\"caption-attachment-4753\" class=\"wp-caption-text\">Estelle et Thomas pr\u00e9sentent le casquettes du classement par \u00e9quipes, offertes par leur restaurant \u00ab\u00a0le Moulin\u00a0\u00bb.<\/p><\/div>\n\n\n<p><\/p>\n","protected":false},"excerpt":{"rendered":"<p>Une ann\u00e9e passe, avec des r\u00e9unions, des d\u00e9placements, des dossiers \u00e0 remplir, des coups de fil nombreux&#8230; et puis nous y voil\u00e0, c&rsquo;est dans une semaine! Apr\u00e8s une r\u00e9union de signaleurs ce jeudi soir, nos fameux \u00ab\u00a0gardiens de carrefours\u00a0\u00bb si &hellip; <a href=\"https:\/\/3joursdecherbourg.fr\/?p=4752\">Continuer la lecture <span class=\"meta-nav\">&rarr;<\/span><\/a><\/p>\n","protected":false},"author":1,"featured_media":0,"comment_status":"open","ping_status":"open","sticky":false,"template":"","format":"standard","meta":{"_jetpack_newsletter_access":"","_jetpack_dont_email_post_to_subs":false,"_jetpack_newsletter_tier_id":0,"_jetpack_memberships_contains_paywalled_content":false,"_jetpack_memberships_contains_paid_content":false,"footnotes":""},"categories":[1],"tags":[],"class_list":["post-4752","post","type-post","status-publish","format-standard","hentry","category-non-classe"],"jetpack_featured_media_url":"","jetpack_shortlink":"https:\/\/wp.me\/p8fpGS-1eE","jetpack-related-posts":[{"id":4377,"url":"https:\/\/3joursdecherbourg.fr\/?p=4377","url_meta":{"origin":4752,"position":0},"title":"C&rsquo;est -presque- parti!","author":"admin3809","date":"28 ao\u00fbt 2023","format":false,"excerpt":"C'est - presque- parti pour les \"3 jours de Cherbourg en Cotentin\", au moins pour les rendez-vous initiaux. D'abord pour les b\u00e9n\u00e9voles signaleurs qui seront si pr\u00e9cieux pendant ces trois jours. Une premi\u00e8re r\u00e9union le jeudi 24 ao\u00fbt avec la pr\u00e9sentation des parcours, des horaires, le rappel des r\u00e8gles de\u2026","rel":"","context":"Dans &quot;Non class\u00e9&quot;","block_context":{"text":"Non class\u00e9","link":"https:\/\/3joursdecherbourg.fr\/?cat=1"},"img":{"alt_text":"","src":"https:\/\/i0.wp.com\/3joursdecherbourg.fr\/wp-content\/uploads\/2023\/08\/IMG_9193-300x200.jpg?resize=350%2C200&ssl=1","width":350,"height":200},"classes":[]},{"id":4628,"url":"https:\/\/3joursdecherbourg.fr\/?p=4628","url_meta":{"origin":4752,"position":1},"title":"Les \u00ab\u00a03 jours\u00a0\u00bb en pr\u00e9paration","author":"admin3809","date":"9 avril 2024","format":false,"excerpt":"Alors que ce d\u00e9but avril nous permettra de suivre la c\u00e9l\u00e8bre Gainsbarre \u00e0 Portbail-sur-Mer, comptant pour la coupe de France N1, et \u00e0 quelques semaines du Tour de la Manche, la pr\u00e9paration des \"3 jours de Cherbourg en Cotentin\" bat son plein. C\u2019est la 44\u00e8me \u00e9dition qui attend les amoureux\u2026","rel":"","context":"Dans &quot;Non class\u00e9&quot;","block_context":{"text":"Non class\u00e9","link":"https:\/\/3joursdecherbourg.fr\/?cat=1"},"img":{"alt_text":"","src":"https:\/\/i0.wp.com\/3joursdecherbourg.fr\/wp-content\/uploads\/2024\/04\/IMG_2566-300x200.jpg?resize=350%2C200&ssl=1","width":350,"height":200},"classes":[]},{"id":2846,"url":"https:\/\/3joursdecherbourg.fr\/?p=2846","url_meta":{"origin":4752,"position":2},"title":"C&rsquo;est -presque- parti!","author":"admin3809","date":"28 ao\u00fbt 2021","format":false,"excerpt":"C'\u00e9tait ce vendredi 27 ao\u00fbt la pr\u00e9sentation des maillots des 41\u00e8mes \"3 jours de Cherbourg en Cotentin\" en pr\u00e9sence des partenaires institutionnels et des sponsors\u00a0 de la course. Un moment important qui permet \u00e0 chacun d'affirmer son attachement \u00e0 l'\u00e9preuve, de pr\u00e9senter les valeurs de son institution ou les engagements\u2026","rel":"","context":"Dans &quot;Non class\u00e9&quot;","block_context":{"text":"Non class\u00e9","link":"https:\/\/3joursdecherbourg.fr\/?cat=1"},"img":{"alt_text":"","src":"https:\/\/i0.wp.com\/3joursdecherbourg.fr\/wp-content\/uploads\/2021\/08\/DSC_6783-1-172x300.jpg?resize=350%2C200&ssl=1","width":350,"height":200},"classes":[]},{"id":3592,"url":"https:\/\/3joursdecherbourg.fr\/?p=3592","url_meta":{"origin":4752,"position":3},"title":"Pr\u00e9sentation des maillots&#8230;","author":"admin3809","date":"30 ao\u00fbt 2022","format":false,"excerpt":"Ce lundi 29 ao\u00fbt avait lieu la traditionnelle pr\u00e9sentation des maillots de notre 42\u00e8me \u00e9dition des \"3 jours de Cherbourg en Cotentin\", dans le salon de l'Imp\u00e9ratrice de la mairie de Cherbourg-en-Cotentin, sous le regard de l'Empereur napol\u00e9on III et de l'Imp\u00e9ratrice Eug\u00e9nie. Il fallait bien cela pour une finale\u2026","rel":"","context":"Dans &quot;Non class\u00e9&quot;","block_context":{"text":"Non class\u00e9","link":"https:\/\/3joursdecherbourg.fr\/?cat=1"},"img":{"alt_text":"","src":"https:\/\/i0.wp.com\/3joursdecherbourg.fr\/wp-content\/uploads\/2022\/08\/IMG_2575-scaled.jpg?resize=350%2C200&ssl=1","width":350,"height":200,"srcset":"https:\/\/i0.wp.com\/3joursdecherbourg.fr\/wp-content\/uploads\/2022\/08\/IMG_2575-scaled.jpg?resize=350%2C200&ssl=1 1x, https:\/\/i0.wp.com\/3joursdecherbourg.fr\/wp-content\/uploads\/2022\/08\/IMG_2575-scaled.jpg?resize=525%2C300&ssl=1 1.5x, https:\/\/i0.wp.com\/3joursdecherbourg.fr\/wp-content\/uploads\/2022\/08\/IMG_2575-scaled.jpg?resize=700%2C400&ssl=1 2x, https:\/\/i0.wp.com\/3joursdecherbourg.fr\/wp-content\/uploads\/2022\/08\/IMG_2575-scaled.jpg?resize=1050%2C600&ssl=1 3x, https:\/\/i0.wp.com\/3joursdecherbourg.fr\/wp-content\/uploads\/2022\/08\/IMG_2575-scaled.jpg?resize=1400%2C800&ssl=1 4x"},"classes":[]},{"id":5336,"url":"https:\/\/3joursdecherbourg.fr\/?p=5336","url_meta":{"origin":4752,"position":4},"title":"Pr\u00e9sentation des maillots 2025","author":"admin3809","date":"29 ao\u00fbt 2025","format":false,"excerpt":"C'est ce mercredi 28 ao\u00fbt 2025 que la pr\u00e9sentation des maillots de la 45\u00e8me \u00e9dition des \"3 Jours de Cherbourg en Cotentin\" a eu lieu. La c\u00e9r\u00e9monie s'est d\u00e9roul\u00e9e aux \u00e9tablissements Mary Automobiles Peugeot, \u00e0 Tourlaville, Cherbourg-en-Cotentin. Un accueil particuli\u00e8rement chaleureux de C\u00e9dric COSNEFROY, Directeur, qui n'a pas manqu\u00e9 de\u2026","rel":"","context":"Dans &quot;Non class\u00e9&quot;","block_context":{"text":"Non class\u00e9","link":"https:\/\/3joursdecherbourg.fr\/?cat=1"},"img":{"alt_text":"","src":"https:\/\/i0.wp.com\/3joursdecherbourg.fr\/wp-content\/uploads\/2025\/08\/DSC_5049-300x199.jpg?resize=350%2C200&ssl=1","width":350,"height":200},"classes":[]},{"id":5531,"url":"https:\/\/3joursdecherbourg.fr\/?p=5531","url_meta":{"origin":4752,"position":5},"title":"Les 3 Jours de Cherbourg 2025 : promesse tenue pour la 45\u1d49 \u00e9dition","author":"admin3809","date":"10 septembre 2025","format":false,"excerpt":"Du 5 au 7 septembre 2025, les routes du Cotentin ont vibr\u00e9 au rythme de la 45\u1d49 \u00e9dition des\u00a03 Jours de Cherbourg-en-Cotentin, \u00e9preuve phare du calendrier national \u00e9lite. Apr\u00e8s une \u00e9dition 2024 marqu\u00e9e par le sacre du Manchois Yohann Simon, l\u2019\u00e9preuve s\u2019annon\u00e7ait prometteuse. Elle n\u2019a pas d\u00e9\u00e7u.Sous le parrainage de\u00a0Marcel\u2026","rel":"","context":"Dans &quot;Non class\u00e9&quot;","block_context":{"text":"Non class\u00e9","link":"https:\/\/3joursdecherbourg.fr\/?cat=1"},"img":{"alt_text":"","src":"https:\/\/i0.wp.com\/img.youtube.com\/vi\/gSnllkJEr4M\/0.jpg?resize=350%2C200","width":350,"height":200},"classes":[]}],"jetpack_likes_enabled":false,"jetpack_sharing_enabled":true,"_links":{"self":[{"href":"https:\/\/3joursdecherbourg.fr\/index.php?rest_route=\/wp\/v2\/posts\/4752","targetHints":{"allow":["GET"]}}],"collection":[{"href":"https:\/\/3joursdecherbourg.fr\/index.php?rest_route=\/wp\/v2\/posts"}],"about":[{"href":"https:\/\/3joursdecherbourg.fr\/index.php?rest_route=\/wp\/v2\/types\/post"}],"author":[{"embeddable":true,"href":"https:\/\/3joursdecherbourg.fr\/index.php?rest_route=\/wp\/v2\/users\/1"}],"replies":[{"embeddable":true,"href":"https:\/\/3joursdecherbourg.fr\/index.php?rest_route=%2Fwp%2Fv2%2Fcomments&post=4752"}],"version-history":[{"count":6,"href":"https:\/\/3joursdecherbourg.fr\/index.php?rest_route=\/wp\/v2\/posts\/4752\/revisions"}],"predecessor-version":[{"id":4768,"href":"https:\/\/3joursdecherbourg.fr\/index.php?rest_route=\/wp\/v2\/posts\/4752\/revisions\/4768"}],"wp:attachment":[{"href":"https:\/\/3joursdecherbourg.fr\/index.php?rest_route=%2Fwp%2Fv2%2Fmedia&parent=4752"}],"wp:term":[{"taxonomy":"category","embeddable":true,"href":"https:\/\/3joursdecherbourg.fr\/index.php?rest_route=%2Fwp%2Fv2%2Fcategories&post=4752"},{"taxonomy":"post_tag","embeddable":true,"href":"https:\/\/3joursdecherbourg.fr\/index.php?rest_route=%2Fwp%2Fv2%2Ftags&post=4752"}],"curies":[{"name":"wp","href":"https:\/\/api.w.org\/{rel}","templated":true}]}}