{"id":534,"date":"2017-05-29T12:18:31","date_gmt":"2017-05-29T10:18:31","guid":{"rendered":"http:\/\/3joursdecherbourg.fr\/?p=534"},"modified":"2017-05-29T12:18:31","modified_gmt":"2017-05-29T10:18:31","slug":"en-pleine-preparation","status":"publish","type":"post","link":"https:\/\/3joursdecherbourg.fr\/?p=534","title":{"rendered":"En pleine pr\u00e9paration&#8230;"},"content":{"rendered":"<p>Pr\u00e9parer une course, tous les organisateurs le savent, c&rsquo;est tout au long de l&rsquo;ann\u00e9e et ce n&rsquo;est pas de tout repos. Les 3 jours de Cherbourg ne d\u00e9rogent pas \u00e0 la r\u00e8gle! Nous avions voulu, pour pimenter la <strong>38\u00e8me \u00e9dition<\/strong> des <strong>1er, 2 et 3 septembre<\/strong> prochains, organiser un prologue dans les rues de Tourlaville le 31 ao\u00fbt. H\u00e9las, trop de difficult\u00e9s ont eu raison de cette initiative. Impossible de barrer toutes les rues, de restreindre l&rsquo;acc\u00e8s \u00e0 certains quartiers, de d\u00e9tourner la circulation des bus, d&rsquo;assurer la s\u00e9curit\u00e9 \u00e0 chaque carrefour&#8230;<a href=\"https:\/\/i0.wp.com\/3joursdecherbourg.fr\/wp-content\/uploads\/2017\/05\/etap-4-405.jpg?ssl=1\"><img data-recalc-dims=\"1\" loading=\"lazy\" decoding=\"async\" data-attachment-id=\"536\" data-permalink=\"https:\/\/3joursdecherbourg.fr\/?attachment_id=536\" data-orig-file=\"https:\/\/i0.wp.com\/3joursdecherbourg.fr\/wp-content\/uploads\/2017\/05\/etap-4-405.jpg?fit=3888%2C2592&amp;ssl=1\" data-orig-size=\"3888,2592\" data-comments-opened=\"1\" data-image-meta=\"{&quot;aperture&quot;:&quot;3.5&quot;,&quot;credit&quot;:&quot;&quot;,&quot;camera&quot;:&quot;Canon EOS-1D Mark III&quot;,&quot;caption&quot;:&quot;&quot;,&quot;created_timestamp&quot;:&quot;1410095194&quot;,&quot;copyright&quot;:&quot;&quot;,&quot;focal_length&quot;:&quot;145&quot;,&quot;iso&quot;:&quot;800&quot;,&quot;shutter_speed&quot;:&quot;0.00015625&quot;,&quot;title&quot;:&quot;&quot;,&quot;orientation&quot;:&quot;1&quot;}\" data-image-title=\"etap 4 405\" data-image-description=\"\" data-image-caption=\"\" data-medium-file=\"https:\/\/i0.wp.com\/3joursdecherbourg.fr\/wp-content\/uploads\/2017\/05\/etap-4-405.jpg?fit=300%2C200&amp;ssl=1\" data-large-file=\"https:\/\/i0.wp.com\/3joursdecherbourg.fr\/wp-content\/uploads\/2017\/05\/etap-4-405.jpg?fit=640%2C427&amp;ssl=1\" class=\"alignleft size-medium wp-image-536\" src=\"https:\/\/i0.wp.com\/3joursdecherbourg.fr\/wp-content\/uploads\/2017\/05\/etap-4-405.jpg?resize=300%2C200&#038;ssl=1\" alt=\"\" width=\"300\" height=\"200\" srcset=\"https:\/\/i0.wp.com\/3joursdecherbourg.fr\/wp-content\/uploads\/2017\/05\/etap-4-405.jpg?resize=300%2C200&amp;ssl=1 300w, https:\/\/i0.wp.com\/3joursdecherbourg.fr\/wp-content\/uploads\/2017\/05\/etap-4-405.jpg?resize=768%2C512&amp;ssl=1 768w, https:\/\/i0.wp.com\/3joursdecherbourg.fr\/wp-content\/uploads\/2017\/05\/etap-4-405.jpg?resize=1024%2C683&amp;ssl=1 1024w, https:\/\/i0.wp.com\/3joursdecherbourg.fr\/wp-content\/uploads\/2017\/05\/etap-4-405.jpg?w=1280&amp;ssl=1 1280w, https:\/\/i0.wp.com\/3joursdecherbourg.fr\/wp-content\/uploads\/2017\/05\/etap-4-405.jpg?w=1920&amp;ssl=1 1920w\" sizes=\"auto, (max-width: 300px) 100vw, 300px\" \/><\/a><\/p>\n<p>Dommage!<\/p>\n<p>Mais la couse sera belle, n&rsquo;en doutons pas.<\/p>\n<p>Les trois \u00e9tapes propos\u00e9es sur les routes du Cotentin sont exigeantes \u00e0 souhait. Les coureurs pourront y exercer leurs talents de rouleurs et de puncheurs. Les spectateurs ne bouderont pas leur plaisir \u00e0 La Pernelle et la Montagne du Roule le vendredi; \u00e0 Port Racine, Catigny ou au Loup Pendu le samedi; \u00e0 La Valette, aux Aiguillons ou \u00e0 l&rsquo;arriv\u00e9e finale du Boulevard Schuman dimanche. Que du plaisir, des encouragements et la foule attendue en nombre partout sur les bords de la route de cette 38\u00e8me \u00e9dition des <strong>3 jours de Cherbourg.<\/strong><\/p>\n<p>&nbsp;<\/p>\n","protected":false},"excerpt":{"rendered":"<p>Pr\u00e9parer une course, tous les organisateurs le savent, c&rsquo;est tout au long de l&rsquo;ann\u00e9e et ce n&rsquo;est pas de tout repos. Les 3 jours de Cherbourg ne d\u00e9rogent pas \u00e0 la r\u00e8gle! Nous avions voulu, pour pimenter la 38\u00e8me \u00e9dition &hellip; <a href=\"https:\/\/3joursdecherbourg.fr\/?p=534\">Continuer la lecture <span class=\"meta-nav\">&rarr;<\/span><\/a><\/p>\n","protected":false},"author":1,"featured_media":0,"comment_status":"open","ping_status":"open","sticky":false,"template":"","format":"standard","meta":{"_jetpack_newsletter_access":"","_jetpack_dont_email_post_to_subs":false,"_jetpack_newsletter_tier_id":0,"_jetpack_memberships_contains_paywalled_content":false,"_jetpack_memberships_contains_paid_content":false,"footnotes":""},"categories":[1],"tags":[],"class_list":["post-534","post","type-post","status-publish","format-standard","hentry","category-non-classe"],"jetpack_featured_media_url":"","jetpack_shortlink":"https:\/\/wp.me\/p8fpGS-8C","jetpack-related-posts":[{"id":2327,"url":"https:\/\/3joursdecherbourg.fr\/?p=2327","url_meta":{"origin":534,"position":0},"title":"Un point sur les inscriptions&#8230;","author":"admin3809","date":"5 janvier 2021","format":false,"excerpt":"En ce d\u00e9but janvier, nous publions la liste des \u00e9quipes qui ont postul\u00e9 pour participer aux prochains \"3 jours de Cherbourg en Cotentin\" les 3, 4 et 5 septembre prochains. La liste n'est pas close, nous constatons que quelques clubs habitu\u00e9s n'ont pas encore donn\u00e9 de nouvelles. Nous ne pouvons\u2026","rel":"","context":"Dans &quot;Non class\u00e9&quot;","block_context":{"text":"Non class\u00e9","link":"https:\/\/3joursdecherbourg.fr\/?cat=1"},"img":{"alt_text":"","src":"https:\/\/i0.wp.com\/3joursdecherbourg.fr\/wp-content\/uploads\/2021\/01\/DSC_2857-2-1024x514.jpg?resize=350%2C200","width":350,"height":200,"srcset":"https:\/\/i0.wp.com\/3joursdecherbourg.fr\/wp-content\/uploads\/2021\/01\/DSC_2857-2-1024x514.jpg?resize=350%2C200 1x, https:\/\/i0.wp.com\/3joursdecherbourg.fr\/wp-content\/uploads\/2021\/01\/DSC_2857-2-1024x514.jpg?resize=525%2C300 1.5x"},"classes":[]},{"id":5536,"url":"https:\/\/3joursdecherbourg.fr\/?p=5536","url_meta":{"origin":534,"position":1},"title":"les \u00ab\u00a03 jours\u00a0\u00bb \u00e0 l&rsquo;heure des remerciements:","author":"admin3809","date":"12 septembre 2025","format":false,"excerpt":"Il ne peut pas y avoir une \"grande\" course cycliste - et nous esp\u00e9rons que ce soit le cas des \"3 jours\" - sans la participation d'un grand nombre d'acteurs. Oui, au del\u00e0 des bilans - sportif, financier, administratif, organisationnel - que notre Amicale Cycliste ne manquera pas de faire\u2026","rel":"","context":"Dans &quot;Non class\u00e9&quot;","block_context":{"text":"Non class\u00e9","link":"https:\/\/3joursdecherbourg.fr\/?cat=1"},"img":{"alt_text":"","src":"https:\/\/i0.wp.com\/3joursdecherbourg.fr\/wp-content\/uploads\/2025\/09\/DSC_5185-300x199.jpg?resize=350%2C200&ssl=1","width":350,"height":200},"classes":[]},{"id":4463,"url":"https:\/\/3joursdecherbourg.fr\/?p=4463","url_meta":{"origin":534,"position":2},"title":"Les engag\u00e9s","author":"admin3809","date":"31 ao\u00fbt 2023","format":false,"excerpt":"A quelques heures du d\u00e9part des 3 jours, la liste de engag\u00e9s se d\u00e9voile: Le Team Bricquebec Cotentin a d\u00e9cid\u00e9 de participer, en accord avec la famille de Johan PAQUE. Une d\u00e9cision qui n'a pas d\u00fb \u00eatre facile \u00e0 prendre. L'\u00e9motion sera grande au d\u00e9part ce vendredi midi, et aussi\u2026","rel":"","context":"Dans &quot;Non class\u00e9&quot;","block_context":{"text":"Non class\u00e9","link":"https:\/\/3joursdecherbourg.fr\/?cat=1"},"img":{"alt_text":"","src":"","width":0,"height":0},"classes":[]},{"id":2961,"url":"https:\/\/3joursdecherbourg.fr\/?p=2961","url_meta":{"origin":534,"position":3},"title":"Il est l&rsquo;heure de remercier&#8230;","author":"admin3809","date":"7 septembre 2021","format":false,"excerpt":"Oui vraiment un grand MERCI! Au del\u00e0 des bilans sportifs, financiers, administratifs, organisationnels que notre Amicale Cycliste ne manquera pas de faire dans les prochains jours, il nous appartient d'abord de rendre hommage \u00e0 tous ceux qui ont permis cette somptueuse 41\u00e8me \u00e9dition des \"3 jours de Cherbourg en Cotentin\".\u2026","rel":"","context":"Dans &quot;Non class\u00e9&quot;","block_context":{"text":"Non class\u00e9","link":"https:\/\/3joursdecherbourg.fr\/?cat=1"},"img":{"alt_text":"","src":"https:\/\/i0.wp.com\/3joursdecherbourg.fr\/wp-content\/uploads\/2021\/09\/DSC_7595-273x300.jpg?resize=350%2C200&ssl=1","width":350,"height":200},"classes":[]},{"id":1322,"url":"https:\/\/3joursdecherbourg.fr\/?p=1322","url_meta":{"origin":534,"position":4},"title":"Place aux coureurs&#8230;","author":"admin3809","date":"25 ao\u00fbt 2018","format":false,"excerpt":"Nous voila donc \u00e0 la 39\u00e8me \u00e9dition des \u00ab\u00a03 jours de Cherbourg\u00a0\u00bb. Plus que quelques jours et ce sera le d\u00e9part. Les circuits viennent d'\u00eatre trac\u00e9s, (presque) tout est en place pour que tout se passe au mieux! Encore un peu de changement cette ann\u00e9e, essentiellement lors de la premi\u00e8re\u2026","rel":"","context":"Dans &quot;Non class\u00e9&quot;","block_context":{"text":"Non class\u00e9","link":"https:\/\/3joursdecherbourg.fr\/?cat=1"},"img":{"alt_text":"","src":"https:\/\/i0.wp.com\/3joursdecherbourg.fr\/wp-content\/uploads\/2018\/08\/etape-2-3-j-dch2014-002-3000x20002.jpg?resize=350%2C200","width":350,"height":200,"srcset":"https:\/\/i0.wp.com\/3joursdecherbourg.fr\/wp-content\/uploads\/2018\/08\/etape-2-3-j-dch2014-002-3000x20002.jpg?resize=350%2C200 1x, https:\/\/i0.wp.com\/3joursdecherbourg.fr\/wp-content\/uploads\/2018\/08\/etape-2-3-j-dch2014-002-3000x20002.jpg?resize=525%2C300 1.5x, https:\/\/i0.wp.com\/3joursdecherbourg.fr\/wp-content\/uploads\/2018\/08\/etape-2-3-j-dch2014-002-3000x20002.jpg?resize=700%2C400 2x, https:\/\/i0.wp.com\/3joursdecherbourg.fr\/wp-content\/uploads\/2018\/08\/etape-2-3-j-dch2014-002-3000x20002.jpg?resize=1050%2C600 3x, https:\/\/i0.wp.com\/3joursdecherbourg.fr\/wp-content\/uploads\/2018\/08\/etape-2-3-j-dch2014-002-3000x20002.jpg?resize=1400%2C800 4x"},"classes":[]},{"id":3921,"url":"https:\/\/3joursdecherbourg.fr\/?p=3921","url_meta":{"origin":534,"position":5},"title":"Un grand Merci, pour une grande course:","author":"admin3809","date":"8 septembre 2022","format":false,"excerpt":"Oui vraiment un grand\u00a0MERCI! Au-del\u00e0 des bilans sportifs, financiers, administratifs, organisationnels que notre Amicale Cycliste ne manquera pas de faire dans les prochains jours, il nous appartient d\u2019abord de rendre hommage \u00e0 tous ceux qui ont permis cette somptueuse 42\u00e8me \u00e9dition des \u00ab 3 jours de Cherbourg en Cotentin \u00bb.\u2026","rel":"","context":"Dans &quot;Non class\u00e9&quot;","block_context":{"text":"Non class\u00e9","link":"https:\/\/3joursdecherbourg.fr\/?cat=1"},"img":{"alt_text":"","src":"https:\/\/i0.wp.com\/3joursdecherbourg.fr\/wp-content\/uploads\/2022\/09\/3DSC_4042-223x300.jpg?resize=350%2C200&ssl=1","width":350,"height":200},"classes":[]}],"jetpack_likes_enabled":false,"jetpack_sharing_enabled":true,"_links":{"self":[{"href":"https:\/\/3joursdecherbourg.fr\/index.php?rest_route=\/wp\/v2\/posts\/534","targetHints":{"allow":["GET"]}}],"collection":[{"href":"https:\/\/3joursdecherbourg.fr\/index.php?rest_route=\/wp\/v2\/posts"}],"about":[{"href":"https:\/\/3joursdecherbourg.fr\/index.php?rest_route=\/wp\/v2\/types\/post"}],"author":[{"embeddable":true,"href":"https:\/\/3joursdecherbourg.fr\/index.php?rest_route=\/wp\/v2\/users\/1"}],"replies":[{"embeddable":true,"href":"https:\/\/3joursdecherbourg.fr\/index.php?rest_route=%2Fwp%2Fv2%2Fcomments&post=534"}],"version-history":[{"count":2,"href":"https:\/\/3joursdecherbourg.fr\/index.php?rest_route=\/wp\/v2\/posts\/534\/revisions"}],"predecessor-version":[{"id":538,"href":"https:\/\/3joursdecherbourg.fr\/index.php?rest_route=\/wp\/v2\/posts\/534\/revisions\/538"}],"wp:attachment":[{"href":"https:\/\/3joursdecherbourg.fr\/index.php?rest_route=%2Fwp%2Fv2%2Fmedia&parent=534"}],"wp:term":[{"taxonomy":"category","embeddable":true,"href":"https:\/\/3joursdecherbourg.fr\/index.php?rest_route=%2Fwp%2Fv2%2Fcategories&post=534"},{"taxonomy":"post_tag","embeddable":true,"href":"https:\/\/3joursdecherbourg.fr\/index.php?rest_route=%2Fwp%2Fv2%2Ftags&post=534"}],"curies":[{"name":"wp","href":"https:\/\/api.w.org\/{rel}","templated":true}]}}