{"id":602,"date":"2017-08-07T12:44:55","date_gmt":"2017-08-07T10:44:55","guid":{"rendered":"http:\/\/3joursdecherbourg.fr\/?p=602"},"modified":"2017-08-07T12:44:55","modified_gmt":"2017-08-07T10:44:55","slug":"auguste-lay-nous-a-quittes","status":"publish","type":"post","link":"https:\/\/3joursdecherbourg.fr\/?p=602","title":{"rendered":"Auguste Lay nous a quitt\u00e9s"},"content":{"rendered":"<p><a href=\"https:\/\/i0.wp.com\/3joursdecherbourg.fr\/wp-content\/uploads\/2017\/08\/Auguste-Lay.jpg?ssl=1\"><img data-recalc-dims=\"1\" loading=\"lazy\" decoding=\"async\" data-attachment-id=\"612\" data-permalink=\"https:\/\/3joursdecherbourg.fr\/?attachment_id=612\" data-orig-file=\"https:\/\/i0.wp.com\/3joursdecherbourg.fr\/wp-content\/uploads\/2017\/08\/Auguste-Lay.jpg?fit=158%2C262&amp;ssl=1\" data-orig-size=\"158,262\" data-comments-opened=\"1\" data-image-meta=\"{&quot;aperture&quot;:&quot;8&quot;,&quot;credit&quot;:&quot;&quot;,&quot;camera&quot;:&quot;DSLR-A300&quot;,&quot;caption&quot;:&quot;SONY DSC&quot;,&quot;created_timestamp&quot;:&quot;1410095355&quot;,&quot;copyright&quot;:&quot;&quot;,&quot;focal_length&quot;:&quot;22&quot;,&quot;iso&quot;:&quot;100&quot;,&quot;shutter_speed&quot;:&quot;0.003125&quot;,&quot;title&quot;:&quot;SONY DSC&quot;,&quot;orientation&quot;:&quot;0&quot;}\" data-image-title=\"\" data-image-description=\"\" data-image-caption=\"\" data-medium-file=\"https:\/\/i0.wp.com\/3joursdecherbourg.fr\/wp-content\/uploads\/2017\/08\/Auguste-Lay.jpg?fit=158%2C262&amp;ssl=1\" data-large-file=\"https:\/\/i0.wp.com\/3joursdecherbourg.fr\/wp-content\/uploads\/2017\/08\/Auguste-Lay.jpg?fit=158%2C262&amp;ssl=1\" class=\"alignright size-full wp-image-612\" src=\"https:\/\/i0.wp.com\/3joursdecherbourg.fr\/wp-content\/uploads\/2017\/08\/Auguste-Lay.jpg?resize=158%2C262&#038;ssl=1\" alt=\"\" width=\"158\" height=\"262\" \/><\/a>Auguste est parti discr\u00e8tement, comme il en avait l&rsquo;habitude, ce mercredi matin. La r\u00e9union de pr\u00e9paration des prochains\u00a0 \u00ab\u00a03 jours\u00a0\u00bb, en fin de journ\u00e9e, n&rsquo;avait pas la m\u00eame effervescence, le m\u00eame enthousiasme: une chaise est rest\u00e9e vide.<\/p>\n<p>Apr\u00e8s avoir \u00e9t\u00e9 coureur cycliste, Auguste \u00e9tait devenu dirigeant de l&rsquo;AS Cherbourg avant de s&rsquo;impliquer dans la cr\u00e9ation des 3 Jours et de son Amicale.<\/p>\n<p>Il \u00e9tait un rouage essentiel dans l&rsquo;organisation et la bonne tenue de notre \u00e9preuve. Tous les motards et accompagnateurs appr\u00e9ciaient sa disponibilit\u00e9, sa gentillesse et son efficacit\u00e9.<\/p>\n<p>L&rsquo;Amicale Cycliste des 3 Jours de Cherbourg partage son \u00e9motion et sa tristesse et pr\u00e9sente ses tr\u00e8s sinc\u00e8res condol\u00e9ances \u00e0 sa famille et \u00e0 ses proches.<\/p>\n","protected":false},"excerpt":{"rendered":"<p>Auguste est parti discr\u00e8tement, comme il en avait l&rsquo;habitude, ce mercredi matin. La r\u00e9union de pr\u00e9paration des prochains\u00a0 \u00ab\u00a03 jours\u00a0\u00bb, en fin de journ\u00e9e, n&rsquo;avait pas la m\u00eame effervescence, le m\u00eame enthousiasme: une chaise est rest\u00e9e vide. Apr\u00e8s avoir \u00e9t\u00e9 &hellip; <a href=\"https:\/\/3joursdecherbourg.fr\/?p=602\">Continuer la lecture <span class=\"meta-nav\">&rarr;<\/span><\/a><\/p>\n","protected":false},"author":1,"featured_media":0,"comment_status":"open","ping_status":"open","sticky":false,"template":"","format":"standard","meta":{"_jetpack_newsletter_access":"","_jetpack_dont_email_post_to_subs":false,"_jetpack_newsletter_tier_id":0,"_jetpack_memberships_contains_paywalled_content":false,"_jetpack_memberships_contains_paid_content":false,"footnotes":""},"categories":[1],"tags":[],"class_list":["post-602","post","type-post","status-publish","format-standard","hentry","category-non-classe"],"jetpack_featured_media_url":"","jetpack_shortlink":"https:\/\/wp.me\/p8fpGS-9I","jetpack-related-posts":[{"id":2280,"url":"https:\/\/3joursdecherbourg.fr\/?p=2280","url_meta":{"origin":602,"position":0},"title":"Paul Mabire s&rsquo;est \u00e9chapp\u00e9&#8230;","author":"admin3809","date":"24 d\u00e9cembre 2020","format":false,"excerpt":"Un grand nom du cyclisme \"Popaul\", oui, un grand nom! A l'approche de ses 70 ans, il s'est lanc\u00e9 dans la derni\u00e8re \u00e9chapp\u00e9e, celle o\u00f9 nous ne le reverrons que quand nous franchirons \u00e0 notre tour la ligne d'arriv\u00e9e. Les r\u00e9actions ont \u00e9t\u00e9 unanimes pour vanter ses qualit\u00e9s, sa personnalit\u00e9,\u2026","rel":"","context":"Dans &quot;Non class\u00e9&quot;","block_context":{"text":"Non class\u00e9","link":"https:\/\/3joursdecherbourg.fr\/?cat=1"},"img":{"alt_text":"","src":"https:\/\/i0.wp.com\/3joursdecherbourg.fr\/wp-content\/uploads\/2020\/12\/15327640941325MabirePaul-200x300.jpg?resize=350%2C200","width":350,"height":200},"classes":[]},{"id":3057,"url":"https:\/\/3joursdecherbourg.fr\/?p=3057","url_meta":{"origin":602,"position":1},"title":"Il nous ont quitt\u00e9s, h\u00e9las!","author":"admin3809","date":"24 d\u00e9cembre 2021","format":false,"excerpt":"En cette fin d'ann\u00e9e, nous d\u00e9plorons la perte de deux personnes qui ont beaucoup compt\u00e9 pour les \"3 jours de Cherbourg\". Philippe HOLE a \u00e9t\u00e9 pendant de nombreuses ann\u00e9es, aves ses amis et coll\u00e8gues chez AXA, le sponsor maillot du meilleur coureur \"espoir\" et bien s\u00fbr le co-assureur de notre\u2026","rel":"","context":"Dans &quot;Non class\u00e9&quot;","block_context":{"text":"Non class\u00e9","link":"https:\/\/3joursdecherbourg.fr\/?cat=1"},"img":{"alt_text":"","src":"https:\/\/i0.wp.com\/3joursdecherbourg.fr\/wp-content\/uploads\/2021\/12\/Philippe-Hole.jpg?resize=350%2C200&ssl=1","width":350,"height":200},"classes":[]},{"id":1550,"url":"https:\/\/3joursdecherbourg.fr\/?p=1550","url_meta":{"origin":602,"position":2},"title":"Adieu Guy","author":"admin3809","date":"25 janvier 2019","format":false,"excerpt":"Guy MOCQUET nous a quitt\u00e9s, victime de la maladie, \u00e0 70 ans. Depuis 25 ans il \u0153uvrait \u00e0 la r\u00e9ussite des \"3 jours de Cherbourg\", tout en \u00e9tant totalement engag\u00e9 dans ses fonctions de commissaire puis d'arbitre. Vice-pr\u00e9sident de notre amicale, il \u00e9tait le contact privil\u00e9gi\u00e9 des \u00e9quipes et des\u2026","rel":"","context":"Dans &quot;Non class\u00e9&quot;","block_context":{"text":"Non class\u00e9","link":"https:\/\/3joursdecherbourg.fr\/?cat=1"},"img":{"alt_text":"","src":"https:\/\/i0.wp.com\/3joursdecherbourg.fr\/wp-content\/uploads\/2019\/01\/Guy-Mocquet.jpg?resize=350%2C200","width":350,"height":200},"classes":[]},{"id":2241,"url":"https:\/\/3joursdecherbourg.fr\/?p=2241","url_meta":{"origin":602,"position":3},"title":"Yves Lepelletier nous a quitt\u00e9s.","author":"admin3809","date":"6 avril 2020","format":false,"excerpt":"C'est un grand nom du cyclisme qui nous a quitt\u00e9s. Yves Lepelletier a \u00e9t\u00e9 pendant des d\u00e9cennies le Pr\u00e9sident du Comit\u00e9 Michel Lair, organisateur de la course cycliste du m\u00eame nom. Cr\u00e9e \u00e0 la fin de la guerre 39\/45 par le comit\u00e9 des f\u00eates d'Octeville, la course a pris le\u2026","rel":"","context":"Dans &quot;Non class\u00e9&quot;","block_context":{"text":"Non class\u00e9","link":"https:\/\/3joursdecherbourg.fr\/?cat=1"},"img":{"alt_text":"","src":"https:\/\/i0.wp.com\/3joursdecherbourg.fr\/wp-content\/uploads\/2020\/04\/ALA5972-300x234.jpg?resize=350%2C200","width":350,"height":200},"classes":[]},{"id":3015,"url":"https:\/\/3joursdecherbourg.fr\/?p=3015","url_meta":{"origin":602,"position":4},"title":"Le cyclisme Normand pleure son ancien Pr\u00e9sident, Jean Claude LECLERC.","author":"admin3809","date":"5 octobre 2021","format":false,"excerpt":"Jean Claude LECLERC s\u2019est \u00e9teint le 4 octobre 2021 \u00e0 l\u2019\u00e2ge de 74 ans. Depuis 18 mois, il luttait contre la maladie. Malgr\u00e9 une combativit\u00e9 hors normes, la maladie a eu raison de lui. Il ne se plaignait jamais et gardait intact l\u2019espoir et l\u2019envie de vivre. Ancien Pr\u00e9sident du\u2026","rel":"","context":"Dans &quot;Non class\u00e9&quot;","block_context":{"text":"Non class\u00e9","link":"https:\/\/3joursdecherbourg.fr\/?cat=1"},"img":{"alt_text":"","src":"https:\/\/i0.wp.com\/3joursdecherbourg.fr\/wp-content\/uploads\/2021\/10\/cid_410A44218D274AEA9B7D5307F261F553%40ClineDaniel-225x300.jpg?resize=350%2C200&ssl=1","width":350,"height":200},"classes":[]},{"id":3047,"url":"https:\/\/3joursdecherbourg.fr\/?p=3047","url_meta":{"origin":602,"position":5},"title":"Assembl\u00e9e G\u00e9n\u00e9rale 2021","author":"admin3809","date":"22 novembre 2021","format":false,"excerpt":"L\u2019Amicale Cycliste des Trois Jours de Cherbourg a tenu son Assembl\u00e9e G\u00e9n\u00e9rale annuelle statutaire ce vendredi 12 novembre 2021, \u00e0 la salle du gymnase Maurice Postaire (Cherbourg-en-Cotentin). \u00a0 Le Pr\u00e9sident, Bernard BERHAULT, a accueilli l\u2019assembl\u00e9e en excusant quelques invit\u00e9s absents. Il a exprim\u00e9 sa satisfaction apr\u00e8s le succ\u00e8s de cette\u2026","rel":"","context":"Dans &quot;Non class\u00e9&quot;","block_context":{"text":"Non class\u00e9","link":"https:\/\/3joursdecherbourg.fr\/?cat=1"},"img":{"alt_text":"","src":"https:\/\/i0.wp.com\/3joursdecherbourg.fr\/wp-content\/uploads\/2021\/11\/IMG_5046.jpg?resize=350%2C200&ssl=1","width":350,"height":200,"srcset":"https:\/\/i0.wp.com\/3joursdecherbourg.fr\/wp-content\/uploads\/2021\/11\/IMG_5046.jpg?resize=350%2C200&ssl=1 1x, https:\/\/i0.wp.com\/3joursdecherbourg.fr\/wp-content\/uploads\/2021\/11\/IMG_5046.jpg?resize=525%2C300&ssl=1 1.5x, https:\/\/i0.wp.com\/3joursdecherbourg.fr\/wp-content\/uploads\/2021\/11\/IMG_5046.jpg?resize=700%2C400&ssl=1 2x, https:\/\/i0.wp.com\/3joursdecherbourg.fr\/wp-content\/uploads\/2021\/11\/IMG_5046.jpg?resize=1050%2C600&ssl=1 3x, https:\/\/i0.wp.com\/3joursdecherbourg.fr\/wp-content\/uploads\/2021\/11\/IMG_5046.jpg?resize=1400%2C800&ssl=1 4x"},"classes":[]}],"jetpack_likes_enabled":false,"jetpack_sharing_enabled":true,"_links":{"self":[{"href":"https:\/\/3joursdecherbourg.fr\/index.php?rest_route=\/wp\/v2\/posts\/602","targetHints":{"allow":["GET"]}}],"collection":[{"href":"https:\/\/3joursdecherbourg.fr\/index.php?rest_route=\/wp\/v2\/posts"}],"about":[{"href":"https:\/\/3joursdecherbourg.fr\/index.php?rest_route=\/wp\/v2\/types\/post"}],"author":[{"embeddable":true,"href":"https:\/\/3joursdecherbourg.fr\/index.php?rest_route=\/wp\/v2\/users\/1"}],"replies":[{"embeddable":true,"href":"https:\/\/3joursdecherbourg.fr\/index.php?rest_route=%2Fwp%2Fv2%2Fcomments&post=602"}],"version-history":[{"count":4,"href":"https:\/\/3joursdecherbourg.fr\/index.php?rest_route=\/wp\/v2\/posts\/602\/revisions"}],"predecessor-version":[{"id":614,"href":"https:\/\/3joursdecherbourg.fr\/index.php?rest_route=\/wp\/v2\/posts\/602\/revisions\/614"}],"wp:attachment":[{"href":"https:\/\/3joursdecherbourg.fr\/index.php?rest_route=%2Fwp%2Fv2%2Fmedia&parent=602"}],"wp:term":[{"taxonomy":"category","embeddable":true,"href":"https:\/\/3joursdecherbourg.fr\/index.php?rest_route=%2Fwp%2Fv2%2Fcategories&post=602"},{"taxonomy":"post_tag","embeddable":true,"href":"https:\/\/3joursdecherbourg.fr\/index.php?rest_route=%2Fwp%2Fv2%2Ftags&post=602"}],"curies":[{"name":"wp","href":"https:\/\/api.w.org\/{rel}","templated":true}]}}