{"id":6199,"date":"2026-09-04T19:22:31","date_gmt":"2026-09-04T17:22:31","guid":{"rendered":"https:\/\/3joursdecherbourg.fr\/?p=6199"},"modified":"2026-09-04T20:55:55","modified_gmt":"2026-09-04T18:55:55","slug":"vincent-bodet-frappe-fort-dentree-a-flamanville","status":"publish","type":"post","link":"https:\/\/3joursdecherbourg.fr\/?p=6199","title":{"rendered":"Vincent Bodet frappe fort d\u2019entr\u00e9e \u00e0 Flamanville\u00a0"},"content":{"rendered":"\n<p>Quel final \u00e0 Flamanville !&nbsp;<strong>Vincent Bodet (VENDEE U &#8211; PRIMEO ENERGIE)<\/strong>&nbsp;a frapp\u00e9 un grand coup d\u00e8s la premi\u00e8re \u00e9tape des&nbsp;<strong>3 Jours de Cherbourg<\/strong>, ce vendredi 4 septembre 2026.<\/p>\n\n\n\n<p>Le Vend\u00e9en a parfaitement n\u00e9goci\u00e9 les derniers kilom\u00e8tres pour s\u2019envoler vers la victoire&nbsp;<strong>en solitaire<\/strong>, laissant ses poursuivants derri\u00e8re lui. Un premier succ\u00e8s qui lui permet de lancer id\u00e9alement son week-end dans le Cotentin.<\/p>\n\n\n\n<p>Derri\u00e8re lui,&nbsp;<strong>Ma\u00ebl Zahem (Team Bricquebec Cotentin)<\/strong>&nbsp;s\u2019est illustr\u00e9 en prenant une belle&nbsp;<strong>2e place<\/strong>. Tr\u00e8s actif tout au long de l\u2019\u00e9tape, il repart \u00e9galement avec le&nbsp;<strong>maillot de meilleur grimpeur<\/strong>.<\/p>\n\n\n\n<p>La course se poursuit d\u00e8s demain avec une deuxi\u00e8me \u00e9tape qui promet d\u00e9j\u00e0 d\u2019\u00eatre muscl\u00e9e :&nbsp;<strong>159 kilom\u00e8tres entre Tourlaville et Octeville<\/strong>, au programme de ce samedi 5 septembre.<\/p>\n\n\n\n<p>Une chose est s\u00fbre : les 3 Jours de Cherbourg sont bel et bien lanc\u00e9s ! &#x1f525;<\/p>\n\n\n\n<figure class=\"wp-block-gallery has-nested-images columns-default is-cropped wp-block-gallery-1 is-layout-flex wp-block-gallery-is-layout-flex\">\n<figure class=\"wp-block-image size-large\"><img data-recalc-dims=\"1\" loading=\"lazy\" decoding=\"async\" width=\"750\" height=\"497\" data-attachment-id=\"6209\" data-permalink=\"https:\/\/3joursdecherbourg.fr\/?attachment_id=6209\" data-orig-file=\"https:\/\/i0.wp.com\/3joursdecherbourg.fr\/wp-content\/uploads\/2026\/09\/DSC_5675.jpg?fit=2256%2C1496&amp;ssl=1\" data-orig-size=\"2256,1496\" data-comments-opened=\"0\" data-image-meta=\"{&quot;aperture&quot;:&quot;9&quot;,&quot;credit&quot;:&quot;&quot;,&quot;camera&quot;:&quot;NIKON D50&quot;,&quot;caption&quot;:&quot;&quot;,&quot;created_timestamp&quot;:&quot;1788542736&quot;,&quot;copyright&quot;:&quot;&quot;,&quot;focal_length&quot;:&quot;34&quot;,&quot;iso&quot;:&quot;0&quot;,&quot;shutter_speed&quot;:&quot;0.00625&quot;,&quot;title&quot;:&quot;&quot;,&quot;orientation&quot;:&quot;1&quot;}\" data-image-title=\"DSC_5675\" data-image-description=\"\" data-image-caption=\"\" data-large-file=\"https:\/\/i0.wp.com\/3joursdecherbourg.fr\/wp-content\/uploads\/2026\/09\/DSC_5675.jpg?fit=750%2C497&amp;ssl=1\" data-id=\"6209\" src=\"https:\/\/i0.wp.com\/3joursdecherbourg.fr\/wp-content\/uploads\/2026\/09\/DSC_5675.jpg?resize=750%2C497&#038;ssl=1\" alt=\"\" class=\"wp-image-6209\" srcset=\"https:\/\/i0.wp.com\/3joursdecherbourg.fr\/wp-content\/uploads\/2026\/09\/DSC_5675.jpg?resize=1024%2C679&amp;ssl=1 1024w, https:\/\/i0.wp.com\/3joursdecherbourg.fr\/wp-content\/uploads\/2026\/09\/DSC_5675.jpg?resize=300%2C199&amp;ssl=1 300w, https:\/\/i0.wp.com\/3joursdecherbourg.fr\/wp-content\/uploads\/2026\/09\/DSC_5675.jpg?resize=768%2C509&amp;ssl=1 768w, https:\/\/i0.wp.com\/3joursdecherbourg.fr\/wp-content\/uploads\/2026\/09\/DSC_5675.jpg?w=1500&amp;ssl=1 1500w, https:\/\/i0.wp.com\/3joursdecherbourg.fr\/wp-content\/uploads\/2026\/09\/DSC_5675.jpg?w=2250&amp;ssl=1 2250w\" sizes=\"auto, (max-width: 750px) 100vw, 750px\" \/><\/figure>\n\n\n\n<figure class=\"wp-block-image size-large\"><img data-recalc-dims=\"1\" loading=\"lazy\" decoding=\"async\" width=\"750\" height=\"497\" data-attachment-id=\"6214\" data-permalink=\"https:\/\/3joursdecherbourg.fr\/?attachment_id=6214\" data-orig-file=\"https:\/\/i0.wp.com\/3joursdecherbourg.fr\/wp-content\/uploads\/2026\/09\/DSC_5673.jpg?fit=2256%2C1496&amp;ssl=1\" data-orig-size=\"2256,1496\" data-comments-opened=\"0\" data-image-meta=\"{&quot;aperture&quot;:&quot;9&quot;,&quot;credit&quot;:&quot;&quot;,&quot;camera&quot;:&quot;NIKON D50&quot;,&quot;caption&quot;:&quot;&quot;,&quot;created_timestamp&quot;:&quot;1788542667&quot;,&quot;copyright&quot;:&quot;&quot;,&quot;focal_length&quot;:&quot;32&quot;,&quot;iso&quot;:&quot;0&quot;,&quot;shutter_speed&quot;:&quot;0.01&quot;,&quot;title&quot;:&quot;&quot;,&quot;orientation&quot;:&quot;1&quot;}\" data-image-title=\"DSC_5673\" data-image-description=\"\" data-image-caption=\"\" data-large-file=\"https:\/\/i0.wp.com\/3joursdecherbourg.fr\/wp-content\/uploads\/2026\/09\/DSC_5673.jpg?fit=750%2C497&amp;ssl=1\" data-id=\"6214\" src=\"https:\/\/i0.wp.com\/3joursdecherbourg.fr\/wp-content\/uploads\/2026\/09\/DSC_5673.jpg?resize=750%2C497&#038;ssl=1\" alt=\"\" class=\"wp-image-6214\" srcset=\"https:\/\/i0.wp.com\/3joursdecherbourg.fr\/wp-content\/uploads\/2026\/09\/DSC_5673.jpg?resize=1024%2C679&amp;ssl=1 1024w, https:\/\/i0.wp.com\/3joursdecherbourg.fr\/wp-content\/uploads\/2026\/09\/DSC_5673.jpg?resize=300%2C199&amp;ssl=1 300w, https:\/\/i0.wp.com\/3joursdecherbourg.fr\/wp-content\/uploads\/2026\/09\/DSC_5673.jpg?resize=768%2C509&amp;ssl=1 768w, https:\/\/i0.wp.com\/3joursdecherbourg.fr\/wp-content\/uploads\/2026\/09\/DSC_5673.jpg?resize=1536%2C1019&amp;ssl=1 1536w, https:\/\/i0.wp.com\/3joursdecherbourg.fr\/wp-content\/uploads\/2026\/09\/DSC_5673.jpg?resize=2048%2C1358&amp;ssl=1 2048w, https:\/\/i0.wp.com\/3joursdecherbourg.fr\/wp-content\/uploads\/2026\/09\/DSC_5673.jpg?resize=360%2C240&amp;ssl=1 360w, https:\/\/i0.wp.com\/3joursdecherbourg.fr\/wp-content\/uploads\/2026\/09\/DSC_5673.jpg?w=2250&amp;ssl=1 2250w\" sizes=\"auto, (max-width: 750px) 100vw, 750px\" \/><\/figure>\n\n\n\n<figure class=\"wp-block-image size-large\"><img data-recalc-dims=\"1\" loading=\"lazy\" decoding=\"async\" width=\"750\" height=\"497\" data-attachment-id=\"6213\" data-permalink=\"https:\/\/3joursdecherbourg.fr\/?attachment_id=6213\" data-orig-file=\"https:\/\/i0.wp.com\/3joursdecherbourg.fr\/wp-content\/uploads\/2026\/09\/DSC_5647.jpg?fit=2256%2C1496&amp;ssl=1\" data-orig-size=\"2256,1496\" data-comments-opened=\"0\" data-image-meta=\"{&quot;aperture&quot;:&quot;11&quot;,&quot;credit&quot;:&quot;&quot;,&quot;camera&quot;:&quot;NIKON D50&quot;,&quot;caption&quot;:&quot;&quot;,&quot;created_timestamp&quot;:&quot;1788540093&quot;,&quot;copyright&quot;:&quot;&quot;,&quot;focal_length&quot;:&quot;55&quot;,&quot;iso&quot;:&quot;0&quot;,&quot;shutter_speed&quot;:&quot;0.003125&quot;,&quot;title&quot;:&quot;&quot;,&quot;orientation&quot;:&quot;1&quot;}\" data-image-title=\"DSC_5647\" data-image-description=\"\" data-image-caption=\"\" data-large-file=\"https:\/\/i0.wp.com\/3joursdecherbourg.fr\/wp-content\/uploads\/2026\/09\/DSC_5647.jpg?fit=750%2C497&amp;ssl=1\" data-id=\"6213\" src=\"https:\/\/i0.wp.com\/3joursdecherbourg.fr\/wp-content\/uploads\/2026\/09\/DSC_5647.jpg?resize=750%2C497&#038;ssl=1\" alt=\"\" class=\"wp-image-6213\" srcset=\"https:\/\/i0.wp.com\/3joursdecherbourg.fr\/wp-content\/uploads\/2026\/09\/DSC_5647.jpg?resize=1024%2C679&amp;ssl=1 1024w, https:\/\/i0.wp.com\/3joursdecherbourg.fr\/wp-content\/uploads\/2026\/09\/DSC_5647.jpg?resize=300%2C199&amp;ssl=1 300w, https:\/\/i0.wp.com\/3joursdecherbourg.fr\/wp-content\/uploads\/2026\/09\/DSC_5647.jpg?resize=768%2C509&amp;ssl=1 768w, https:\/\/i0.wp.com\/3joursdecherbourg.fr\/wp-content\/uploads\/2026\/09\/DSC_5647.jpg?resize=1536%2C1019&amp;ssl=1 1536w, https:\/\/i0.wp.com\/3joursdecherbourg.fr\/wp-content\/uploads\/2026\/09\/DSC_5647.jpg?w=2250&amp;ssl=1 2250w\" sizes=\"auto, (max-width: 750px) 100vw, 750px\" \/><\/figure>\n\n\n\n<figure class=\"wp-block-image size-large\"><img data-recalc-dims=\"1\" loading=\"lazy\" decoding=\"async\" width=\"750\" height=\"497\" data-attachment-id=\"6210\" data-permalink=\"https:\/\/3joursdecherbourg.fr\/?attachment_id=6210\" data-orig-file=\"https:\/\/i0.wp.com\/3joursdecherbourg.fr\/wp-content\/uploads\/2026\/09\/DSC_5655.jpg?fit=2256%2C1496&amp;ssl=1\" data-orig-size=\"2256,1496\" data-comments-opened=\"0\" data-image-meta=\"{&quot;aperture&quot;:&quot;10&quot;,&quot;credit&quot;:&quot;&quot;,&quot;camera&quot;:&quot;NIKON D50&quot;,&quot;caption&quot;:&quot;&quot;,&quot;created_timestamp&quot;:&quot;1788541938&quot;,&quot;copyright&quot;:&quot;&quot;,&quot;focal_length&quot;:&quot;46&quot;,&quot;iso&quot;:&quot;0&quot;,&quot;shutter_speed&quot;:&quot;0.004&quot;,&quot;title&quot;:&quot;&quot;,&quot;orientation&quot;:&quot;1&quot;}\" data-image-title=\"DSC_5655\" data-image-description=\"\" data-image-caption=\"\" data-large-file=\"https:\/\/i0.wp.com\/3joursdecherbourg.fr\/wp-content\/uploads\/2026\/09\/DSC_5655.jpg?fit=750%2C497&amp;ssl=1\" data-id=\"6210\" src=\"https:\/\/i0.wp.com\/3joursdecherbourg.fr\/wp-content\/uploads\/2026\/09\/DSC_5655.jpg?resize=750%2C497&#038;ssl=1\" alt=\"\" class=\"wp-image-6210\" srcset=\"https:\/\/i0.wp.com\/3joursdecherbourg.fr\/wp-content\/uploads\/2026\/09\/DSC_5655.jpg?resize=1024%2C679&amp;ssl=1 1024w, https:\/\/i0.wp.com\/3joursdecherbourg.fr\/wp-content\/uploads\/2026\/09\/DSC_5655.jpg?resize=300%2C199&amp;ssl=1 300w, https:\/\/i0.wp.com\/3joursdecherbourg.fr\/wp-content\/uploads\/2026\/09\/DSC_5655.jpg?resize=768%2C509&amp;ssl=1 768w, https:\/\/i0.wp.com\/3joursdecherbourg.fr\/wp-content\/uploads\/2026\/09\/DSC_5655.jpg?resize=1536%2C1019&amp;ssl=1 1536w, https:\/\/i0.wp.com\/3joursdecherbourg.fr\/wp-content\/uploads\/2026\/09\/DSC_5655.jpg?resize=2048%2C1358&amp;ssl=1 2048w, https:\/\/i0.wp.com\/3joursdecherbourg.fr\/wp-content\/uploads\/2026\/09\/DSC_5655.jpg?resize=360%2C240&amp;ssl=1 360w, https:\/\/i0.wp.com\/3joursdecherbourg.fr\/wp-content\/uploads\/2026\/09\/DSC_5655.jpg?w=2250&amp;ssl=1 2250w\" sizes=\"auto, (max-width: 750px) 100vw, 750px\" \/><\/figure>\n\n\n\n<figure class=\"wp-block-image size-large\"><img data-recalc-dims=\"1\" loading=\"lazy\" decoding=\"async\" width=\"750\" height=\"497\" data-attachment-id=\"6211\" data-permalink=\"https:\/\/3joursdecherbourg.fr\/?attachment_id=6211\" data-orig-file=\"https:\/\/i0.wp.com\/3joursdecherbourg.fr\/wp-content\/uploads\/2026\/09\/DSC_5556.jpg?fit=2256%2C1496&amp;ssl=1\" data-orig-size=\"2256,1496\" data-comments-opened=\"0\" data-image-meta=\"{&quot;aperture&quot;:&quot;7.1&quot;,&quot;credit&quot;:&quot;&quot;,&quot;camera&quot;:&quot;NIKON D50&quot;,&quot;caption&quot;:&quot;&quot;,&quot;created_timestamp&quot;:&quot;1788524062&quot;,&quot;copyright&quot;:&quot;&quot;,&quot;focal_length&quot;:&quot;26&quot;,&quot;iso&quot;:&quot;0&quot;,&quot;shutter_speed&quot;:&quot;0.005&quot;,&quot;title&quot;:&quot;&quot;,&quot;orientation&quot;:&quot;1&quot;}\" data-image-title=\"DSC_5556\" data-image-description=\"\" data-image-caption=\"\" data-large-file=\"https:\/\/i0.wp.com\/3joursdecherbourg.fr\/wp-content\/uploads\/2026\/09\/DSC_5556.jpg?fit=750%2C497&amp;ssl=1\" data-id=\"6211\" src=\"https:\/\/i0.wp.com\/3joursdecherbourg.fr\/wp-content\/uploads\/2026\/09\/DSC_5556.jpg?resize=750%2C497&#038;ssl=1\" alt=\"\" class=\"wp-image-6211\" srcset=\"https:\/\/i0.wp.com\/3joursdecherbourg.fr\/wp-content\/uploads\/2026\/09\/DSC_5556.jpg?resize=1024%2C679&amp;ssl=1 1024w, https:\/\/i0.wp.com\/3joursdecherbourg.fr\/wp-content\/uploads\/2026\/09\/DSC_5556.jpg?resize=300%2C199&amp;ssl=1 300w, https:\/\/i0.wp.com\/3joursdecherbourg.fr\/wp-content\/uploads\/2026\/09\/DSC_5556.jpg?resize=768%2C509&amp;ssl=1 768w, https:\/\/i0.wp.com\/3joursdecherbourg.fr\/wp-content\/uploads\/2026\/09\/DSC_5556.jpg?resize=1536%2C1019&amp;ssl=1 1536w, https:\/\/i0.wp.com\/3joursdecherbourg.fr\/wp-content\/uploads\/2026\/09\/DSC_5556.jpg?resize=2048%2C1358&amp;ssl=1 2048w, https:\/\/i0.wp.com\/3joursdecherbourg.fr\/wp-content\/uploads\/2026\/09\/DSC_5556.jpg?resize=360%2C240&amp;ssl=1 360w, https:\/\/i0.wp.com\/3joursdecherbourg.fr\/wp-content\/uploads\/2026\/09\/DSC_5556.jpg?w=2250&amp;ssl=1 2250w\" sizes=\"auto, (max-width: 750px) 100vw, 750px\" \/><\/figure>\n\n\n\n<figure class=\"wp-block-image size-large\"><img data-recalc-dims=\"1\" loading=\"lazy\" decoding=\"async\" width=\"750\" height=\"497\" data-attachment-id=\"6212\" data-permalink=\"https:\/\/3joursdecherbourg.fr\/?attachment_id=6212\" data-orig-file=\"https:\/\/i0.wp.com\/3joursdecherbourg.fr\/wp-content\/uploads\/2026\/09\/DSC_5599.jpg?fit=2256%2C1496&amp;ssl=1\" data-orig-size=\"2256,1496\" data-comments-opened=\"0\" data-image-meta=\"{&quot;aperture&quot;:&quot;5.6&quot;,&quot;credit&quot;:&quot;&quot;,&quot;camera&quot;:&quot;NIKON D50&quot;,&quot;caption&quot;:&quot;&quot;,&quot;created_timestamp&quot;:&quot;1788533466&quot;,&quot;copyright&quot;:&quot;&quot;,&quot;focal_length&quot;:&quot;48&quot;,&quot;iso&quot;:&quot;0&quot;,&quot;shutter_speed&quot;:&quot;0.01&quot;,&quot;title&quot;:&quot;&quot;,&quot;orientation&quot;:&quot;1&quot;}\" data-image-title=\"DSC_5599\" data-image-description=\"\" data-image-caption=\"\" data-large-file=\"https:\/\/i0.wp.com\/3joursdecherbourg.fr\/wp-content\/uploads\/2026\/09\/DSC_5599.jpg?fit=750%2C497&amp;ssl=1\" data-id=\"6212\" src=\"https:\/\/i0.wp.com\/3joursdecherbourg.fr\/wp-content\/uploads\/2026\/09\/DSC_5599.jpg?resize=750%2C497&#038;ssl=1\" alt=\"\" class=\"wp-image-6212\" srcset=\"https:\/\/i0.wp.com\/3joursdecherbourg.fr\/wp-content\/uploads\/2026\/09\/DSC_5599.jpg?resize=1024%2C679&amp;ssl=1 1024w, https:\/\/i0.wp.com\/3joursdecherbourg.fr\/wp-content\/uploads\/2026\/09\/DSC_5599.jpg?resize=300%2C199&amp;ssl=1 300w, https:\/\/i0.wp.com\/3joursdecherbourg.fr\/wp-content\/uploads\/2026\/09\/DSC_5599.jpg?resize=768%2C509&amp;ssl=1 768w, https:\/\/i0.wp.com\/3joursdecherbourg.fr\/wp-content\/uploads\/2026\/09\/DSC_5599.jpg?resize=1536%2C1019&amp;ssl=1 1536w, https:\/\/i0.wp.com\/3joursdecherbourg.fr\/wp-content\/uploads\/2026\/09\/DSC_5599.jpg?resize=2048%2C1358&amp;ssl=1 2048w, https:\/\/i0.wp.com\/3joursdecherbourg.fr\/wp-content\/uploads\/2026\/09\/DSC_5599.jpg?resize=360%2C240&amp;ssl=1 360w, https:\/\/i0.wp.com\/3joursdecherbourg.fr\/wp-content\/uploads\/2026\/09\/DSC_5599.jpg?w=2250&amp;ssl=1 2250w\" sizes=\"auto, (max-width: 750px) 100vw, 750px\" \/><\/figure>\n\n\n\n<figure class=\"wp-block-image size-large\"><img data-recalc-dims=\"1\" loading=\"lazy\" decoding=\"async\" width=\"750\" height=\"497\" data-attachment-id=\"6208\" data-permalink=\"https:\/\/3joursdecherbourg.fr\/?attachment_id=6208\" data-orig-file=\"https:\/\/i0.wp.com\/3joursdecherbourg.fr\/wp-content\/uploads\/2026\/09\/DSC_5645-1.jpg?fit=2256%2C1496&amp;ssl=1\" data-orig-size=\"2256,1496\" data-comments-opened=\"0\" data-image-meta=\"{&quot;aperture&quot;:&quot;11&quot;,&quot;credit&quot;:&quot;&quot;,&quot;camera&quot;:&quot;NIKON D50&quot;,&quot;caption&quot;:&quot;&quot;,&quot;created_timestamp&quot;:&quot;1788540050&quot;,&quot;copyright&quot;:&quot;&quot;,&quot;focal_length&quot;:&quot;55&quot;,&quot;iso&quot;:&quot;0&quot;,&quot;shutter_speed&quot;:&quot;0.0025&quot;,&quot;title&quot;:&quot;&quot;,&quot;orientation&quot;:&quot;1&quot;}\" data-image-title=\"DSC_5645\" data-image-description=\"\" data-image-caption=\"\" data-large-file=\"https:\/\/i0.wp.com\/3joursdecherbourg.fr\/wp-content\/uploads\/2026\/09\/DSC_5645-1.jpg?fit=750%2C497&amp;ssl=1\" data-id=\"6208\" src=\"https:\/\/i0.wp.com\/3joursdecherbourg.fr\/wp-content\/uploads\/2026\/09\/DSC_5645-1.jpg?resize=750%2C497&#038;ssl=1\" alt=\"\" class=\"wp-image-6208\" srcset=\"https:\/\/i0.wp.com\/3joursdecherbourg.fr\/wp-content\/uploads\/2026\/09\/DSC_5645-1.jpg?resize=1024%2C679&amp;ssl=1 1024w, https:\/\/i0.wp.com\/3joursdecherbourg.fr\/wp-content\/uploads\/2026\/09\/DSC_5645-1.jpg?resize=300%2C199&amp;ssl=1 300w, https:\/\/i0.wp.com\/3joursdecherbourg.fr\/wp-content\/uploads\/2026\/09\/DSC_5645-1.jpg?resize=768%2C509&amp;ssl=1 768w, https:\/\/i0.wp.com\/3joursdecherbourg.fr\/wp-content\/uploads\/2026\/09\/DSC_5645-1.jpg?resize=1536%2C1019&amp;ssl=1 1536w, https:\/\/i0.wp.com\/3joursdecherbourg.fr\/wp-content\/uploads\/2026\/09\/DSC_5645-1.jpg?w=2250&amp;ssl=1 2250w\" sizes=\"auto, (max-width: 750px) 100vw, 750px\" \/><\/figure>\n<\/figure>\n","protected":false},"excerpt":{"rendered":"<p>Quel final \u00e0 Flamanville !&nbsp;Vincent Bodet (VENDEE U &#8211; PRIMEO ENERGIE)&nbsp;a frapp\u00e9 un grand coup d\u00e8s la premi\u00e8re \u00e9tape des&nbsp;3 Jours de Cherbourg, ce vendredi 4 septembre 2026. Le Vend\u00e9en a parfaitement n\u00e9goci\u00e9 les derniers kilom\u00e8tres pour s\u2019envoler vers la victoire&nbsp;en solitaire, laissant ses poursuivants derri\u00e8re lui. Un premier succ\u00e8s [&hellip;]<\/p>\n","protected":false},"author":1,"featured_media":6202,"comment_status":"closed","ping_status":"closed","sticky":false,"template":"","format":"standard","meta":{"advanced_seo_description":"","jetpack_seo_html_title":"","jetpack_seo_noindex":false,"jetpack_seo_schema_type":"","_themeisle_gutenberg_block_has_review":false,"_jetpack_newsletter_access":"","_jetpack_dont_email_post_to_subs":false,"_jetpack_newsletter_tier_id":0,"_jetpack_memberships_contains_paywalled_content":false,"_jetpack_feature_clip_id":0,"_jetpack_memberships_contains_paid_content":false,"footnotes":"","jetpack_publicize_message":"","jetpack_publicize_feature_enabled":true,"jetpack_social_post_already_shared":true,"jetpack_social_options":{"image_generator_settings":{"template":"highway","default_image_id":0,"font":"","enabled":false},"version":2},"jetpack_post_was_ever_published":false},"categories":[6],"tags":[],"class_list":["post-6199","post","type-post","status-publish","format-standard","has-post-thumbnail","hentry","category-edition-2026"],"jetpack_publicize_connections":[],"jetpack_shortlink":"https:\/\/wp.me\/p8fpGS-1BZ","jetpack-related-posts":[{"id":5531,"url":"https:\/\/3joursdecherbourg.fr\/?p=5531","url_meta":{"origin":6199,"position":0},"title":"Les 3 Jours de Cherbourg 2025 : promesse tenue pour la 45\u1d49 \u00e9dition","author":"admin3809","date":"10 septembre 2025","format":false,"excerpt":"Du 5 au 7 septembre 2025, les routes du Cotentin ont vibr\u00e9 au rythme de la 45\u1d49 \u00e9dition des\u00a03 Jours de Cherbourg-en-Cotentin, \u00e9preuve phare du calendrier national \u00e9lite. Apr\u00e8s une \u00e9dition 2024 marqu\u00e9e par le sacre du Manchois Yohann Simon, l\u2019\u00e9preuve s\u2019annon\u00e7ait prometteuse. Elle n\u2019a pas d\u00e9\u00e7u.Sous le parrainage de\u00a0Marcel\u2026","rel":"","context":"Dans &quot;Non class\u00e9&quot;","block_context":{"text":"Non class\u00e9","link":"https:\/\/3joursdecherbourg.fr\/?cat=1"},"img":{"alt_text":"","src":"https:\/\/i0.wp.com\/img.youtube.com\/vi\/gSnllkJEr4M\/0.jpg?resize=350%2C200","width":350,"height":200},"classes":[]},{"id":5536,"url":"https:\/\/3joursdecherbourg.fr\/?p=5536","url_meta":{"origin":6199,"position":1},"title":"les \u00ab\u00a03 jours\u00a0\u00bb \u00e0 l&rsquo;heure des remerciements:","author":"admin3809","date":"12 septembre 2025","format":false,"excerpt":"Il ne peut pas y avoir une \"grande\" course cycliste - et nous esp\u00e9rons que ce soit le cas des \"3 jours\" - sans la participation d'un grand nombre d'acteurs. Oui, au del\u00e0 des bilans - sportif, financier, administratif, organisationnel - que notre Amicale Cycliste ne manquera pas de faire\u2026","rel":"","context":"Dans &quot;\u00c9DITION 2025&quot;","block_context":{"text":"\u00c9DITION 2025","link":"https:\/\/3joursdecherbourg.fr\/?cat=8"},"img":{"alt_text":"","src":"https:\/\/i0.wp.com\/3joursdecherbourg.fr\/wp-content\/uploads\/2025\/09\/DSC_5199-1.jpg?fit=1154%2C865&ssl=1&resize=350%2C200","width":350,"height":200,"srcset":"https:\/\/i0.wp.com\/3joursdecherbourg.fr\/wp-content\/uploads\/2025\/09\/DSC_5199-1.jpg?fit=1154%2C865&ssl=1&resize=350%2C200 1x, https:\/\/i0.wp.com\/3joursdecherbourg.fr\/wp-content\/uploads\/2025\/09\/DSC_5199-1.jpg?fit=1154%2C865&ssl=1&resize=525%2C300 1.5x, https:\/\/i0.wp.com\/3joursdecherbourg.fr\/wp-content\/uploads\/2025\/09\/DSC_5199-1.jpg?fit=1154%2C865&ssl=1&resize=700%2C400 2x, https:\/\/i0.wp.com\/3joursdecherbourg.fr\/wp-content\/uploads\/2025\/09\/DSC_5199-1.jpg?fit=1154%2C865&ssl=1&resize=1050%2C600 3x"},"classes":[]},{"id":6246,"url":"https:\/\/3joursdecherbourg.fr\/?p=6246","url_meta":{"origin":6199,"position":2},"title":"Flamanville, clap de fin !","author":"admin3809","date":"4 septembre 2026","format":false,"excerpt":"Apr\u00e8s Portbail, puis deux \u00e9ditions \u00e0 Flamanville, les 3 Jours de Cherbourg s\u2019appr\u00eatent \u00e0 \u00e9crire une nouvelle page de leur histoire. En 2027, cap vers une nouvelle ville d\u2019arriv\u00e9e pour la premi\u00e8re \u00e9tape ! \ud83d\udeb4\u200d\u2642\ufe0f Flamanville aura marqu\u00e9 les \u00e9ditions 2025 et 2026, avec deux arriv\u00e9es qui auront offert de\u2026","rel":"","context":"Dans &quot;\u00c9DITION 2026&quot;","block_context":{"text":"\u00c9DITION 2026","link":"https:\/\/3joursdecherbourg.fr\/?cat=6"},"img":{"alt_text":"","src":"https:\/\/i0.wp.com\/3joursdecherbourg.fr\/wp-content\/uploads\/2026\/09\/DSC_5675.jpg?fit=1200%2C796&ssl=1&resize=350%2C200","width":350,"height":200,"srcset":"https:\/\/i0.wp.com\/3joursdecherbourg.fr\/wp-content\/uploads\/2026\/09\/DSC_5675.jpg?fit=1200%2C796&ssl=1&resize=350%2C200 1x, https:\/\/i0.wp.com\/3joursdecherbourg.fr\/wp-content\/uploads\/2026\/09\/DSC_5675.jpg?fit=1200%2C796&ssl=1&resize=525%2C300 1.5x, https:\/\/i0.wp.com\/3joursdecherbourg.fr\/wp-content\/uploads\/2026\/09\/DSC_5675.jpg?fit=1200%2C796&ssl=1&resize=700%2C400 2x, https:\/\/i0.wp.com\/3joursdecherbourg.fr\/wp-content\/uploads\/2026\/09\/DSC_5675.jpg?fit=1200%2C796&ssl=1&resize=1050%2C600 3x"},"classes":[]},{"id":5336,"url":"https:\/\/3joursdecherbourg.fr\/?p=5336","url_meta":{"origin":6199,"position":3},"title":"Pr\u00e9sentation des maillots 2025","author":"admin3809","date":"29 ao\u00fbt 2025","format":false,"excerpt":"C'est ce mercredi 28 ao\u00fbt 2025 que la pr\u00e9sentation des maillots de la 45\u00e8me \u00e9dition des \"3 Jours de Cherbourg en Cotentin\" a eu lieu. La c\u00e9r\u00e9monie s'est d\u00e9roul\u00e9e aux \u00e9tablissements Mary Automobiles Peugeot, \u00e0 Tourlaville, Cherbourg-en-Cotentin. Un accueil particuli\u00e8rement chaleureux de C\u00e9dric COSNEFROY, Directeur, qui n'a pas manqu\u00e9 de\u2026","rel":"","context":"Dans &quot;Non class\u00e9&quot;","block_context":{"text":"Non class\u00e9","link":"https:\/\/3joursdecherbourg.fr\/?cat=1"},"img":{"alt_text":"","src":"https:\/\/i0.wp.com\/3joursdecherbourg.fr\/wp-content\/uploads\/2025\/08\/DSC_5049-300x199.jpg?resize=350%2C200&ssl=1","width":350,"height":200},"classes":[]},{"id":4377,"url":"https:\/\/3joursdecherbourg.fr\/?p=4377","url_meta":{"origin":6199,"position":4},"title":"C&rsquo;est -presque- parti!","author":"admin3809","date":"28 ao\u00fbt 2023","format":false,"excerpt":"C'est - presque- parti pour les \"3 jours de Cherbourg en Cotentin\", au moins pour les rendez-vous initiaux. D'abord pour les b\u00e9n\u00e9voles signaleurs qui seront si pr\u00e9cieux pendant ces trois jours. Une premi\u00e8re r\u00e9union le jeudi 24 ao\u00fbt avec la pr\u00e9sentation des parcours, des horaires, le rappel des r\u00e8gles de\u2026","rel":"","context":"Dans &quot;Non class\u00e9&quot;","block_context":{"text":"Non class\u00e9","link":"https:\/\/3joursdecherbourg.fr\/?cat=1"},"img":{"alt_text":"","src":"https:\/\/i0.wp.com\/3joursdecherbourg.fr\/wp-content\/uploads\/2023\/08\/IMG_9193-300x200.jpg?resize=350%2C200&ssl=1","width":350,"height":200},"classes":[]},{"id":2196,"url":"https:\/\/3joursdecherbourg.fr\/?p=2196","url_meta":{"origin":6199,"position":5},"title":"Les \u00e9tapes 2020&#8230;","author":"admin3809","date":"24 f\u00e9vrier 2020","format":false,"excerpt":"A presque six mois de la 41\u00e8me \u00e9dition des \"3 Jours de Cherbourg en Cotentin\", l'\u00e9quipe organisatrice s'affaire de tous bords. D\u00e9j\u00e0 27 \u00e9quipes ont postul\u00e9 pour participer. Quelques une encore sont attendues et la s\u00e9lection se fera courant mars. C'est h\u00e9las une fois de plus le budget qui d\u00e9terminera\u2026","rel":"","context":"Dans &quot;Non class\u00e9&quot;","block_context":{"text":"Non class\u00e9","link":"https:\/\/3joursdecherbourg.fr\/?cat=1"},"img":{"alt_text":"","src":"https:\/\/i0.wp.com\/3joursdecherbourg.fr\/wp-content\/uploads\/2020\/02\/DSC_2857-1-1024x514.jpg?resize=350%2C200","width":350,"height":200,"srcset":"https:\/\/i0.wp.com\/3joursdecherbourg.fr\/wp-content\/uploads\/2020\/02\/DSC_2857-1-1024x514.jpg?resize=350%2C200 1x, https:\/\/i0.wp.com\/3joursdecherbourg.fr\/wp-content\/uploads\/2020\/02\/DSC_2857-1-1024x514.jpg?resize=525%2C300 1.5x"},"classes":[]}],"jetpack_likes_enabled":false,"jetpack_sharing_enabled":true,"jetpack_featured_media_url":"https:\/\/i0.wp.com\/3joursdecherbourg.fr\/wp-content\/uploads\/2026\/09\/DSC_5645.jpg?fit=2256%2C1496&ssl=1","_links":{"self":[{"href":"https:\/\/3joursdecherbourg.fr\/index.php?rest_route=\/wp\/v2\/posts\/6199","targetHints":{"allow":["GET"]}}],"collection":[{"href":"https:\/\/3joursdecherbourg.fr\/index.php?rest_route=\/wp\/v2\/posts"}],"about":[{"href":"https:\/\/3joursdecherbourg.fr\/index.php?rest_route=\/wp\/v2\/types\/post"}],"author":[{"embeddable":true,"href":"https:\/\/3joursdecherbourg.fr\/index.php?rest_route=\/wp\/v2\/users\/1"}],"replies":[{"embeddable":true,"href":"https:\/\/3joursdecherbourg.fr\/index.php?rest_route=%2Fwp%2Fv2%2Fcomments&post=6199"}],"version-history":[{"count":3,"href":"https:\/\/3joursdecherbourg.fr\/index.php?rest_route=\/wp\/v2\/posts\/6199\/revisions"}],"predecessor-version":[{"id":6215,"href":"https:\/\/3joursdecherbourg.fr\/index.php?rest_route=\/wp\/v2\/posts\/6199\/revisions\/6215"}],"wp:featuredmedia":[{"embeddable":true,"href":"https:\/\/3joursdecherbourg.fr\/index.php?rest_route=\/wp\/v2\/media\/6202"}],"wp:attachment":[{"href":"https:\/\/3joursdecherbourg.fr\/index.php?rest_route=%2Fwp%2Fv2%2Fmedia&parent=6199"}],"wp:term":[{"taxonomy":"category","embeddable":true,"href":"https:\/\/3joursdecherbourg.fr\/index.php?rest_route=%2Fwp%2Fv2%2Fcategories&post=6199"},{"taxonomy":"post_tag","embeddable":true,"href":"https:\/\/3joursdecherbourg.fr\/index.php?rest_route=%2Fwp%2Fv2%2Ftags&post=6199"}],"curies":[{"name":"wp","href":"https:\/\/api.w.org\/{rel}","templated":true}]}}