{"id":6246,"date":"2026-09-04T21:21:20","date_gmt":"2026-09-04T19:21:20","guid":{"rendered":"https:\/\/3joursdecherbourg.fr\/?p=6246"},"modified":"2026-09-04T21:21:54","modified_gmt":"2026-09-04T19:21:54","slug":"%f0%9f%a7%a1%f0%9f%a4%8d-flamanville-clap-de-fin","status":"publish","type":"post","link":"https:\/\/3joursdecherbourg.fr\/?p=6246","title":{"rendered":"Flamanville, clap de fin !"},"content":{"rendered":"\n<p>Apr\u00e8s Portbail, puis deux \u00e9ditions \u00e0 Flamanville, les 3 Jours de Cherbourg s\u2019appr\u00eatent \u00e0 \u00e9crire une nouvelle page de leur histoire.<\/p>\n\n\n\n<p>En 2027, cap vers une nouvelle ville d\u2019arriv\u00e9e pour la premi\u00e8re \u00e9tape ! &#x1f6b4;&#x200d;&#x2642;&#xfe0f;<\/p>\n\n\n\n<p>Flamanville aura marqu\u00e9 les \u00e9ditions 2025 et 2026, avec deux arriv\u00e9es qui auront offert de beaux moments aux coureurs comme au public.<\/p>\n\n\n\n<p>Alors avant de tourner la page, un immense&nbsp;<strong>MERCI \u00c0 FLAMANVILLE<\/strong>&nbsp;pour son accueil, son soutien et sa confiance pendant ces deux \u00e9ditions. &#x1f9e1;&#x1f90d;<\/p>\n\n\n\n<p>Une nouvelle arriv\u00e9e, un nouveau d\u00e9cor\u2026 mais une passion pour le cyclisme qui, elle, reste intacte !<\/p>\n\n\n\n<p><strong>Merci Flamanville, et \u00e0 bient\u00f4t sur les routes des 3 Jours de Cherbourg !<\/strong>&nbsp;&#x1f6b4;&#x200d;&#x2642;&#xfe0f;&#x1f9e1;&#x1f90d;<\/p>\n\n\n\n<figure class=\"wp-block-gallery has-nested-images columns-default is-cropped wp-block-gallery-1 is-layout-flex wp-block-gallery-is-layout-flex\">\n<figure class=\"wp-block-image size-large\"><img data-recalc-dims=\"1\" loading=\"lazy\" decoding=\"async\" width=\"750\" height=\"497\" data-attachment-id=\"6209\" data-permalink=\"https:\/\/3joursdecherbourg.fr\/?attachment_id=6209\" data-orig-file=\"https:\/\/i0.wp.com\/3joursdecherbourg.fr\/wp-content\/uploads\/2026\/09\/DSC_5675.jpg?fit=2256%2C1496&amp;ssl=1\" data-orig-size=\"2256,1496\" data-comments-opened=\"0\" data-image-meta=\"{&quot;aperture&quot;:&quot;9&quot;,&quot;credit&quot;:&quot;&quot;,&quot;camera&quot;:&quot;NIKON D50&quot;,&quot;caption&quot;:&quot;&quot;,&quot;created_timestamp&quot;:&quot;1788542736&quot;,&quot;copyright&quot;:&quot;&quot;,&quot;focal_length&quot;:&quot;34&quot;,&quot;iso&quot;:&quot;0&quot;,&quot;shutter_speed&quot;:&quot;0.00625&quot;,&quot;title&quot;:&quot;&quot;,&quot;orientation&quot;:&quot;1&quot;}\" data-image-title=\"DSC_5675\" data-image-description=\"\" data-image-caption=\"\" data-large-file=\"https:\/\/i0.wp.com\/3joursdecherbourg.fr\/wp-content\/uploads\/2026\/09\/DSC_5675.jpg?fit=750%2C497&amp;ssl=1\" data-id=\"6209\" src=\"https:\/\/i0.wp.com\/3joursdecherbourg.fr\/wp-content\/uploads\/2026\/09\/DSC_5675.jpg?resize=750%2C497&#038;ssl=1\" alt=\"\" class=\"wp-image-6209\" srcset=\"https:\/\/i0.wp.com\/3joursdecherbourg.fr\/wp-content\/uploads\/2026\/09\/DSC_5675.jpg?resize=1024%2C679&amp;ssl=1 1024w, https:\/\/i0.wp.com\/3joursdecherbourg.fr\/wp-content\/uploads\/2026\/09\/DSC_5675.jpg?resize=300%2C199&amp;ssl=1 300w, https:\/\/i0.wp.com\/3joursdecherbourg.fr\/wp-content\/uploads\/2026\/09\/DSC_5675.jpg?resize=768%2C509&amp;ssl=1 768w, https:\/\/i0.wp.com\/3joursdecherbourg.fr\/wp-content\/uploads\/2026\/09\/DSC_5675.jpg?w=1500&amp;ssl=1 1500w, https:\/\/i0.wp.com\/3joursdecherbourg.fr\/wp-content\/uploads\/2026\/09\/DSC_5675.jpg?w=2250&amp;ssl=1 2250w\" sizes=\"auto, (max-width: 750px) 100vw, 750px\" \/><\/figure>\n\n\n\n<figure class=\"wp-block-image size-large\"><img data-recalc-dims=\"1\" loading=\"lazy\" decoding=\"async\" width=\"750\" height=\"497\" data-attachment-id=\"6208\" data-permalink=\"https:\/\/3joursdecherbourg.fr\/?attachment_id=6208\" data-orig-file=\"https:\/\/i0.wp.com\/3joursdecherbourg.fr\/wp-content\/uploads\/2026\/09\/DSC_5645-1.jpg?fit=2256%2C1496&amp;ssl=1\" data-orig-size=\"2256,1496\" data-comments-opened=\"0\" data-image-meta=\"{&quot;aperture&quot;:&quot;11&quot;,&quot;credit&quot;:&quot;&quot;,&quot;camera&quot;:&quot;NIKON D50&quot;,&quot;caption&quot;:&quot;&quot;,&quot;created_timestamp&quot;:&quot;1788540050&quot;,&quot;copyright&quot;:&quot;&quot;,&quot;focal_length&quot;:&quot;55&quot;,&quot;iso&quot;:&quot;0&quot;,&quot;shutter_speed&quot;:&quot;0.0025&quot;,&quot;title&quot;:&quot;&quot;,&quot;orientation&quot;:&quot;1&quot;}\" data-image-title=\"DSC_5645\" data-image-description=\"\" data-image-caption=\"\" data-large-file=\"https:\/\/i0.wp.com\/3joursdecherbourg.fr\/wp-content\/uploads\/2026\/09\/DSC_5645-1.jpg?fit=750%2C497&amp;ssl=1\" data-id=\"6208\" src=\"https:\/\/i0.wp.com\/3joursdecherbourg.fr\/wp-content\/uploads\/2026\/09\/DSC_5645-1.jpg?resize=750%2C497&#038;ssl=1\" alt=\"\" class=\"wp-image-6208\" srcset=\"https:\/\/i0.wp.com\/3joursdecherbourg.fr\/wp-content\/uploads\/2026\/09\/DSC_5645-1.jpg?resize=1024%2C679&amp;ssl=1 1024w, https:\/\/i0.wp.com\/3joursdecherbourg.fr\/wp-content\/uploads\/2026\/09\/DSC_5645-1.jpg?resize=300%2C199&amp;ssl=1 300w, https:\/\/i0.wp.com\/3joursdecherbourg.fr\/wp-content\/uploads\/2026\/09\/DSC_5645-1.jpg?resize=768%2C509&amp;ssl=1 768w, https:\/\/i0.wp.com\/3joursdecherbourg.fr\/wp-content\/uploads\/2026\/09\/DSC_5645-1.jpg?resize=1536%2C1019&amp;ssl=1 1536w, https:\/\/i0.wp.com\/3joursdecherbourg.fr\/wp-content\/uploads\/2026\/09\/DSC_5645-1.jpg?w=2250&amp;ssl=1 2250w\" sizes=\"auto, (max-width: 750px) 100vw, 750px\" \/><\/figure>\n<\/figure>\n","protected":false},"excerpt":{"rendered":"<p>Apr\u00e8s Portbail, puis deux \u00e9ditions \u00e0 Flamanville, les 3 Jours de Cherbourg s\u2019appr\u00eatent \u00e0 \u00e9crire une nouvelle page de leur histoire. En 2027, cap vers une nouvelle ville d\u2019arriv\u00e9e pour la premi\u00e8re \u00e9tape ! &#x1f6b4;&#x200d;&#x2642;&#xfe0f; Flamanville aura marqu\u00e9 les \u00e9ditions 2025 et 2026, avec deux arriv\u00e9es qui auront offert de [&hellip;]<\/p>\n","protected":false},"author":1,"featured_media":6209,"comment_status":"closed","ping_status":"closed","sticky":false,"template":"","format":"standard","meta":{"advanced_seo_description":"","jetpack_seo_html_title":"","jetpack_seo_noindex":false,"jetpack_seo_schema_type":"","_themeisle_gutenberg_block_has_review":false,"_jetpack_newsletter_access":"","_jetpack_dont_email_post_to_subs":false,"_jetpack_newsletter_tier_id":0,"_jetpack_memberships_contains_paywalled_content":false,"_jetpack_feature_clip_id":0,"_jetpack_memberships_contains_paid_content":false,"footnotes":"","jetpack_publicize_message":"","jetpack_publicize_feature_enabled":true,"jetpack_social_post_already_shared":true,"jetpack_social_options":{"image_generator_settings":{"template":"highway","default_image_id":0,"font":"","enabled":false},"version":2},"jetpack_post_was_ever_published":false},"categories":[6],"tags":[],"class_list":["post-6246","post","type-post","status-publish","format-standard","has-post-thumbnail","hentry","category-edition-2026"],"jetpack_publicize_connections":[],"jetpack_shortlink":"https:\/\/wp.me\/p8fpGS-1CK","jetpack-related-posts":[{"id":6199,"url":"https:\/\/3joursdecherbourg.fr\/?p=6199","url_meta":{"origin":6246,"position":0},"title":"Vincent Bodet frappe fort d\u2019entr\u00e9e \u00e0 Flamanville\u00a0","author":"admin3809","date":"4 septembre 2026","format":false,"excerpt":"Quel final \u00e0 Flamanville !\u00a0Vincent Bodet (VENDEE U - PRIMEO ENERGIE)\u00a0a frapp\u00e9 un grand coup d\u00e8s la premi\u00e8re \u00e9tape des\u00a03 Jours de Cherbourg, ce vendredi 4 septembre 2026. Le Vend\u00e9en a parfaitement n\u00e9goci\u00e9 les derniers kilom\u00e8tres pour s\u2019envoler vers la victoire\u00a0en solitaire, laissant ses poursuivants derri\u00e8re lui. Un premier succ\u00e8s\u2026","rel":"","context":"Dans &quot;\u00c9DITION 2026&quot;","block_context":{"text":"\u00c9DITION 2026","link":"https:\/\/3joursdecherbourg.fr\/?cat=6"},"img":{"alt_text":"","src":"https:\/\/i0.wp.com\/3joursdecherbourg.fr\/wp-content\/uploads\/2026\/09\/DSC_5645.jpg?fit=1200%2C796&ssl=1&resize=350%2C200","width":350,"height":200,"srcset":"https:\/\/i0.wp.com\/3joursdecherbourg.fr\/wp-content\/uploads\/2026\/09\/DSC_5645.jpg?fit=1200%2C796&ssl=1&resize=350%2C200 1x, https:\/\/i0.wp.com\/3joursdecherbourg.fr\/wp-content\/uploads\/2026\/09\/DSC_5645.jpg?fit=1200%2C796&ssl=1&resize=525%2C300 1.5x, https:\/\/i0.wp.com\/3joursdecherbourg.fr\/wp-content\/uploads\/2026\/09\/DSC_5645.jpg?fit=1200%2C796&ssl=1&resize=700%2C400 2x, https:\/\/i0.wp.com\/3joursdecherbourg.fr\/wp-content\/uploads\/2026\/09\/DSC_5645.jpg?fit=1200%2C796&ssl=1&resize=1050%2C600 3x"},"classes":[]},{"id":5536,"url":"https:\/\/3joursdecherbourg.fr\/?p=5536","url_meta":{"origin":6246,"position":1},"title":"les \u00ab\u00a03 jours\u00a0\u00bb \u00e0 l&rsquo;heure des remerciements:","author":"admin3809","date":"12 septembre 2025","format":false,"excerpt":"Il ne peut pas y avoir une \"grande\" course cycliste - et nous esp\u00e9rons que ce soit le cas des \"3 jours\" - sans la participation d'un grand nombre d'acteurs. Oui, au del\u00e0 des bilans - sportif, financier, administratif, organisationnel - que notre Amicale Cycliste ne manquera pas de faire\u2026","rel":"","context":"Dans &quot;\u00c9DITION 2025&quot;","block_context":{"text":"\u00c9DITION 2025","link":"https:\/\/3joursdecherbourg.fr\/?cat=8"},"img":{"alt_text":"","src":"https:\/\/i0.wp.com\/3joursdecherbourg.fr\/wp-content\/uploads\/2025\/09\/DSC_5199-1.jpg?fit=1154%2C865&ssl=1&resize=350%2C200","width":350,"height":200,"srcset":"https:\/\/i0.wp.com\/3joursdecherbourg.fr\/wp-content\/uploads\/2025\/09\/DSC_5199-1.jpg?fit=1154%2C865&ssl=1&resize=350%2C200 1x, https:\/\/i0.wp.com\/3joursdecherbourg.fr\/wp-content\/uploads\/2025\/09\/DSC_5199-1.jpg?fit=1154%2C865&ssl=1&resize=525%2C300 1.5x, https:\/\/i0.wp.com\/3joursdecherbourg.fr\/wp-content\/uploads\/2025\/09\/DSC_5199-1.jpg?fit=1154%2C865&ssl=1&resize=700%2C400 2x, https:\/\/i0.wp.com\/3joursdecherbourg.fr\/wp-content\/uploads\/2025\/09\/DSC_5199-1.jpg?fit=1154%2C865&ssl=1&resize=1050%2C600 3x"},"classes":[]},{"id":5531,"url":"https:\/\/3joursdecherbourg.fr\/?p=5531","url_meta":{"origin":6246,"position":2},"title":"Les 3 Jours de Cherbourg 2025 : promesse tenue pour la 45\u1d49 \u00e9dition","author":"admin3809","date":"10 septembre 2025","format":false,"excerpt":"Du 5 au 7 septembre 2025, les routes du Cotentin ont vibr\u00e9 au rythme de la 45\u1d49 \u00e9dition des\u00a03 Jours de Cherbourg-en-Cotentin, \u00e9preuve phare du calendrier national \u00e9lite. Apr\u00e8s une \u00e9dition 2024 marqu\u00e9e par le sacre du Manchois Yohann Simon, l\u2019\u00e9preuve s\u2019annon\u00e7ait prometteuse. Elle n\u2019a pas d\u00e9\u00e7u.Sous le parrainage de\u00a0Marcel\u2026","rel":"","context":"Dans &quot;Non class\u00e9&quot;","block_context":{"text":"Non class\u00e9","link":"https:\/\/3joursdecherbourg.fr\/?cat=1"},"img":{"alt_text":"","src":"https:\/\/i0.wp.com\/img.youtube.com\/vi\/gSnllkJEr4M\/0.jpg?resize=350%2C200","width":350,"height":200},"classes":[]},{"id":5336,"url":"https:\/\/3joursdecherbourg.fr\/?p=5336","url_meta":{"origin":6246,"position":3},"title":"Pr\u00e9sentation des maillots 2025","author":"admin3809","date":"29 ao\u00fbt 2025","format":false,"excerpt":"C'est ce mercredi 28 ao\u00fbt 2025 que la pr\u00e9sentation des maillots de la 45\u00e8me \u00e9dition des \"3 Jours de Cherbourg en Cotentin\" a eu lieu. La c\u00e9r\u00e9monie s'est d\u00e9roul\u00e9e aux \u00e9tablissements Mary Automobiles Peugeot, \u00e0 Tourlaville, Cherbourg-en-Cotentin. Un accueil particuli\u00e8rement chaleureux de C\u00e9dric COSNEFROY, Directeur, qui n'a pas manqu\u00e9 de\u2026","rel":"","context":"Dans &quot;Non class\u00e9&quot;","block_context":{"text":"Non class\u00e9","link":"https:\/\/3joursdecherbourg.fr\/?cat=1"},"img":{"alt_text":"","src":"https:\/\/i0.wp.com\/3joursdecherbourg.fr\/wp-content\/uploads\/2025\/08\/DSC_5049-300x199.jpg?resize=350%2C200&ssl=1","width":350,"height":200},"classes":[]},{"id":1910,"url":"https:\/\/3joursdecherbourg.fr\/?p=1910","url_meta":{"origin":6246,"position":4},"title":"Les \u00ab\u00a03 jours\u00a0\u00bb au trot&#8230;(attel\u00e9!)","author":"admin3809","date":"4 septembre 2019","format":false,"excerpt":"\u00a0Depuis de nombreuses ann\u00e9es, l\u2019hippodrome de Cherbourg - La Glacerie (http:\/\/www.hippodrome-laglacerie.com) est partenaire de l'Amicale Cycliste des 3 Jours de Cherbourg. Dimanche 1er septembre, la r\u00e9union hippique accueillait \u00e0 son programme deux Prix des 3 jours de Cherbourg (40\u00e8me anniversaire oblige!) Octave Dugouchet, Vice-Pr\u00e9sident de l'Amicale, et Daniel Jouanne, secr\u00e9taire,\u2026","rel":"","context":"Dans &quot;Non class\u00e9&quot;","block_context":{"text":"Non class\u00e9","link":"https:\/\/3joursdecherbourg.fr\/?cat=1"},"img":{"alt_text":"","src":"https:\/\/i0.wp.com\/3joursdecherbourg.fr\/wp-content\/uploads\/2019\/09\/c6-remise-prix-300x225.jpg?resize=350%2C200","width":350,"height":200},"classes":[]},{"id":3047,"url":"https:\/\/3joursdecherbourg.fr\/?p=3047","url_meta":{"origin":6246,"position":5},"title":"Assembl\u00e9e G\u00e9n\u00e9rale 2021","author":"admin3809","date":"22 novembre 2021","format":false,"excerpt":"L\u2019Amicale Cycliste des Trois Jours de Cherbourg a tenu son Assembl\u00e9e G\u00e9n\u00e9rale annuelle statutaire ce vendredi 12 novembre 2021, \u00e0 la salle du gymnase Maurice Postaire (Cherbourg-en-Cotentin). \u00a0 Le Pr\u00e9sident, Bernard BERHAULT, a accueilli l\u2019assembl\u00e9e en excusant quelques invit\u00e9s absents. Il a exprim\u00e9 sa satisfaction apr\u00e8s le succ\u00e8s de cette\u2026","rel":"","context":"Dans &quot;Non class\u00e9&quot;","block_context":{"text":"Non class\u00e9","link":"https:\/\/3joursdecherbourg.fr\/?cat=1"},"img":{"alt_text":"","src":"https:\/\/i0.wp.com\/3joursdecherbourg.fr\/wp-content\/uploads\/2021\/11\/IMG_5046.jpg?resize=350%2C200&ssl=1","width":350,"height":200,"srcset":"https:\/\/i0.wp.com\/3joursdecherbourg.fr\/wp-content\/uploads\/2021\/11\/IMG_5046.jpg?resize=350%2C200&ssl=1 1x, https:\/\/i0.wp.com\/3joursdecherbourg.fr\/wp-content\/uploads\/2021\/11\/IMG_5046.jpg?resize=525%2C300&ssl=1 1.5x, https:\/\/i0.wp.com\/3joursdecherbourg.fr\/wp-content\/uploads\/2021\/11\/IMG_5046.jpg?resize=700%2C400&ssl=1 2x, https:\/\/i0.wp.com\/3joursdecherbourg.fr\/wp-content\/uploads\/2021\/11\/IMG_5046.jpg?resize=1050%2C600&ssl=1 3x, https:\/\/i0.wp.com\/3joursdecherbourg.fr\/wp-content\/uploads\/2021\/11\/IMG_5046.jpg?resize=1400%2C800&ssl=1 4x"},"classes":[]}],"jetpack_likes_enabled":false,"jetpack_sharing_enabled":true,"jetpack_featured_media_url":"https:\/\/i0.wp.com\/3joursdecherbourg.fr\/wp-content\/uploads\/2026\/09\/DSC_5675.jpg?fit=2256%2C1496&ssl=1","_links":{"self":[{"href":"https:\/\/3joursdecherbourg.fr\/index.php?rest_route=\/wp\/v2\/posts\/6246","targetHints":{"allow":["GET"]}}],"collection":[{"href":"https:\/\/3joursdecherbourg.fr\/index.php?rest_route=\/wp\/v2\/posts"}],"about":[{"href":"https:\/\/3joursdecherbourg.fr\/index.php?rest_route=\/wp\/v2\/types\/post"}],"author":[{"embeddable":true,"href":"https:\/\/3joursdecherbourg.fr\/index.php?rest_route=\/wp\/v2\/users\/1"}],"replies":[{"embeddable":true,"href":"https:\/\/3joursdecherbourg.fr\/index.php?rest_route=%2Fwp%2Fv2%2Fcomments&post=6246"}],"version-history":[{"count":2,"href":"https:\/\/3joursdecherbourg.fr\/index.php?rest_route=\/wp\/v2\/posts\/6246\/revisions"}],"predecessor-version":[{"id":6249,"href":"https:\/\/3joursdecherbourg.fr\/index.php?rest_route=\/wp\/v2\/posts\/6246\/revisions\/6249"}],"wp:featuredmedia":[{"embeddable":true,"href":"https:\/\/3joursdecherbourg.fr\/index.php?rest_route=\/wp\/v2\/media\/6209"}],"wp:attachment":[{"href":"https:\/\/3joursdecherbourg.fr\/index.php?rest_route=%2Fwp%2Fv2%2Fmedia&parent=6246"}],"wp:term":[{"taxonomy":"category","embeddable":true,"href":"https:\/\/3joursdecherbourg.fr\/index.php?rest_route=%2Fwp%2Fv2%2Fcategories&post=6246"},{"taxonomy":"post_tag","embeddable":true,"href":"https:\/\/3joursdecherbourg.fr\/index.php?rest_route=%2Fwp%2Fv2%2Ftags&post=6246"}],"curies":[{"name":"wp","href":"https:\/\/api.w.org\/{rel}","templated":true}]}}