{"id":6271,"date":"2026-09-05T09:46:27","date_gmt":"2026-09-05T07:46:27","guid":{"rendered":"https:\/\/3joursdecherbourg.fr\/?p=6271"},"modified":"2026-09-05T09:46:30","modified_gmt":"2026-09-05T07:46:30","slug":"%f0%9f%9a%92%f0%9f%9a%b4%e2%99%82%ef%b8%8f-les-sapeurs-pompiers-des-pieux-au-rendez-vous-des-3-jours-de-cherbourg","status":"publish","type":"post","link":"https:\/\/3joursdecherbourg.fr\/?p=6271","title":{"rendered":"&#x1f692;&#x1f6b4;&#x200d;&#x2642;&#xfe0f;\u00a0Les sapeurs-pompiers des Pieux au rendez-vous des 3 Jours de Cherbourg"},"content":{"rendered":"\n<p>Hier, lors de la premi\u00e8re \u00e9tape des 3 Jours de Cherbourg, le peloton a travers\u00e9 la commune des Pieux avec un passage remarqu\u00e9 devant la caserne.<\/p>\n\n\n\n<p>Pour l\u2019occasion, les&nbsp;<strong>sapeurs-pompiers des Pieux<\/strong>&nbsp;avaient enfourch\u00e9 leurs v\u00e9los de sport pour accompagner, \u00e0 leur mani\u00e8re, le passage des coureurs, tandis que les v\u00e9hicules du centre \u00e9taient \u00e9galement de sortie. &#x1f6b4;&#x200d;&#x2642;&#xfe0f;&#x1f692;<\/p>\n\n\n\n<p>Une belle initiative pour c\u00e9l\u00e9brer le passage de la course et montrer une nouvelle fois l\u2019implication des&nbsp;<strong>sapeurs-pompiers du SDIS de la Manche<\/strong>&nbsp;dans la vie du territoire.<\/p>\n\n\n\n<p>&#x1f44f; Un grand merci aux sapeurs-pompiers des Pieux pour leur pr\u00e9sence, leur mobilisation et ce bel accueil r\u00e9serv\u00e9 au peloton.<\/p>\n\n\n\n<p>&#x1f9e1;&#x1f90d;&nbsp;<strong>Les 3 Jours de Cherbourg, une course qui rassemble tout un territoire !<\/strong><\/p>\n\n\n\n<figure class=\"wp-block-image size-large\"><img data-recalc-dims=\"1\" loading=\"lazy\" decoding=\"async\" width=\"750\" height=\"565\" data-attachment-id=\"6272\" data-permalink=\"https:\/\/3joursdecherbourg.fr\/?attachment_id=6272\" data-orig-file=\"https:\/\/i0.wp.com\/3joursdecherbourg.fr\/wp-content\/uploads\/2026\/09\/5A33C64C-099A-43D1-8819-5FB45F98E9D3-2.jpg?fit=1275%2C960&amp;ssl=1\" data-orig-size=\"1275,960\" data-comments-opened=\"0\" data-image-meta=\"{&quot;aperture&quot;:&quot;0&quot;,&quot;credit&quot;:&quot;&quot;,&quot;camera&quot;:&quot;&quot;,&quot;caption&quot;:&quot;&quot;,&quot;created_timestamp&quot;:&quot;0&quot;,&quot;copyright&quot;:&quot;&quot;,&quot;focal_length&quot;:&quot;0&quot;,&quot;iso&quot;:&quot;0&quot;,&quot;shutter_speed&quot;:&quot;0&quot;,&quot;title&quot;:&quot;&quot;,&quot;orientation&quot;:&quot;1&quot;}\" data-image-title=\"5A33C64C-099A-43D1-8819-5FB45F98E9D3 2\" data-image-description=\"\" data-image-caption=\"\" data-large-file=\"https:\/\/i0.wp.com\/3joursdecherbourg.fr\/wp-content\/uploads\/2026\/09\/5A33C64C-099A-43D1-8819-5FB45F98E9D3-2.jpg?fit=750%2C565&amp;ssl=1\" src=\"https:\/\/i0.wp.com\/3joursdecherbourg.fr\/wp-content\/uploads\/2026\/09\/5A33C64C-099A-43D1-8819-5FB45F98E9D3-2.jpg?resize=750%2C565&#038;ssl=1\" alt=\"\" class=\"wp-image-6272\" srcset=\"https:\/\/i0.wp.com\/3joursdecherbourg.fr\/wp-content\/uploads\/2026\/09\/5A33C64C-099A-43D1-8819-5FB45F98E9D3-2.jpg?resize=1024%2C771&amp;ssl=1 1024w, https:\/\/i0.wp.com\/3joursdecherbourg.fr\/wp-content\/uploads\/2026\/09\/5A33C64C-099A-43D1-8819-5FB45F98E9D3-2.jpg?resize=300%2C226&amp;ssl=1 300w, https:\/\/i0.wp.com\/3joursdecherbourg.fr\/wp-content\/uploads\/2026\/09\/5A33C64C-099A-43D1-8819-5FB45F98E9D3-2.jpg?resize=768%2C578&amp;ssl=1 768w, https:\/\/i0.wp.com\/3joursdecherbourg.fr\/wp-content\/uploads\/2026\/09\/5A33C64C-099A-43D1-8819-5FB45F98E9D3-2.jpg?w=1275&amp;ssl=1 1275w\" sizes=\"auto, (max-width: 750px) 100vw, 750px\" \/><\/figure>\n","protected":false},"excerpt":{"rendered":"<p>Hier, lors de la premi\u00e8re \u00e9tape des 3 Jours de Cherbourg, le peloton a travers\u00e9 la commune des Pieux avec un passage remarqu\u00e9 devant la caserne. Pour l\u2019occasion, les&nbsp;sapeurs-pompiers des Pieux&nbsp;avaient enfourch\u00e9 leurs v\u00e9los de sport pour accompagner, \u00e0 leur mani\u00e8re, le passage des coureurs, tandis que les v\u00e9hicules du [&hellip;]<\/p>\n","protected":false},"author":1,"featured_media":6272,"comment_status":"closed","ping_status":"closed","sticky":false,"template":"","format":"standard","meta":{"advanced_seo_description":"","jetpack_seo_html_title":"","jetpack_seo_noindex":false,"jetpack_seo_schema_type":"","_themeisle_gutenberg_block_has_review":false,"_jetpack_newsletter_access":"","_jetpack_dont_email_post_to_subs":false,"_jetpack_newsletter_tier_id":0,"_jetpack_memberships_contains_paywalled_content":false,"_jetpack_feature_clip_id":0,"_jetpack_memberships_contains_paid_content":false,"footnotes":"","jetpack_publicize_message":"","jetpack_publicize_feature_enabled":true,"jetpack_social_post_already_shared":true,"jetpack_social_options":{"image_generator_settings":{"template":"highway","default_image_id":0,"font":"","enabled":false},"version":2},"jetpack_post_was_ever_published":false},"categories":[6],"tags":[10],"class_list":["post-6271","post","type-post","status-publish","format-standard","has-post-thumbnail","hentry","category-edition-2026","tag-sdis50"],"jetpack_publicize_connections":[],"jetpack_shortlink":"https:\/\/wp.me\/p8fpGS-1D9","jetpack-related-posts":[{"id":6250,"url":"https:\/\/3joursdecherbourg.fr\/?p=6250","url_meta":{"origin":6271,"position":0},"title":"La Place Napol\u00e9on, au c\u0153ur des 3 Jours de Cherbourg &#x1f9e1;&#x1f90d;","author":"admin3809","date":"4 septembre 2026","format":false,"excerpt":"Pour la deuxi\u00e8me ann\u00e9e cons\u00e9cutive, la\u00a0Place Napol\u00e9on\u00a0a accueilli le d\u00e9part des 3 Jours de Cherbourg, donnant le coup d\u2019envoi d\u2019une nouvelle \u00e9dition de notre \u00e9preuve. Un rendez-vous devenu incontournable pour lancer les trois jours de comp\u00e9tition, avec les coureurs, les \u00e9quipes, les b\u00e9n\u00e9voles, les partenaires et de nombreux passionn\u00e9s r\u00e9unis\u2026","rel":"","context":"Dans &quot;\u00c9DITION 2026&quot;","block_context":{"text":"\u00c9DITION 2026","link":"https:\/\/3joursdecherbourg.fr\/?cat=6"},"img":{"alt_text":"","src":"https:\/\/i0.wp.com\/3joursdecherbourg.fr\/wp-content\/uploads\/2026\/09\/792520908_1689515925874537_2228830196411004529_n.png-1.jpeg?fit=1200%2C800&ssl=1&resize=350%2C200","width":350,"height":200,"srcset":"https:\/\/i0.wp.com\/3joursdecherbourg.fr\/wp-content\/uploads\/2026\/09\/792520908_1689515925874537_2228830196411004529_n.png-1.jpeg?fit=1200%2C800&ssl=1&resize=350%2C200 1x, https:\/\/i0.wp.com\/3joursdecherbourg.fr\/wp-content\/uploads\/2026\/09\/792520908_1689515925874537_2228830196411004529_n.png-1.jpeg?fit=1200%2C800&ssl=1&resize=525%2C300 1.5x, https:\/\/i0.wp.com\/3joursdecherbourg.fr\/wp-content\/uploads\/2026\/09\/792520908_1689515925874537_2228830196411004529_n.png-1.jpeg?fit=1200%2C800&ssl=1&resize=700%2C400 2x, https:\/\/i0.wp.com\/3joursdecherbourg.fr\/wp-content\/uploads\/2026\/09\/792520908_1689515925874537_2228830196411004529_n.png-1.jpeg?fit=1200%2C800&ssl=1&resize=1050%2C600 3x"},"classes":[]},{"id":5729,"url":"https:\/\/3joursdecherbourg.fr\/?p=5729","url_meta":{"origin":6271,"position":1},"title":"Rendez vous les 4,5 et 6 Septembre 2026","author":"admin3809","date":"9 ao\u00fbt 2026","format":false,"excerpt":"Rendez vous les 4,5 et 6 Septembre 2026","rel":"","context":"Dans &quot;\u00c9DITION 2026&quot;","block_context":{"text":"\u00c9DITION 2026","link":"https:\/\/3joursdecherbourg.fr\/?cat=6"},"img":{"alt_text":"","src":"https:\/\/i0.wp.com\/3joursdecherbourg.fr\/wp-content\/uploads\/2026\/08\/AFFICHEVERSION8AOUT-1.png?fit=848%2C1200&ssl=1&resize=350%2C200","width":350,"height":200,"srcset":"https:\/\/i0.wp.com\/3joursdecherbourg.fr\/wp-content\/uploads\/2026\/08\/AFFICHEVERSION8AOUT-1.png?fit=848%2C1200&ssl=1&resize=350%2C200 1x, https:\/\/i0.wp.com\/3joursdecherbourg.fr\/wp-content\/uploads\/2026\/08\/AFFICHEVERSION8AOUT-1.png?fit=848%2C1200&ssl=1&resize=525%2C300 1.5x, https:\/\/i0.wp.com\/3joursdecherbourg.fr\/wp-content\/uploads\/2026\/08\/AFFICHEVERSION8AOUT-1.png?fit=848%2C1200&ssl=1&resize=700%2C400 2x"},"classes":[]},{"id":1522,"url":"https:\/\/3joursdecherbourg.fr\/?p=1522","url_meta":{"origin":6271,"position":2},"title":"2019","author":"admin3809","date":"4 janvier 2019","format":false,"excerpt":"Rendez-vous les 6, 7 et 8 septembre 2019 pour la 40\u00e8me \u00e9dition des \"3 jours de Cherbourg\"","rel":"","context":"Dans &quot;Non class\u00e9&quot;","block_context":{"text":"Non class\u00e9","link":"https:\/\/3joursdecherbourg.fr\/?cat=1"},"img":{"alt_text":"","src":"https:\/\/i0.wp.com\/3joursdecherbourg.fr\/wp-content\/uploads\/2019\/01\/Voeux-2019.jpg?resize=350%2C200&ssl=1","width":350,"height":200,"srcset":"https:\/\/i0.wp.com\/3joursdecherbourg.fr\/wp-content\/uploads\/2019\/01\/Voeux-2019.jpg?resize=350%2C200&ssl=1 1x, https:\/\/i0.wp.com\/3joursdecherbourg.fr\/wp-content\/uploads\/2019\/01\/Voeux-2019.jpg?resize=525%2C300&ssl=1 1.5x, https:\/\/i0.wp.com\/3joursdecherbourg.fr\/wp-content\/uploads\/2019\/01\/Voeux-2019.jpg?resize=700%2C400&ssl=1 2x, https:\/\/i0.wp.com\/3joursdecherbourg.fr\/wp-content\/uploads\/2019\/01\/Voeux-2019.jpg?resize=1050%2C600&ssl=1 3x, https:\/\/i0.wp.com\/3joursdecherbourg.fr\/wp-content\/uploads\/2019\/01\/Voeux-2019.jpg?resize=1400%2C800&ssl=1 4x"},"classes":[]},{"id":6098,"url":"https:\/\/3joursdecherbourg.fr\/?p=6098","url_meta":{"origin":6271,"position":3},"title":"46\u1d49 \u00c9DITION DES 3 JOURS DE CHERBOURG : LE RENDEZ-VOUS EST LANC\u00c9 !","author":"admin3809","date":"28 ao\u00fbt 2026","format":false,"excerpt":"Aujourd\u2019hui, les 3 Jours de Cherbourg-en-Cotentin ont officiellement pr\u00e9sent\u00e9 leur \u00e9dition 2026 \u00e0 l\u2019occasion d\u2019un rendez-vous organis\u00e9 dans les locaux du Cr\u00e9dit Mutuel \u00e0 Cherbourg. \u00c0 seulement quelques jours du grand d\u00e9part, partenaires, b\u00e9n\u00e9voles et acteurs de l\u2019\u00e9preuve \u00e9taient r\u00e9unis pour d\u00e9couvrir les contours de cette 46\u1d49 \u00e9dition, qui se\u2026","rel":"","context":"Dans &quot;\u00c9DITION 2026&quot;","block_context":{"text":"\u00c9DITION 2026","link":"https:\/\/3joursdecherbourg.fr\/?cat=6"},"img":{"alt_text":"","src":"","width":0,"height":0},"classes":[]},{"id":4377,"url":"https:\/\/3joursdecherbourg.fr\/?p=4377","url_meta":{"origin":6271,"position":4},"title":"C&rsquo;est -presque- parti!","author":"admin3809","date":"28 ao\u00fbt 2023","format":false,"excerpt":"C'est - presque- parti pour les \"3 jours de Cherbourg en Cotentin\", au moins pour les rendez-vous initiaux. D'abord pour les b\u00e9n\u00e9voles signaleurs qui seront si pr\u00e9cieux pendant ces trois jours. Une premi\u00e8re r\u00e9union le jeudi 24 ao\u00fbt avec la pr\u00e9sentation des parcours, des horaires, le rappel des r\u00e8gles de\u2026","rel":"","context":"Dans &quot;Non class\u00e9&quot;","block_context":{"text":"Non class\u00e9","link":"https:\/\/3joursdecherbourg.fr\/?cat=1"},"img":{"alt_text":"","src":"https:\/\/i0.wp.com\/3joursdecherbourg.fr\/wp-content\/uploads\/2023\/08\/IMG_9193-300x200.jpg?resize=350%2C200&ssl=1","width":350,"height":200},"classes":[]},{"id":1910,"url":"https:\/\/3joursdecherbourg.fr\/?p=1910","url_meta":{"origin":6271,"position":5},"title":"Les \u00ab\u00a03 jours\u00a0\u00bb au trot&#8230;(attel\u00e9!)","author":"admin3809","date":"4 septembre 2019","format":false,"excerpt":"\u00a0Depuis de nombreuses ann\u00e9es, l\u2019hippodrome de Cherbourg - La Glacerie (http:\/\/www.hippodrome-laglacerie.com) est partenaire de l'Amicale Cycliste des 3 Jours de Cherbourg. Dimanche 1er septembre, la r\u00e9union hippique accueillait \u00e0 son programme deux Prix des 3 jours de Cherbourg (40\u00e8me anniversaire oblige!) Octave Dugouchet, Vice-Pr\u00e9sident de l'Amicale, et Daniel Jouanne, secr\u00e9taire,\u2026","rel":"","context":"Dans &quot;Non class\u00e9&quot;","block_context":{"text":"Non class\u00e9","link":"https:\/\/3joursdecherbourg.fr\/?cat=1"},"img":{"alt_text":"","src":"https:\/\/i0.wp.com\/3joursdecherbourg.fr\/wp-content\/uploads\/2019\/09\/c6-remise-prix-300x225.jpg?resize=350%2C200","width":350,"height":200},"classes":[]}],"jetpack_likes_enabled":false,"jetpack_sharing_enabled":true,"jetpack_featured_media_url":"https:\/\/i0.wp.com\/3joursdecherbourg.fr\/wp-content\/uploads\/2026\/09\/5A33C64C-099A-43D1-8819-5FB45F98E9D3-2.jpg?fit=1275%2C960&ssl=1","_links":{"self":[{"href":"https:\/\/3joursdecherbourg.fr\/index.php?rest_route=\/wp\/v2\/posts\/6271","targetHints":{"allow":["GET"]}}],"collection":[{"href":"https:\/\/3joursdecherbourg.fr\/index.php?rest_route=\/wp\/v2\/posts"}],"about":[{"href":"https:\/\/3joursdecherbourg.fr\/index.php?rest_route=\/wp\/v2\/types\/post"}],"author":[{"embeddable":true,"href":"https:\/\/3joursdecherbourg.fr\/index.php?rest_route=\/wp\/v2\/users\/1"}],"replies":[{"embeddable":true,"href":"https:\/\/3joursdecherbourg.fr\/index.php?rest_route=%2Fwp%2Fv2%2Fcomments&post=6271"}],"version-history":[{"count":1,"href":"https:\/\/3joursdecherbourg.fr\/index.php?rest_route=\/wp\/v2\/posts\/6271\/revisions"}],"predecessor-version":[{"id":6273,"href":"https:\/\/3joursdecherbourg.fr\/index.php?rest_route=\/wp\/v2\/posts\/6271\/revisions\/6273"}],"wp:featuredmedia":[{"embeddable":true,"href":"https:\/\/3joursdecherbourg.fr\/index.php?rest_route=\/wp\/v2\/media\/6272"}],"wp:attachment":[{"href":"https:\/\/3joursdecherbourg.fr\/index.php?rest_route=%2Fwp%2Fv2%2Fmedia&parent=6271"}],"wp:term":[{"taxonomy":"category","embeddable":true,"href":"https:\/\/3joursdecherbourg.fr\/index.php?rest_route=%2Fwp%2Fv2%2Fcategories&post=6271"},{"taxonomy":"post_tag","embeddable":true,"href":"https:\/\/3joursdecherbourg.fr\/index.php?rest_route=%2Fwp%2Fv2%2Ftags&post=6271"}],"curies":[{"name":"wp","href":"https:\/\/api.w.org\/{rel}","templated":true}]}}