{"id":630,"date":"2017-08-29T12:38:24","date_gmt":"2017-08-29T10:38:24","guid":{"rendered":"http:\/\/3joursdecherbourg.fr\/?p=630"},"modified":"2017-08-29T12:38:24","modified_gmt":"2017-08-29T10:38:24","slug":"le-derniere-ligne-droite","status":"publish","type":"post","link":"https:\/\/3joursdecherbourg.fr\/?p=630","title":{"rendered":"Le derni\u00e8re ligne droite"},"content":{"rendered":"<p><a href=\"https:\/\/i0.wp.com\/3joursdecherbourg.fr\/wp-content\/uploads\/2017\/08\/LES-3-JOURS-2017-015-1.jpg?ssl=1\"><img data-recalc-dims=\"1\" loading=\"lazy\" decoding=\"async\" data-attachment-id=\"699\" data-permalink=\"https:\/\/3joursdecherbourg.fr\/?attachment_id=699\" data-orig-file=\"https:\/\/i0.wp.com\/3joursdecherbourg.fr\/wp-content\/uploads\/2017\/08\/LES-3-JOURS-2017-015-1.jpg?fit=3521%2C1650&amp;ssl=1\" data-orig-size=\"3521,1650\" data-comments-opened=\"1\" data-image-meta=\"{&quot;aperture&quot;:&quot;10&quot;,&quot;credit&quot;:&quot;&quot;,&quot;camera&quot;:&quot;Canon EOS 1100D&quot;,&quot;caption&quot;:&quot;&quot;,&quot;created_timestamp&quot;:&quot;1503947600&quot;,&quot;copyright&quot;:&quot;&quot;,&quot;focal_length&quot;:&quot;18&quot;,&quot;iso&quot;:&quot;100&quot;,&quot;shutter_speed&quot;:&quot;0.004&quot;,&quot;title&quot;:&quot;&quot;,&quot;orientation&quot;:&quot;0&quot;}\" data-image-title=\"LES 3 JOURS 2017 015-1\" data-image-description=\"\" data-image-caption=\"&lt;p&gt;Tous les maillots&lt;\/p&gt;\n\" data-medium-file=\"https:\/\/i0.wp.com\/3joursdecherbourg.fr\/wp-content\/uploads\/2017\/08\/LES-3-JOURS-2017-015-1.jpg?fit=300%2C141&amp;ssl=1\" data-large-file=\"https:\/\/i0.wp.com\/3joursdecherbourg.fr\/wp-content\/uploads\/2017\/08\/LES-3-JOURS-2017-015-1.jpg?fit=640%2C300&amp;ssl=1\" class=\"alignleft size-large wp-image-699\" src=\"https:\/\/i0.wp.com\/3joursdecherbourg.fr\/wp-content\/uploads\/2017\/08\/LES-3-JOURS-2017-015-1.jpg?resize=640%2C300&#038;ssl=1\" alt=\"\" width=\"640\" height=\"300\" srcset=\"https:\/\/i0.wp.com\/3joursdecherbourg.fr\/wp-content\/uploads\/2017\/08\/LES-3-JOURS-2017-015-1.jpg?resize=1024%2C480&amp;ssl=1 1024w, https:\/\/i0.wp.com\/3joursdecherbourg.fr\/wp-content\/uploads\/2017\/08\/LES-3-JOURS-2017-015-1.jpg?resize=300%2C141&amp;ssl=1 300w, https:\/\/i0.wp.com\/3joursdecherbourg.fr\/wp-content\/uploads\/2017\/08\/LES-3-JOURS-2017-015-1.jpg?resize=768%2C360&amp;ssl=1 768w, https:\/\/i0.wp.com\/3joursdecherbourg.fr\/wp-content\/uploads\/2017\/08\/LES-3-JOURS-2017-015-1.jpg?w=1280&amp;ssl=1 1280w, https:\/\/i0.wp.com\/3joursdecherbourg.fr\/wp-content\/uploads\/2017\/08\/LES-3-JOURS-2017-015-1.jpg?w=1920&amp;ssl=1 1920w\" sizes=\"auto, (max-width: 640px) 100vw, 640px\" \/><\/a>Nous y sommes: vendredi sera donn\u00e9 le d\u00e9part de la <strong>38\u00e8me \u00e9dition des 3 Jours de Cherbourg<\/strong>. C&rsquo;est, pour nous organisateurs, la derni\u00e8re ligne droite. Les dossiers sont (presque) pr\u00eats, les circuits sont (presque) fl\u00e9ch\u00e9s. Les \u00e9quipes sont inscrites, les coureurs sont affut\u00e9s, les h\u00e9bergements attendent, les suiveurs piaffent d&rsquo;impatience&#8230;<\/p>\n<p>Ce lundi \u00e9tait la pr\u00e9sentation de l&rsquo;\u00e9preuve et des maillots \u00e0 la Presse, en pr\u00e9sence des repr\u00e9sentants de la Ville de Cherbourg-en-Cotentin, du d\u00e9partement de la Manche, et des diff\u00e9rents partenaires. Apr\u00e8s Mary Automobiles Peugeot<img data-recalc-dims=\"1\" loading=\"lazy\" decoding=\"async\" data-attachment-id=\"698\" data-permalink=\"https:\/\/3joursdecherbourg.fr\/?attachment_id=698\" data-orig-file=\"https:\/\/i0.wp.com\/3joursdecherbourg.fr\/wp-content\/uploads\/2017\/08\/LES-3-JOURS-2017-004-e1504000388804.jpg?fit=150%2C100&amp;ssl=1\" data-orig-size=\"150,100\" data-comments-opened=\"1\" data-image-meta=\"{&quot;aperture&quot;:&quot;9&quot;,&quot;credit&quot;:&quot;&quot;,&quot;camera&quot;:&quot;Canon EOS 1100D&quot;,&quot;caption&quot;:&quot;&quot;,&quot;created_timestamp&quot;:&quot;1503945360&quot;,&quot;copyright&quot;:&quot;&quot;,&quot;focal_length&quot;:&quot;24&quot;,&quot;iso&quot;:&quot;100&quot;,&quot;shutter_speed&quot;:&quot;0.00625&quot;,&quot;title&quot;:&quot;&quot;,&quot;orientation&quot;:&quot;0&quot;}\" data-image-title=\"LES 3 JOURS 2017 004\" data-image-description=\"\" data-image-caption=\"\" data-medium-file=\"https:\/\/i0.wp.com\/3joursdecherbourg.fr\/wp-content\/uploads\/2017\/08\/LES-3-JOURS-2017-004-e1504000388804.jpg?fit=300%2C200&amp;ssl=1\" data-large-file=\"https:\/\/i0.wp.com\/3joursdecherbourg.fr\/wp-content\/uploads\/2017\/08\/LES-3-JOURS-2017-004-e1504000388804.jpg?fit=640%2C427&amp;ssl=1\" class=\"alignright size-full wp-image-698\" src=\"https:\/\/i0.wp.com\/3joursdecherbourg.fr\/wp-content\/uploads\/2017\/08\/LES-3-JOURS-2017-004-e1504000388804.jpg?resize=150%2C100&#038;ssl=1\" alt=\"\" width=\"150\" height=\"100\" \/> l&rsquo;an dernier, c&rsquo;est <strong>Poulain Distribution<\/strong> qui nous accueillait cette ann\u00e9e. Un accueil sous le soleil et dans la bonne humeur, qui pr\u00e9figure, n&rsquo;en doutons pas, de ce que sera cette 38\u00e8me \u00e9dition.<\/p>\n<p>Merci encore \u00e0 nos diff\u00e9rents partenaires et sponsors et bonne route aux 3 Jours de Cherbourg 2017!<\/p>\n<p>Le point sur les engag\u00e9s:<\/p>\n<p>21 \u00e9quipes au d\u00e9part dont:<br \/>\n9 \u00e9quipes DN1<br \/>\n3 \u00e9quipes \u00e9trang\u00e8res<br \/>\n1 \u00e9quipe DN2<br \/>\n6 \u00e9quipes DN3<br \/>\n2 \u00e9quipes r\u00e9gionales<br \/>\n160 coureurs pr\u00e9-inscrits (pour 105 au d\u00e9part) dont:<br \/>\n&#8211; 140 1\u00e8re cat\u00e9gorie (dont 75 espoirs)<br \/>\n&#8211; \u00a0 19 2\u00e8 cat\u00e9gorie ( dont 7 espoirs)<\/p>\n<p>Parmi ces coureurs pr\u00e9-inscrits, un quart fait partie des 100 premiers (sur 2000) au classement par points FFC. Du beau monde donc au d\u00e9part d&rsquo;une \u00e9preuve qui s&rsquo;annonce particuli\u00e8rement relev\u00e9e.<\/p>\n<p>Place \u00e0 la course&#8230;&#8230;<\/p>\n<div id=\"attachment_700\" style=\"width: 290px\" class=\"wp-caption alignleft\"><a href=\"https:\/\/i0.wp.com\/3joursdecherbourg.fr\/wp-content\/uploads\/2017\/08\/LES-3-JOURS-2017-028-1.jpg?ssl=1\"><img data-recalc-dims=\"1\" loading=\"lazy\" decoding=\"async\" aria-describedby=\"caption-attachment-700\" data-attachment-id=\"700\" data-permalink=\"https:\/\/3joursdecherbourg.fr\/?attachment_id=700\" data-orig-file=\"https:\/\/i0.wp.com\/3joursdecherbourg.fr\/wp-content\/uploads\/2017\/08\/LES-3-JOURS-2017-028-1.jpg?fit=3690%2C2664&amp;ssl=1\" data-orig-size=\"3690,2664\" data-comments-opened=\"1\" data-image-meta=\"{&quot;aperture&quot;:&quot;10&quot;,&quot;credit&quot;:&quot;&quot;,&quot;camera&quot;:&quot;Canon EOS 1100D&quot;,&quot;caption&quot;:&quot;&quot;,&quot;created_timestamp&quot;:&quot;1503947971&quot;,&quot;copyright&quot;:&quot;&quot;,&quot;focal_length&quot;:&quot;29&quot;,&quot;iso&quot;:&quot;100&quot;,&quot;shutter_speed&quot;:&quot;0.005&quot;,&quot;title&quot;:&quot;&quot;,&quot;orientation&quot;:&quot;0&quot;}\" data-image-title=\"LES 3 JOURS 2017 028-1\" data-image-description=\"\" data-image-caption=\"&lt;p&gt;Les b\u00e9n\u00e9voles sont pr\u00eats avec le sourire et le soleil.&lt;\/p&gt;\n\" data-medium-file=\"https:\/\/i0.wp.com\/3joursdecherbourg.fr\/wp-content\/uploads\/2017\/08\/LES-3-JOURS-2017-028-1.jpg?fit=300%2C217&amp;ssl=1\" data-large-file=\"https:\/\/i0.wp.com\/3joursdecherbourg.fr\/wp-content\/uploads\/2017\/08\/LES-3-JOURS-2017-028-1.jpg?fit=640%2C462&amp;ssl=1\" class=\"wp-image-700\" src=\"https:\/\/i0.wp.com\/3joursdecherbourg.fr\/wp-content\/uploads\/2017\/08\/LES-3-JOURS-2017-028-1.jpg?resize=280%2C202&#038;ssl=1\" alt=\"\" width=\"280\" height=\"202\" srcset=\"https:\/\/i0.wp.com\/3joursdecherbourg.fr\/wp-content\/uploads\/2017\/08\/LES-3-JOURS-2017-028-1.jpg?resize=300%2C217&amp;ssl=1 300w, https:\/\/i0.wp.com\/3joursdecherbourg.fr\/wp-content\/uploads\/2017\/08\/LES-3-JOURS-2017-028-1.jpg?resize=768%2C554&amp;ssl=1 768w, https:\/\/i0.wp.com\/3joursdecherbourg.fr\/wp-content\/uploads\/2017\/08\/LES-3-JOURS-2017-028-1.jpg?resize=1024%2C739&amp;ssl=1 1024w, https:\/\/i0.wp.com\/3joursdecherbourg.fr\/wp-content\/uploads\/2017\/08\/LES-3-JOURS-2017-028-1.jpg?w=1280&amp;ssl=1 1280w, https:\/\/i0.wp.com\/3joursdecherbourg.fr\/wp-content\/uploads\/2017\/08\/LES-3-JOURS-2017-028-1.jpg?w=1920&amp;ssl=1 1920w\" sizes=\"auto, (max-width: 280px) 100vw, 280px\" \/><\/a><p id=\"caption-attachment-700\" class=\"wp-caption-text\">Les b\u00e9n\u00e9voles sont pr\u00eats avec le sourire et le soleil.<\/p><\/div>\n<p>&nbsp;<\/p>\n<div id=\"attachment_701\" style=\"width: 290px\" class=\"wp-caption alignright\"><a href=\"https:\/\/i0.wp.com\/3joursdecherbourg.fr\/wp-content\/uploads\/2017\/08\/LES-3-JOURS-2017-032-1.jpg?ssl=1\"><img data-recalc-dims=\"1\" loading=\"lazy\" decoding=\"async\" aria-describedby=\"caption-attachment-701\" data-attachment-id=\"701\" data-permalink=\"https:\/\/3joursdecherbourg.fr\/?attachment_id=701\" data-orig-file=\"https:\/\/i0.wp.com\/3joursdecherbourg.fr\/wp-content\/uploads\/2017\/08\/LES-3-JOURS-2017-032-1.jpg?fit=3826%2C2189&amp;ssl=1\" data-orig-size=\"3826,2189\" data-comments-opened=\"1\" data-image-meta=\"{&quot;aperture&quot;:&quot;8&quot;,&quot;credit&quot;:&quot;&quot;,&quot;camera&quot;:&quot;Canon EOS 1100D&quot;,&quot;caption&quot;:&quot;&quot;,&quot;created_timestamp&quot;:&quot;1503948129&quot;,&quot;copyright&quot;:&quot;&quot;,&quot;focal_length&quot;:&quot;28&quot;,&quot;iso&quot;:&quot;100&quot;,&quot;shutter_speed&quot;:&quot;0.00625&quot;,&quot;title&quot;:&quot;&quot;,&quot;orientation&quot;:&quot;0&quot;}\" data-image-title=\"LES 3 JOURS 2017 032-1\" data-image-description=\"\" data-image-caption=\"&lt;p&gt;Les jeunes des \u00e9coles de cyclisme: ils ouvriront la route sur le circuit \u00e0 allure contr\u00f4l\u00e9e: peut-\u00eatre qu&amp;rsquo;un futur vainqueur des 3 jours se trouve l\u00e0?&lt;\/p&gt;\n\" data-medium-file=\"https:\/\/i0.wp.com\/3joursdecherbourg.fr\/wp-content\/uploads\/2017\/08\/LES-3-JOURS-2017-032-1.jpg?fit=300%2C172&amp;ssl=1\" data-large-file=\"https:\/\/i0.wp.com\/3joursdecherbourg.fr\/wp-content\/uploads\/2017\/08\/LES-3-JOURS-2017-032-1.jpg?fit=640%2C366&amp;ssl=1\" class=\"wp-image-701\" src=\"https:\/\/i0.wp.com\/3joursdecherbourg.fr\/wp-content\/uploads\/2017\/08\/LES-3-JOURS-2017-032-1.jpg?resize=280%2C160&#038;ssl=1\" alt=\"\" width=\"280\" height=\"160\" srcset=\"https:\/\/i0.wp.com\/3joursdecherbourg.fr\/wp-content\/uploads\/2017\/08\/LES-3-JOURS-2017-032-1.jpg?resize=300%2C172&amp;ssl=1 300w, https:\/\/i0.wp.com\/3joursdecherbourg.fr\/wp-content\/uploads\/2017\/08\/LES-3-JOURS-2017-032-1.jpg?resize=768%2C439&amp;ssl=1 768w, https:\/\/i0.wp.com\/3joursdecherbourg.fr\/wp-content\/uploads\/2017\/08\/LES-3-JOURS-2017-032-1.jpg?resize=1024%2C586&amp;ssl=1 1024w, https:\/\/i0.wp.com\/3joursdecherbourg.fr\/wp-content\/uploads\/2017\/08\/LES-3-JOURS-2017-032-1.jpg?w=1280&amp;ssl=1 1280w, https:\/\/i0.wp.com\/3joursdecherbourg.fr\/wp-content\/uploads\/2017\/08\/LES-3-JOURS-2017-032-1.jpg?w=1920&amp;ssl=1 1920w\" sizes=\"auto, (max-width: 280px) 100vw, 280px\" \/><\/a><p id=\"caption-attachment-701\" class=\"wp-caption-text\">Les jeunes des \u00e9coles de cyclisme: ils ouvriront la route sur le circuit \u00e0 allure contr\u00f4l\u00e9e: peut-\u00eatre qu&rsquo;un futur vainqueur des 3 jours se trouve l\u00e0?<\/p><\/div>\n<p>&nbsp;<\/p>\n<p>&nbsp;<\/p>\n<p>&nbsp;<\/p>\n<p>&nbsp;<\/p>\n<p>&nbsp;<\/p>\n<p>&nbsp;<\/p>\n<p>&nbsp;<\/p>\n<p>Et la Presse \u00e9tait l\u00e0:<\/p>\n<p><a href=\"https:\/\/i0.wp.com\/3joursdecherbourg.fr\/wp-content\/uploads\/2017\/08\/Num%C3%A9risation_20170829-2.jpg?ssl=1\"><img data-recalc-dims=\"1\" loading=\"lazy\" decoding=\"async\" data-attachment-id=\"702\" data-permalink=\"https:\/\/3joursdecherbourg.fr\/?attachment_id=702\" data-orig-file=\"https:\/\/i0.wp.com\/3joursdecherbourg.fr\/wp-content\/uploads\/2017\/08\/Num%C3%A9risation_20170829-2.jpg?fit=633%2C772&amp;ssl=1\" data-orig-size=\"633,772\" data-comments-opened=\"1\" data-image-meta=\"{&quot;aperture&quot;:&quot;0&quot;,&quot;credit&quot;:&quot;&quot;,&quot;camera&quot;:&quot;&quot;,&quot;caption&quot;:&quot;&quot;,&quot;created_timestamp&quot;:&quot;0&quot;,&quot;copyright&quot;:&quot;&quot;,&quot;focal_length&quot;:&quot;0&quot;,&quot;iso&quot;:&quot;0&quot;,&quot;shutter_speed&quot;:&quot;0&quot;,&quot;title&quot;:&quot;&quot;,&quot;orientation&quot;:&quot;0&quot;}\" data-image-title=\"Num\u00e9risation_20170829 (2)\" data-image-description=\"\" data-image-caption=\"\" data-medium-file=\"https:\/\/i0.wp.com\/3joursdecherbourg.fr\/wp-content\/uploads\/2017\/08\/Num%C3%A9risation_20170829-2.jpg?fit=246%2C300&amp;ssl=1\" data-large-file=\"https:\/\/i0.wp.com\/3joursdecherbourg.fr\/wp-content\/uploads\/2017\/08\/Num%C3%A9risation_20170829-2.jpg?fit=633%2C772&amp;ssl=1\" class=\"alignleft size-medium wp-image-702\" src=\"https:\/\/i0.wp.com\/3joursdecherbourg.fr\/wp-content\/uploads\/2017\/08\/Num%C3%A9risation_20170829-2.jpg?resize=246%2C300&#038;ssl=1\" alt=\"\" width=\"246\" height=\"300\" srcset=\"https:\/\/i0.wp.com\/3joursdecherbourg.fr\/wp-content\/uploads\/2017\/08\/Num%C3%A9risation_20170829-2.jpg?resize=246%2C300&amp;ssl=1 246w, https:\/\/i0.wp.com\/3joursdecherbourg.fr\/wp-content\/uploads\/2017\/08\/Num%C3%A9risation_20170829-2.jpg?w=633&amp;ssl=1 633w\" sizes=\"auto, (max-width: 246px) 100vw, 246px\" \/><\/a><a href=\"https:\/\/i0.wp.com\/3joursdecherbourg.fr\/wp-content\/uploads\/2017\/08\/Num%C3%A9risation_20170829.jpg?ssl=1\"><img data-recalc-dims=\"1\" loading=\"lazy\" decoding=\"async\" data-attachment-id=\"703\" data-permalink=\"https:\/\/3joursdecherbourg.fr\/?attachment_id=703\" data-orig-file=\"https:\/\/i0.wp.com\/3joursdecherbourg.fr\/wp-content\/uploads\/2017\/08\/Num%C3%A9risation_20170829.jpg?fit=506%2C700&amp;ssl=1\" data-orig-size=\"506,700\" data-comments-opened=\"1\" data-image-meta=\"{&quot;aperture&quot;:&quot;0&quot;,&quot;credit&quot;:&quot;&quot;,&quot;camera&quot;:&quot;&quot;,&quot;caption&quot;:&quot;&quot;,&quot;created_timestamp&quot;:&quot;0&quot;,&quot;copyright&quot;:&quot;&quot;,&quot;focal_length&quot;:&quot;0&quot;,&quot;iso&quot;:&quot;0&quot;,&quot;shutter_speed&quot;:&quot;0&quot;,&quot;title&quot;:&quot;&quot;,&quot;orientation&quot;:&quot;0&quot;}\" data-image-title=\"Num\u00e9risation_20170829\" data-image-description=\"\" data-image-caption=\"\" data-medium-file=\"https:\/\/i0.wp.com\/3joursdecherbourg.fr\/wp-content\/uploads\/2017\/08\/Num%C3%A9risation_20170829.jpg?fit=217%2C300&amp;ssl=1\" data-large-file=\"https:\/\/i0.wp.com\/3joursdecherbourg.fr\/wp-content\/uploads\/2017\/08\/Num%C3%A9risation_20170829.jpg?fit=506%2C700&amp;ssl=1\" class=\"alignleft size-medium wp-image-703\" src=\"https:\/\/i0.wp.com\/3joursdecherbourg.fr\/wp-content\/uploads\/2017\/08\/Num%C3%A9risation_20170829.jpg?resize=217%2C300&#038;ssl=1\" alt=\"\" width=\"217\" height=\"300\" srcset=\"https:\/\/i0.wp.com\/3joursdecherbourg.fr\/wp-content\/uploads\/2017\/08\/Num%C3%A9risation_20170829.jpg?resize=217%2C300&amp;ssl=1 217w, https:\/\/i0.wp.com\/3joursdecherbourg.fr\/wp-content\/uploads\/2017\/08\/Num%C3%A9risation_20170829.jpg?w=506&amp;ssl=1 506w\" sizes=\"auto, (max-width: 217px) 100vw, 217px\" \/><\/a><\/p>\n<p>&nbsp;<\/p>\n<p>&nbsp;<\/p>\n<p>&nbsp;<\/p>\n<p>&nbsp;<\/p>\n<p>&nbsp;<\/p>\n<p>&nbsp;<\/p>\n<p>&nbsp;<\/p>\n","protected":false},"excerpt":{"rendered":"<p>Nous y sommes: vendredi sera donn\u00e9 le d\u00e9part de la 38\u00e8me \u00e9dition des 3 Jours de Cherbourg. C&rsquo;est, pour nous organisateurs, la derni\u00e8re ligne droite. Les dossiers sont (presque) pr\u00eats, les circuits sont (presque) fl\u00e9ch\u00e9s. Les \u00e9quipes sont inscrites, les &hellip; <a href=\"https:\/\/3joursdecherbourg.fr\/?p=630\">Continuer la lecture <span class=\"meta-nav\">&rarr;<\/span><\/a><\/p>\n","protected":false},"author":1,"featured_media":0,"comment_status":"open","ping_status":"open","sticky":false,"template":"","format":"standard","meta":{"_jetpack_newsletter_access":"","_jetpack_dont_email_post_to_subs":false,"_jetpack_newsletter_tier_id":0,"_jetpack_memberships_contains_paywalled_content":false,"_jetpack_memberships_contains_paid_content":false,"footnotes":""},"categories":[1],"tags":[],"class_list":["post-630","post","type-post","status-publish","format-standard","hentry","category-non-classe"],"jetpack_featured_media_url":"","jetpack_shortlink":"https:\/\/wp.me\/p8fpGS-aa","jetpack-related-posts":[{"id":3546,"url":"https:\/\/3joursdecherbourg.fr\/?p=3546","url_meta":{"origin":630,"position":0},"title":"Dans une semaine les \u00ab\u00a03 jours\u00a0\u00bb","author":"admin3809","date":"25 ao\u00fbt 2022","format":false,"excerpt":"Que le temps passe vite quand la pr\u00e9paration est en derni\u00e8re ligne droite... Les b\u00e9n\u00e9voles ne ch\u00f4ment pas et sont sur tous les fronts. Ainsi ce jeudi 18 ao\u00fbt \u00e0 la mairie d\u00e9l\u00e9gu\u00e9e de Cherbourg \u00e9taient r\u00e9unis une trentaine de signaleurs, pr\u00eats \u00e0 guider la course et g\u00e9rer au mieux\u2026","rel":"","context":"Dans &quot;Non class\u00e9&quot;","block_context":{"text":"Non class\u00e9","link":"https:\/\/3joursdecherbourg.fr\/?cat=1"},"img":{"alt_text":"","src":"https:\/\/i0.wp.com\/3joursdecherbourg.fr\/wp-content\/uploads\/2022\/08\/IMG_6403-scaled.jpg?resize=350%2C200&ssl=1","width":350,"height":200,"srcset":"https:\/\/i0.wp.com\/3joursdecherbourg.fr\/wp-content\/uploads\/2022\/08\/IMG_6403-scaled.jpg?resize=350%2C200&ssl=1 1x, https:\/\/i0.wp.com\/3joursdecherbourg.fr\/wp-content\/uploads\/2022\/08\/IMG_6403-scaled.jpg?resize=525%2C300&ssl=1 1.5x, https:\/\/i0.wp.com\/3joursdecherbourg.fr\/wp-content\/uploads\/2022\/08\/IMG_6403-scaled.jpg?resize=700%2C400&ssl=1 2x, https:\/\/i0.wp.com\/3joursdecherbourg.fr\/wp-content\/uploads\/2022\/08\/IMG_6403-scaled.jpg?resize=1050%2C600&ssl=1 3x, https:\/\/i0.wp.com\/3joursdecherbourg.fr\/wp-content\/uploads\/2022\/08\/IMG_6403-scaled.jpg?resize=1400%2C800&ssl=1 4x"},"classes":[]},{"id":2280,"url":"https:\/\/3joursdecherbourg.fr\/?p=2280","url_meta":{"origin":630,"position":1},"title":"Paul Mabire s&rsquo;est \u00e9chapp\u00e9&#8230;","author":"admin3809","date":"24 d\u00e9cembre 2020","format":false,"excerpt":"Un grand nom du cyclisme \"Popaul\", oui, un grand nom! A l'approche de ses 70 ans, il s'est lanc\u00e9 dans la derni\u00e8re \u00e9chapp\u00e9e, celle o\u00f9 nous ne le reverrons que quand nous franchirons \u00e0 notre tour la ligne d'arriv\u00e9e. Les r\u00e9actions ont \u00e9t\u00e9 unanimes pour vanter ses qualit\u00e9s, sa personnalit\u00e9,\u2026","rel":"","context":"Dans &quot;Non class\u00e9&quot;","block_context":{"text":"Non class\u00e9","link":"https:\/\/3joursdecherbourg.fr\/?cat=1"},"img":{"alt_text":"","src":"https:\/\/i0.wp.com\/3joursdecherbourg.fr\/wp-content\/uploads\/2020\/12\/15327640941325MabirePaul-200x300.jpg?resize=350%2C200","width":350,"height":200},"classes":[]},{"id":2353,"url":"https:\/\/3joursdecherbourg.fr\/?p=2353","url_meta":{"origin":630,"position":2},"title":"Les 3 jours se pr\u00e9parent&#8230;","author":"admin3809","date":"29 mars 2021","format":false,"excerpt":"Chaque jour qui passe nous apporte son lot d'annulations de courses, il nous faut vraiment garder le moral pour croire que septembre sera meilleur et que nous pourrons retrouver le plaisir d'une nouvelle (la 41\u00e8me) \u00e9dition des \"3 jours de Cherbourg en Cotentin\". Un point sur la pr\u00e9paration: Nous avons\u2026","rel":"","context":"Dans &quot;Non class\u00e9&quot;","block_context":{"text":"Non class\u00e9","link":"https:\/\/3joursdecherbourg.fr\/?cat=1"},"img":{"alt_text":"","src":"https:\/\/i0.wp.com\/3joursdecherbourg.fr\/wp-content\/uploads\/2021\/03\/20210327_154634-scaled.jpg?resize=350%2C200&ssl=1","width":350,"height":200,"srcset":"https:\/\/i0.wp.com\/3joursdecherbourg.fr\/wp-content\/uploads\/2021\/03\/20210327_154634-scaled.jpg?resize=350%2C200&ssl=1 1x, https:\/\/i0.wp.com\/3joursdecherbourg.fr\/wp-content\/uploads\/2021\/03\/20210327_154634-scaled.jpg?resize=525%2C300&ssl=1 1.5x, https:\/\/i0.wp.com\/3joursdecherbourg.fr\/wp-content\/uploads\/2021\/03\/20210327_154634-scaled.jpg?resize=700%2C400&ssl=1 2x, https:\/\/i0.wp.com\/3joursdecherbourg.fr\/wp-content\/uploads\/2021\/03\/20210327_154634-scaled.jpg?resize=1050%2C600&ssl=1 3x, https:\/\/i0.wp.com\/3joursdecherbourg.fr\/wp-content\/uploads\/2021\/03\/20210327_154634-scaled.jpg?resize=1400%2C800&ssl=1 4x"},"classes":[]},{"id":1333,"url":"https:\/\/3joursdecherbourg.fr\/?p=1333","url_meta":{"origin":630,"position":3},"title":"Pr\u00e9sentation des maillots","author":"admin3809","date":"28 ao\u00fbt 2018","format":false,"excerpt":"C'est au Cr\u00e9dit Agricole Normandie de Cherbourg qu'\u00e0 eu lieu la pr\u00e9sentation des maillots de la 39\u00e8me \u00e9dition des \"3 jours de Cherbourg\". Les personnalit\u00e9s pr\u00e9sentes, les partenaires et sponsors, les b\u00e9n\u00e9voles, ainsi que les \"jeunes pousses\" de Tourlaville sont donc ainsi, d\u00e9j\u00e0, presque entr\u00e9s dans la course. Le Pr\u00e9sident\u2026","rel":"","context":"Dans &quot;Non class\u00e9&quot;","block_context":{"text":"Non class\u00e9","link":"https:\/\/3joursdecherbourg.fr\/?cat=1"},"img":{"alt_text":"","src":"https:\/\/i0.wp.com\/3joursdecherbourg.fr\/wp-content\/uploads\/2018\/08\/DSCF4191.jpg?resize=350%2C200","width":350,"height":200,"srcset":"https:\/\/i0.wp.com\/3joursdecherbourg.fr\/wp-content\/uploads\/2018\/08\/DSCF4191.jpg?resize=350%2C200 1x, https:\/\/i0.wp.com\/3joursdecherbourg.fr\/wp-content\/uploads\/2018\/08\/DSCF4191.jpg?resize=525%2C300 1.5x, https:\/\/i0.wp.com\/3joursdecherbourg.fr\/wp-content\/uploads\/2018\/08\/DSCF4191.jpg?resize=700%2C400 2x, https:\/\/i0.wp.com\/3joursdecherbourg.fr\/wp-content\/uploads\/2018\/08\/DSCF4191.jpg?resize=1050%2C600 3x, https:\/\/i0.wp.com\/3joursdecherbourg.fr\/wp-content\/uploads\/2018\/08\/DSCF4191.jpg?resize=1400%2C800 4x"},"classes":[]},{"id":2235,"url":"https:\/\/3joursdecherbourg.fr\/?p=2235","url_meta":{"origin":630,"position":4},"title":"L&rsquo;incertitude","author":"admin3809","date":"5 avril 2020","format":false,"excerpt":"Le pays est \u00e0 l'arr\u00eat, ou presque, les sportifs sont au repos. Les soignants, pendant ce temps, triment jour et nuit pour sauver les vies. C'est une situation cauchemardesque qu'il nous faut affronter en essayant malgr\u00e9 tout de garder le moral. Nos pens\u00e9es sportives vont \u00e0 tous les organisateurs qui\u2026","rel":"","context":"Dans &quot;Non class\u00e9&quot;","block_context":{"text":"Non class\u00e9","link":"https:\/\/3joursdecherbourg.fr\/?cat=1"},"img":{"alt_text":"","src":"https:\/\/i0.wp.com\/3joursdecherbourg.fr\/wp-content\/uploads\/2020\/04\/DSC_6165.jpg?resize=350%2C200&ssl=1","width":350,"height":200,"srcset":"https:\/\/i0.wp.com\/3joursdecherbourg.fr\/wp-content\/uploads\/2020\/04\/DSC_6165.jpg?resize=350%2C200&ssl=1 1x, https:\/\/i0.wp.com\/3joursdecherbourg.fr\/wp-content\/uploads\/2020\/04\/DSC_6165.jpg?resize=525%2C300&ssl=1 1.5x, https:\/\/i0.wp.com\/3joursdecherbourg.fr\/wp-content\/uploads\/2020\/04\/DSC_6165.jpg?resize=700%2C400&ssl=1 2x, https:\/\/i0.wp.com\/3joursdecherbourg.fr\/wp-content\/uploads\/2020\/04\/DSC_6165.jpg?resize=1050%2C600&ssl=1 3x, https:\/\/i0.wp.com\/3joursdecherbourg.fr\/wp-content\/uploads\/2020\/04\/DSC_6165.jpg?resize=1400%2C800&ssl=1 4x"},"classes":[]},{"id":2196,"url":"https:\/\/3joursdecherbourg.fr\/?p=2196","url_meta":{"origin":630,"position":5},"title":"Les \u00e9tapes 2020&#8230;","author":"admin3809","date":"24 f\u00e9vrier 2020","format":false,"excerpt":"A presque six mois de la 41\u00e8me \u00e9dition des \"3 Jours de Cherbourg en Cotentin\", l'\u00e9quipe organisatrice s'affaire de tous bords. D\u00e9j\u00e0 27 \u00e9quipes ont postul\u00e9 pour participer. Quelques une encore sont attendues et la s\u00e9lection se fera courant mars. C'est h\u00e9las une fois de plus le budget qui d\u00e9terminera\u2026","rel":"","context":"Dans &quot;Non class\u00e9&quot;","block_context":{"text":"Non class\u00e9","link":"https:\/\/3joursdecherbourg.fr\/?cat=1"},"img":{"alt_text":"","src":"https:\/\/i0.wp.com\/3joursdecherbourg.fr\/wp-content\/uploads\/2020\/02\/DSC_2857-1-1024x514.jpg?resize=350%2C200","width":350,"height":200,"srcset":"https:\/\/i0.wp.com\/3joursdecherbourg.fr\/wp-content\/uploads\/2020\/02\/DSC_2857-1-1024x514.jpg?resize=350%2C200 1x, https:\/\/i0.wp.com\/3joursdecherbourg.fr\/wp-content\/uploads\/2020\/02\/DSC_2857-1-1024x514.jpg?resize=525%2C300 1.5x"},"classes":[]}],"jetpack_likes_enabled":false,"jetpack_sharing_enabled":true,"_links":{"self":[{"href":"https:\/\/3joursdecherbourg.fr\/index.php?rest_route=\/wp\/v2\/posts\/630","targetHints":{"allow":["GET"]}}],"collection":[{"href":"https:\/\/3joursdecherbourg.fr\/index.php?rest_route=\/wp\/v2\/posts"}],"about":[{"href":"https:\/\/3joursdecherbourg.fr\/index.php?rest_route=\/wp\/v2\/types\/post"}],"author":[{"embeddable":true,"href":"https:\/\/3joursdecherbourg.fr\/index.php?rest_route=\/wp\/v2\/users\/1"}],"replies":[{"embeddable":true,"href":"https:\/\/3joursdecherbourg.fr\/index.php?rest_route=%2Fwp%2Fv2%2Fcomments&post=630"}],"version-history":[{"count":4,"href":"https:\/\/3joursdecherbourg.fr\/index.php?rest_route=\/wp\/v2\/posts\/630\/revisions"}],"predecessor-version":[{"id":705,"href":"https:\/\/3joursdecherbourg.fr\/index.php?rest_route=\/wp\/v2\/posts\/630\/revisions\/705"}],"wp:attachment":[{"href":"https:\/\/3joursdecherbourg.fr\/index.php?rest_route=%2Fwp%2Fv2%2Fmedia&parent=630"}],"wp:term":[{"taxonomy":"category","embeddable":true,"href":"https:\/\/3joursdecherbourg.fr\/index.php?rest_route=%2Fwp%2Fv2%2Fcategories&post=630"},{"taxonomy":"post_tag","embeddable":true,"href":"https:\/\/3joursdecherbourg.fr\/index.php?rest_route=%2Fwp%2Fv2%2Ftags&post=630"}],"curies":[{"name":"wp","href":"https:\/\/api.w.org\/{rel}","templated":true}]}}