{"id":6324,"date":"2026-09-05T22:52:25","date_gmt":"2026-09-05T20:52:25","guid":{"rendered":"https:\/\/3joursdecherbourg.fr\/?p=6324"},"modified":"2026-09-05T22:52:26","modified_gmt":"2026-09-05T20:52:26","slug":"interview-guillaume-adam","status":"publish","type":"post","link":"https:\/\/3joursdecherbourg.fr\/?p=6324","title":{"rendered":"INTERVIEW GUILLAUME ADAM"},"content":{"rendered":"\n<figure class=\"wp-block-video\"><video height=\"848\" style=\"aspect-ratio: 480 \/ 848;\" width=\"480\" controls src=\"https:\/\/3joursdecherbourg.fr\/wp-content\/uploads\/2026\/09\/84d23088-c5ce-4227-80f3-3a754553b8ab.mp4\"><\/video><\/figure>\n","protected":false},"excerpt":{"rendered":"","protected":false},"author":1,"featured_media":6326,"comment_status":"closed","ping_status":"closed","sticky":false,"template":"","format":"standard","meta":{"advanced_seo_description":"","jetpack_seo_html_title":"","jetpack_seo_noindex":false,"jetpack_seo_schema_type":"","_themeisle_gutenberg_block_has_review":false,"_jetpack_newsletter_access":"","_jetpack_dont_email_post_to_subs":false,"_jetpack_newsletter_tier_id":0,"_jetpack_memberships_contains_paywalled_content":false,"_jetpack_feature_clip_id":0,"_jetpack_memberships_contains_paid_content":false,"footnotes":"","jetpack_publicize_message":"","jetpack_publicize_feature_enabled":true,"jetpack_social_post_already_shared":true,"jetpack_social_options":{"image_generator_settings":{"template":"highway","default_image_id":0,"font":"","enabled":false},"version":2},"jetpack_post_was_ever_published":false},"categories":[6],"tags":[],"class_list":["post-6324","post","type-post","status-publish","format-standard","has-post-thumbnail","hentry","category-edition-2026"],"jetpack_publicize_connections":[],"jetpack_shortlink":"https:\/\/wp.me\/p8fpGS-1E0","jetpack-related-posts":[{"id":6320,"url":"https:\/\/3joursdecherbourg.fr\/?p=6320","url_meta":{"origin":6324,"position":0},"title":"INTERVIEW VINCENT BODET","author":"admin3809","date":"5 septembre 2026","format":false,"excerpt":"","rel":"","context":"Dans &quot;\u00c9DITION 2026&quot;","block_context":{"text":"\u00c9DITION 2026","link":"https:\/\/3joursdecherbourg.fr\/?cat=6"},"img":{"alt_text":"","src":"https:\/\/i0.wp.com\/3joursdecherbourg.fr\/wp-content\/uploads\/2026\/09\/IMG_0002-scaled.jpg?fit=800%2C1200&ssl=1&resize=350%2C200","width":350,"height":200,"srcset":"https:\/\/i0.wp.com\/3joursdecherbourg.fr\/wp-content\/uploads\/2026\/09\/IMG_0002-scaled.jpg?fit=800%2C1200&ssl=1&resize=350%2C200 1x, https:\/\/i0.wp.com\/3joursdecherbourg.fr\/wp-content\/uploads\/2026\/09\/IMG_0002-scaled.jpg?fit=800%2C1200&ssl=1&resize=525%2C300 1.5x, https:\/\/i0.wp.com\/3joursdecherbourg.fr\/wp-content\/uploads\/2026\/09\/IMG_0002-scaled.jpg?fit=800%2C1200&ssl=1&resize=700%2C400 2x"},"classes":[]},{"id":6329,"url":"https:\/\/3joursdecherbourg.fr\/?p=6329","url_meta":{"origin":6324,"position":1},"title":"INTERVIEW THOMAS GAREL","author":"admin3809","date":"5 septembre 2026","format":false,"excerpt":"","rel":"","context":"Dans &quot;\u00c9DITION 2026&quot;","block_context":{"text":"\u00c9DITION 2026","link":"https:\/\/3joursdecherbourg.fr\/?cat=6"},"img":{"alt_text":"","src":"https:\/\/i0.wp.com\/3joursdecherbourg.fr\/wp-content\/uploads\/2026\/09\/DSC_5689.jpg?fit=1200%2C796&ssl=1&resize=350%2C200","width":350,"height":200,"srcset":"https:\/\/i0.wp.com\/3joursdecherbourg.fr\/wp-content\/uploads\/2026\/09\/DSC_5689.jpg?fit=1200%2C796&ssl=1&resize=350%2C200 1x, https:\/\/i0.wp.com\/3joursdecherbourg.fr\/wp-content\/uploads\/2026\/09\/DSC_5689.jpg?fit=1200%2C796&ssl=1&resize=525%2C300 1.5x, https:\/\/i0.wp.com\/3joursdecherbourg.fr\/wp-content\/uploads\/2026\/09\/DSC_5689.jpg?fit=1200%2C796&ssl=1&resize=700%2C400 2x, https:\/\/i0.wp.com\/3joursdecherbourg.fr\/wp-content\/uploads\/2026\/09\/DSC_5689.jpg?fit=1200%2C796&ssl=1&resize=1050%2C600 3x"},"classes":[]},{"id":6332,"url":"https:\/\/3joursdecherbourg.fr\/?p=6332","url_meta":{"origin":6324,"position":2},"title":"INTERVIEW MAEL ZAHEN","author":"admin3809","date":"5 septembre 2026","format":false,"excerpt":"","rel":"","context":"Dans &quot;\u00c9DITION 2026&quot;","block_context":{"text":"\u00c9DITION 2026","link":"https:\/\/3joursdecherbourg.fr\/?cat=6"},"img":{"alt_text":"","src":"","width":0,"height":0},"classes":[]},{"id":6336,"url":"https:\/\/3joursdecherbourg.fr\/?p=6336","url_meta":{"origin":6324,"position":3},"title":"&#x1f399;&#xfe0f; INTERVIEW DU NOUVEAU LEADER !","author":"admin3809","date":"5 septembre 2026","format":false,"excerpt":"D\u00e9couvrez la r\u00e9action de Hans RULLIER, nouveau leader des 3 Jours de Cherbourg En Cotentin ! \ud83e\udde1\ud83e\udd0d Bonne nuit \u00e0 tous \ud83c\udf19Rendez-vous demain pour la derni\u00e8re \u00e9tape ! \ud83d\udeb4\u200d\u2642\ufe0f\ud83d\udd25 On compte sur vous pour \u00eatre encore nombreux au bord des routes pour vivre ensemble cette grande finale ! \ud83e\udde1\ud83e\udd0d","rel":"","context":"Dans &quot;\u00c9DITION 2026&quot;","block_context":{"text":"\u00c9DITION 2026","link":"https:\/\/3joursdecherbourg.fr\/?cat=6"},"img":{"alt_text":"","src":"","width":0,"height":0},"classes":[]},{"id":6098,"url":"https:\/\/3joursdecherbourg.fr\/?p=6098","url_meta":{"origin":6324,"position":4},"title":"46\u1d49 \u00c9DITION DES 3 JOURS DE CHERBOURG : LE RENDEZ-VOUS EST LANC\u00c9 !","author":"admin3809","date":"28 ao\u00fbt 2026","format":false,"excerpt":"Aujourd\u2019hui, les 3 Jours de Cherbourg-en-Cotentin ont officiellement pr\u00e9sent\u00e9 leur \u00e9dition 2026 \u00e0 l\u2019occasion d\u2019un rendez-vous organis\u00e9 dans les locaux du Cr\u00e9dit Mutuel \u00e0 Cherbourg. \u00c0 seulement quelques jours du grand d\u00e9part, partenaires, b\u00e9n\u00e9voles et acteurs de l\u2019\u00e9preuve \u00e9taient r\u00e9unis pour d\u00e9couvrir les contours de cette 46\u1d49 \u00e9dition, qui se\u2026","rel":"","context":"Dans &quot;\u00c9DITION 2026&quot;","block_context":{"text":"\u00c9DITION 2026","link":"https:\/\/3joursdecherbourg.fr\/?cat=6"},"img":{"alt_text":"","src":"","width":0,"height":0},"classes":[]},{"id":5620,"url":"https:\/\/3joursdecherbourg.fr\/?p=5620","url_meta":{"origin":6324,"position":5},"title":"Meilleurs v\u0153ux 2026","author":"admin3809","date":"3 janvier 2026","format":false,"excerpt":"","rel":"","context":"Dans &quot;\u00c9DITION 2026&quot;","block_context":{"text":"\u00c9DITION 2026","link":"https:\/\/3joursdecherbourg.fr\/?cat=6"},"img":{"alt_text":"","src":"https:\/\/i0.wp.com\/3joursdecherbourg.fr\/wp-content\/uploads\/2026\/01\/Voeux-2026-1.jpg?fit=866%2C612&ssl=1&resize=350%2C200","width":350,"height":200,"srcset":"https:\/\/i0.wp.com\/3joursdecherbourg.fr\/wp-content\/uploads\/2026\/01\/Voeux-2026-1.jpg?fit=866%2C612&ssl=1&resize=350%2C200 1x, https:\/\/i0.wp.com\/3joursdecherbourg.fr\/wp-content\/uploads\/2026\/01\/Voeux-2026-1.jpg?fit=866%2C612&ssl=1&resize=525%2C300 1.5x, https:\/\/i0.wp.com\/3joursdecherbourg.fr\/wp-content\/uploads\/2026\/01\/Voeux-2026-1.jpg?fit=866%2C612&ssl=1&resize=700%2C400 2x"},"classes":[]}],"jetpack_likes_enabled":false,"jetpack_sharing_enabled":true,"jetpack_featured_media_url":"https:\/\/i0.wp.com\/3joursdecherbourg.fr\/wp-content\/uploads\/2026\/09\/IMG_0051.jpg?fit=%2C&ssl=1","_links":{"self":[{"href":"https:\/\/3joursdecherbourg.fr\/index.php?rest_route=\/wp\/v2\/posts\/6324","targetHints":{"allow":["GET"]}}],"collection":[{"href":"https:\/\/3joursdecherbourg.fr\/index.php?rest_route=\/wp\/v2\/posts"}],"about":[{"href":"https:\/\/3joursdecherbourg.fr\/index.php?rest_route=\/wp\/v2\/types\/post"}],"author":[{"embeddable":true,"href":"https:\/\/3joursdecherbourg.fr\/index.php?rest_route=\/wp\/v2\/users\/1"}],"replies":[{"embeddable":true,"href":"https:\/\/3joursdecherbourg.fr\/index.php?rest_route=%2Fwp%2Fv2%2Fcomments&post=6324"}],"version-history":[{"count":1,"href":"https:\/\/3joursdecherbourg.fr\/index.php?rest_route=\/wp\/v2\/posts\/6324\/revisions"}],"predecessor-version":[{"id":6327,"href":"https:\/\/3joursdecherbourg.fr\/index.php?rest_route=\/wp\/v2\/posts\/6324\/revisions\/6327"}],"wp:featuredmedia":[{"embeddable":true,"href":"https:\/\/3joursdecherbourg.fr\/index.php?rest_route=\/wp\/v2\/media\/6326"}],"wp:attachment":[{"href":"https:\/\/3joursdecherbourg.fr\/index.php?rest_route=%2Fwp%2Fv2%2Fmedia&parent=6324"}],"wp:term":[{"taxonomy":"category","embeddable":true,"href":"https:\/\/3joursdecherbourg.fr\/index.php?rest_route=%2Fwp%2Fv2%2Fcategories&post=6324"},{"taxonomy":"post_tag","embeddable":true,"href":"https:\/\/3joursdecherbourg.fr\/index.php?rest_route=%2Fwp%2Fv2%2Ftags&post=6324"}],"curies":[{"name":"wp","href":"https:\/\/api.w.org\/{rel}","templated":true}]}}