{"id":6336,"date":"2026-09-05T23:20:15","date_gmt":"2026-09-05T21:20:15","guid":{"rendered":"https:\/\/3joursdecherbourg.fr\/?p=6336"},"modified":"2026-09-05T23:20:16","modified_gmt":"2026-09-05T21:20:16","slug":"%f0%9f%8e%99%ef%b8%8f-interview-du-nouveau-leader","status":"publish","type":"post","link":"https:\/\/3joursdecherbourg.fr\/?p=6336","title":{"rendered":"&#x1f399;&#xfe0f; INTERVIEW DU NOUVEAU LEADER !"},"content":{"rendered":"\n<p>D\u00e9couvrez la r\u00e9action de Hans RULLIER, nouveau leader des 3 Jours de Cherbourg En Cotentin ! &#x1f9e1;&#x1f90d;<\/p>\n\n\n\n<p>Bonne nuit \u00e0 tous &#x1f319;<br>Rendez-vous demain pour la derni\u00e8re \u00e9tape ! &#x1f6b4;&#x200d;&#x2642;&#xfe0f;&#x1f525;<\/p>\n\n\n\n<p>On compte sur vous pour \u00eatre encore nombreux au bord des routes pour vivre ensemble cette grande finale ! &#x1f9e1;&#x1f90d;<\/p>\n\n\n\n<figure class=\"wp-block-video\"><video height=\"1280\" style=\"aspect-ratio: 720 \/ 1280;\" width=\"720\" controls src=\"https:\/\/3joursdecherbourg.fr\/wp-content\/uploads\/2026\/09\/RULLIER.mp4\"><\/video><\/figure>\n","protected":false},"excerpt":{"rendered":"<p>D\u00e9couvrez la r\u00e9action de Hans RULLIER, nouveau leader des 3 Jours de Cherbourg En Cotentin ! &#x1f9e1;&#x1f90d; Bonne nuit \u00e0 tous &#x1f319;Rendez-vous demain pour la derni\u00e8re \u00e9tape ! &#x1f6b4;&#x200d;&#x2642;&#xfe0f;&#x1f525; On compte sur vous pour \u00eatre encore nombreux au bord des routes pour vivre ensemble cette grande finale ! &#x1f9e1;&#x1f90d;<\/p>\n","protected":false},"author":1,"featured_media":6338,"comment_status":"closed","ping_status":"closed","sticky":false,"template":"","format":"standard","meta":{"advanced_seo_description":"","jetpack_seo_html_title":"","jetpack_seo_noindex":false,"jetpack_seo_schema_type":"","_themeisle_gutenberg_block_has_review":false,"_jetpack_newsletter_access":"","_jetpack_dont_email_post_to_subs":false,"_jetpack_newsletter_tier_id":0,"_jetpack_memberships_contains_paywalled_content":false,"_jetpack_feature_clip_id":0,"_jetpack_memberships_contains_paid_content":false,"footnotes":"","jetpack_publicize_message":"","jetpack_publicize_feature_enabled":true,"jetpack_social_post_already_shared":true,"jetpack_social_options":{"image_generator_settings":{"template":"highway","default_image_id":0,"font":"","enabled":false},"version":2},"jetpack_post_was_ever_published":false},"categories":[6],"tags":[],"class_list":["post-6336","post","type-post","status-publish","format-standard","has-post-thumbnail","hentry","category-edition-2026"],"jetpack_publicize_connections":[],"jetpack_shortlink":"https:\/\/wp.me\/p8fpGS-1Ec","jetpack-related-posts":[{"id":6246,"url":"https:\/\/3joursdecherbourg.fr\/?p=6246","url_meta":{"origin":6336,"position":0},"title":"Flamanville, clap de fin !","author":"admin3809","date":"4 septembre 2026","format":false,"excerpt":"Apr\u00e8s Portbail, puis deux \u00e9ditions \u00e0 Flamanville, les 3 Jours de Cherbourg s\u2019appr\u00eatent \u00e0 \u00e9crire une nouvelle page de leur histoire. En 2027, cap vers une nouvelle ville d\u2019arriv\u00e9e pour la premi\u00e8re \u00e9tape ! \ud83d\udeb4\u200d\u2642\ufe0f Flamanville aura marqu\u00e9 les \u00e9ditions 2025 et 2026, avec deux arriv\u00e9es qui auront offert de\u2026","rel":"","context":"Dans &quot;\u00c9DITION 2026&quot;","block_context":{"text":"\u00c9DITION 2026","link":"https:\/\/3joursdecherbourg.fr\/?cat=6"},"img":{"alt_text":"","src":"https:\/\/i0.wp.com\/3joursdecherbourg.fr\/wp-content\/uploads\/2026\/09\/DSC_5675.jpg?fit=1200%2C796&ssl=1&resize=350%2C200","width":350,"height":200,"srcset":"https:\/\/i0.wp.com\/3joursdecherbourg.fr\/wp-content\/uploads\/2026\/09\/DSC_5675.jpg?fit=1200%2C796&ssl=1&resize=350%2C200 1x, https:\/\/i0.wp.com\/3joursdecherbourg.fr\/wp-content\/uploads\/2026\/09\/DSC_5675.jpg?fit=1200%2C796&ssl=1&resize=525%2C300 1.5x, https:\/\/i0.wp.com\/3joursdecherbourg.fr\/wp-content\/uploads\/2026\/09\/DSC_5675.jpg?fit=1200%2C796&ssl=1&resize=700%2C400 2x, https:\/\/i0.wp.com\/3joursdecherbourg.fr\/wp-content\/uploads\/2026\/09\/DSC_5675.jpg?fit=1200%2C796&ssl=1&resize=1050%2C600 3x"},"classes":[]},{"id":6250,"url":"https:\/\/3joursdecherbourg.fr\/?p=6250","url_meta":{"origin":6336,"position":1},"title":"La Place Napol\u00e9on, au c\u0153ur des 3 Jours de Cherbourg &#x1f9e1;&#x1f90d;","author":"admin3809","date":"4 septembre 2026","format":false,"excerpt":"Pour la deuxi\u00e8me ann\u00e9e cons\u00e9cutive, la\u00a0Place Napol\u00e9on\u00a0a accueilli le d\u00e9part des 3 Jours de Cherbourg, donnant le coup d\u2019envoi d\u2019une nouvelle \u00e9dition de notre \u00e9preuve. Un rendez-vous devenu incontournable pour lancer les trois jours de comp\u00e9tition, avec les coureurs, les \u00e9quipes, les b\u00e9n\u00e9voles, les partenaires et de nombreux passionn\u00e9s r\u00e9unis\u2026","rel":"","context":"Dans &quot;\u00c9DITION 2026&quot;","block_context":{"text":"\u00c9DITION 2026","link":"https:\/\/3joursdecherbourg.fr\/?cat=6"},"img":{"alt_text":"","src":"https:\/\/i0.wp.com\/3joursdecherbourg.fr\/wp-content\/uploads\/2026\/09\/792520908_1689515925874537_2228830196411004529_n.png-1.jpeg?fit=1200%2C800&ssl=1&resize=350%2C200","width":350,"height":200,"srcset":"https:\/\/i0.wp.com\/3joursdecherbourg.fr\/wp-content\/uploads\/2026\/09\/792520908_1689515925874537_2228830196411004529_n.png-1.jpeg?fit=1200%2C800&ssl=1&resize=350%2C200 1x, https:\/\/i0.wp.com\/3joursdecherbourg.fr\/wp-content\/uploads\/2026\/09\/792520908_1689515925874537_2228830196411004529_n.png-1.jpeg?fit=1200%2C800&ssl=1&resize=525%2C300 1.5x, https:\/\/i0.wp.com\/3joursdecherbourg.fr\/wp-content\/uploads\/2026\/09\/792520908_1689515925874537_2228830196411004529_n.png-1.jpeg?fit=1200%2C800&ssl=1&resize=700%2C400 2x, https:\/\/i0.wp.com\/3joursdecherbourg.fr\/wp-content\/uploads\/2026\/09\/792520908_1689515925874537_2228830196411004529_n.png-1.jpeg?fit=1200%2C800&ssl=1&resize=1050%2C600 3x"},"classes":[]},{"id":6314,"url":"https:\/\/3joursdecherbourg.fr\/?p=6314","url_meta":{"origin":6336,"position":2},"title":"&#x1f4fa; Les 3 Jours de Cherbourg \u00e0 l\u2019honneur sur France 3 !","author":"admin3809","date":"5 septembre 2026","format":false,"excerpt":"\ud83d\udcfa France T\u00e9l\u00e9visions \u00e9tait pr\u00e9sente aujourd\u2019hui sur la 2e \u00e9tape des 3 Jours de Cherbourg ! \ud83e\udde1\ud83e\udd0d\ud83d\udeb4\u200d\u2642\ufe0f Les \u00e9quipes de la t\u00e9l\u00e9vision r\u00e9gionale sont venues \u00e0 la rencontre de la course et de ses acteurs. \ud83c\udfa5 Rendez-vous demain soir \u00e0 la t\u00e9l\u00e9vision pour d\u00e9couvrir les images de cette 2e \u00e9tape\u2026","rel":"","context":"Dans &quot;\u00c9DITION 2026&quot;","block_context":{"text":"\u00c9DITION 2026","link":"https:\/\/3joursdecherbourg.fr\/?cat=6"},"img":{"alt_text":"","src":"https:\/\/i0.wp.com\/3joursdecherbourg.fr\/wp-content\/uploads\/2026\/09\/IMG_0637-scaled.jpg?fit=1200%2C800&ssl=1&resize=350%2C200","width":350,"height":200,"srcset":"https:\/\/i0.wp.com\/3joursdecherbourg.fr\/wp-content\/uploads\/2026\/09\/IMG_0637-scaled.jpg?fit=1200%2C800&ssl=1&resize=350%2C200 1x, https:\/\/i0.wp.com\/3joursdecherbourg.fr\/wp-content\/uploads\/2026\/09\/IMG_0637-scaled.jpg?fit=1200%2C800&ssl=1&resize=525%2C300 1.5x, https:\/\/i0.wp.com\/3joursdecherbourg.fr\/wp-content\/uploads\/2026\/09\/IMG_0637-scaled.jpg?fit=1200%2C800&ssl=1&resize=700%2C400 2x, https:\/\/i0.wp.com\/3joursdecherbourg.fr\/wp-content\/uploads\/2026\/09\/IMG_0637-scaled.jpg?fit=1200%2C800&ssl=1&resize=1050%2C600 3x"},"classes":[]},{"id":6271,"url":"https:\/\/3joursdecherbourg.fr\/?p=6271","url_meta":{"origin":6336,"position":3},"title":"&#x1f692;&#x1f6b4;&#x200d;&#x2642;&#xfe0f;\u00a0Les sapeurs-pompiers des Pieux au rendez-vous des 3 Jours de Cherbourg","author":"admin3809","date":"5 septembre 2026","format":false,"excerpt":"Hier, lors de la premi\u00e8re \u00e9tape des 3 Jours de Cherbourg, le peloton a travers\u00e9 la commune des Pieux avec un passage remarqu\u00e9 devant la caserne. Pour l\u2019occasion, les\u00a0sapeurs-pompiers des Pieux\u00a0avaient enfourch\u00e9 leurs v\u00e9los de sport pour accompagner, \u00e0 leur mani\u00e8re, le passage des coureurs, tandis que les v\u00e9hicules du\u2026","rel":"","context":"Dans &quot;\u00c9DITION 2026&quot;","block_context":{"text":"\u00c9DITION 2026","link":"https:\/\/3joursdecherbourg.fr\/?cat=6"},"img":{"alt_text":"","src":"https:\/\/i0.wp.com\/3joursdecherbourg.fr\/wp-content\/uploads\/2026\/09\/5A33C64C-099A-43D1-8819-5FB45F98E9D3-2.jpg?fit=1200%2C904&ssl=1&resize=350%2C200","width":350,"height":200,"srcset":"https:\/\/i0.wp.com\/3joursdecherbourg.fr\/wp-content\/uploads\/2026\/09\/5A33C64C-099A-43D1-8819-5FB45F98E9D3-2.jpg?fit=1200%2C904&ssl=1&resize=350%2C200 1x, https:\/\/i0.wp.com\/3joursdecherbourg.fr\/wp-content\/uploads\/2026\/09\/5A33C64C-099A-43D1-8819-5FB45F98E9D3-2.jpg?fit=1200%2C904&ssl=1&resize=525%2C300 1.5x, https:\/\/i0.wp.com\/3joursdecherbourg.fr\/wp-content\/uploads\/2026\/09\/5A33C64C-099A-43D1-8819-5FB45F98E9D3-2.jpg?fit=1200%2C904&ssl=1&resize=700%2C400 2x, https:\/\/i0.wp.com\/3joursdecherbourg.fr\/wp-content\/uploads\/2026\/09\/5A33C64C-099A-43D1-8819-5FB45F98E9D3-2.jpg?fit=1200%2C904&ssl=1&resize=1050%2C600 3x"},"classes":[]},{"id":4325,"url":"https:\/\/3joursdecherbourg.fr\/?p=4325","url_meta":{"origin":6336,"position":4},"title":"A l&rsquo;approche des \u00ab\u00a03 jours\u00a0\u00bb","author":"admin3809","date":"18 ao\u00fbt 2023","format":false,"excerpt":"Un changement de derni\u00e8re minute dans le parcours de la 3\u00e8me \u00e9tape. Nous avons \u00e9t\u00e9 inform\u00e9s de la fermeture pour travaux de la D650 entre Barneville-Carteret et les Pieux. Impossible donc de faire passer la course. Nous avons donc propos\u00e9 le passage par la D66, qui relie directement Bricquebec-en-Cotentin \u00e0\u2026","rel":"","context":"Dans &quot;Non class\u00e9&quot;","block_context":{"text":"Non class\u00e9","link":"https:\/\/3joursdecherbourg.fr\/?cat=1"},"img":{"alt_text":"","src":"","width":0,"height":0},"classes":[]},{"id":5632,"url":"https:\/\/3joursdecherbourg.fr\/?p=5632","url_meta":{"origin":6336,"position":5},"title":"Les \u00ab\u00a03 jours\u00a0\u00bb se pr\u00e9parent","author":"admin3809","date":"10 mars 2026","format":false,"excerpt":"Les \"3 jours\" se pr\u00e9parent","rel":"","context":"Dans &quot;\u00c9DITION 2026&quot;","block_context":{"text":"\u00c9DITION 2026","link":"https:\/\/3joursdecherbourg.fr\/?cat=6"},"img":{"alt_text":"","src":"https:\/\/i0.wp.com\/3joursdecherbourg.fr\/wp-content\/uploads\/2026\/03\/DSC_5167.jpg?fit=1200%2C796&ssl=1&resize=350%2C200","width":350,"height":200,"srcset":"https:\/\/i0.wp.com\/3joursdecherbourg.fr\/wp-content\/uploads\/2026\/03\/DSC_5167.jpg?fit=1200%2C796&ssl=1&resize=350%2C200 1x, https:\/\/i0.wp.com\/3joursdecherbourg.fr\/wp-content\/uploads\/2026\/03\/DSC_5167.jpg?fit=1200%2C796&ssl=1&resize=525%2C300 1.5x, https:\/\/i0.wp.com\/3joursdecherbourg.fr\/wp-content\/uploads\/2026\/03\/DSC_5167.jpg?fit=1200%2C796&ssl=1&resize=700%2C400 2x, https:\/\/i0.wp.com\/3joursdecherbourg.fr\/wp-content\/uploads\/2026\/03\/DSC_5167.jpg?fit=1200%2C796&ssl=1&resize=1050%2C600 3x"},"classes":[]}],"jetpack_likes_enabled":false,"jetpack_sharing_enabled":true,"jetpack_featured_media_url":"https:\/\/i0.wp.com\/3joursdecherbourg.fr\/wp-content\/uploads\/2026\/09\/IMG_0631.jpg?fit=%2C&ssl=1","_links":{"self":[{"href":"https:\/\/3joursdecherbourg.fr\/index.php?rest_route=\/wp\/v2\/posts\/6336","targetHints":{"allow":["GET"]}}],"collection":[{"href":"https:\/\/3joursdecherbourg.fr\/index.php?rest_route=\/wp\/v2\/posts"}],"about":[{"href":"https:\/\/3joursdecherbourg.fr\/index.php?rest_route=\/wp\/v2\/types\/post"}],"author":[{"embeddable":true,"href":"https:\/\/3joursdecherbourg.fr\/index.php?rest_route=\/wp\/v2\/users\/1"}],"replies":[{"embeddable":true,"href":"https:\/\/3joursdecherbourg.fr\/index.php?rest_route=%2Fwp%2Fv2%2Fcomments&post=6336"}],"version-history":[{"count":1,"href":"https:\/\/3joursdecherbourg.fr\/index.php?rest_route=\/wp\/v2\/posts\/6336\/revisions"}],"predecessor-version":[{"id":6339,"href":"https:\/\/3joursdecherbourg.fr\/index.php?rest_route=\/wp\/v2\/posts\/6336\/revisions\/6339"}],"wp:featuredmedia":[{"embeddable":true,"href":"https:\/\/3joursdecherbourg.fr\/index.php?rest_route=\/wp\/v2\/media\/6338"}],"wp:attachment":[{"href":"https:\/\/3joursdecherbourg.fr\/index.php?rest_route=%2Fwp%2Fv2%2Fmedia&parent=6336"}],"wp:term":[{"taxonomy":"category","embeddable":true,"href":"https:\/\/3joursdecherbourg.fr\/index.php?rest_route=%2Fwp%2Fv2%2Fcategories&post=6336"},{"taxonomy":"post_tag","embeddable":true,"href":"https:\/\/3joursdecherbourg.fr\/index.php?rest_route=%2Fwp%2Fv2%2Ftags&post=6336"}],"curies":[{"name":"wp","href":"https:\/\/api.w.org\/{rel}","templated":true}]}}