{"id":709,"date":"2017-09-01T19:48:53","date_gmt":"2017-09-01T17:48:53","guid":{"rendered":"http:\/\/3joursdecherbourg.fr\/?p=709"},"modified":"2017-09-02T09:19:42","modified_gmt":"2017-09-02T07:19:42","slug":"les-resultats","status":"publish","type":"post","link":"https:\/\/3joursdecherbourg.fr\/?p=709","title":{"rendered":"Les r\u00e9sultats"},"content":{"rendered":"<p>Les r\u00e9sultats de la premi\u00e8re \u00e9tape:<\/p>\n<ul>\n<li><a href=\"https:\/\/3joursdecherbourg.fr\/wp-content\/uploads\/2017\/09\/ETAPE-1.pdf\">l&rsquo;\u00e9tape<\/a><\/li>\n<li><a href=\"https:\/\/3joursdecherbourg.fr\/wp-content\/uploads\/2017\/09\/GRIMPEURS-1.pdf\">le meilleur grimpeur<\/a><\/li>\n<li><a href=\"https:\/\/3joursdecherbourg.fr\/wp-content\/uploads\/2017\/09\/POINTS-1.pdf\">points chaud<\/a><\/li>\n<li><a href=\"https:\/\/3joursdecherbourg.fr\/wp-content\/uploads\/2017\/09\/EQUIPE-1.pdf\">par \u00e9quipe<\/a><\/li>\n<\/ul>\n<div id=\"attachment_720\" style=\"width: 650px\" class=\"wp-caption aligncenter\"><a href=\"https:\/\/i0.wp.com\/3joursdecherbourg.fr\/wp-content\/uploads\/2017\/09\/CC-Nogent-sur-Oise.jpg?ssl=1\"><img data-recalc-dims=\"1\" loading=\"lazy\" decoding=\"async\" aria-describedby=\"caption-attachment-720\" data-attachment-id=\"720\" data-permalink=\"https:\/\/3joursdecherbourg.fr\/?attachment_id=720\" data-orig-file=\"https:\/\/i0.wp.com\/3joursdecherbourg.fr\/wp-content\/uploads\/2017\/09\/CC-Nogent-sur-Oise.jpg?fit=1504%2C1000&amp;ssl=1\" data-orig-size=\"1504,1000\" data-comments-opened=\"1\" data-image-meta=\"{&quot;aperture&quot;:&quot;14&quot;,&quot;credit&quot;:&quot;&quot;,&quot;camera&quot;:&quot;NIKON D50&quot;,&quot;caption&quot;:&quot;&quot;,&quot;created_timestamp&quot;:&quot;1504269683&quot;,&quot;copyright&quot;:&quot;&quot;,&quot;focal_length&quot;:&quot;42&quot;,&quot;iso&quot;:&quot;0&quot;,&quot;shutter_speed&quot;:&quot;0.0125&quot;,&quot;title&quot;:&quot;&quot;,&quot;orientation&quot;:&quot;1&quot;}\" data-image-title=\"CC Nogent-sur-Oise\" data-image-description=\"\" data-image-caption=\"&lt;p&gt;Nogent-sur-Oise \u00e0 l&amp;rsquo;honneur pour cette premi\u00e8re \u00e9tape avec Samuel Leroux, le premier vainqueur de ces 3 jours, K\u00e9vin Lalouette, 5\u00e8me et bien part au classement grimpeur.&lt;\/p&gt;\n\" data-medium-file=\"https:\/\/i0.wp.com\/3joursdecherbourg.fr\/wp-content\/uploads\/2017\/09\/CC-Nogent-sur-Oise.jpg?fit=300%2C199&amp;ssl=1\" data-large-file=\"https:\/\/i0.wp.com\/3joursdecherbourg.fr\/wp-content\/uploads\/2017\/09\/CC-Nogent-sur-Oise.jpg?fit=640%2C426&amp;ssl=1\" class=\"size-large wp-image-720\" src=\"https:\/\/i0.wp.com\/3joursdecherbourg.fr\/wp-content\/uploads\/2017\/09\/CC-Nogent-sur-Oise.jpg?resize=640%2C426&#038;ssl=1\" alt=\"\" width=\"640\" height=\"426\" srcset=\"https:\/\/i0.wp.com\/3joursdecherbourg.fr\/wp-content\/uploads\/2017\/09\/CC-Nogent-sur-Oise.jpg?resize=1024%2C681&amp;ssl=1 1024w, https:\/\/i0.wp.com\/3joursdecherbourg.fr\/wp-content\/uploads\/2017\/09\/CC-Nogent-sur-Oise.jpg?resize=300%2C199&amp;ssl=1 300w, https:\/\/i0.wp.com\/3joursdecherbourg.fr\/wp-content\/uploads\/2017\/09\/CC-Nogent-sur-Oise.jpg?resize=768%2C511&amp;ssl=1 768w, https:\/\/i0.wp.com\/3joursdecherbourg.fr\/wp-content\/uploads\/2017\/09\/CC-Nogent-sur-Oise.jpg?w=1504&amp;ssl=1 1504w, https:\/\/i0.wp.com\/3joursdecherbourg.fr\/wp-content\/uploads\/2017\/09\/CC-Nogent-sur-Oise.jpg?w=1280&amp;ssl=1 1280w\" sizes=\"auto, (max-width: 640px) 100vw, 640px\" \/><\/a><p id=\"caption-attachment-720\" class=\"wp-caption-text\">Nogent-sur-Oise \u00e0 l&rsquo;honneur pour cette premi\u00e8re \u00e9tape avec Samuel Leroux, le premier vainqueur de ces 3 jours, K\u00e9vin Lalouette, 5\u00e8me et bien parti au classement grimpeur.<\/p><\/div>\n","protected":false},"excerpt":{"rendered":"<p>Les r\u00e9sultats de la premi\u00e8re \u00e9tape: l&rsquo;\u00e9tape le meilleur grimpeur points chaud par \u00e9quipe<\/p>\n","protected":false},"author":1,"featured_media":0,"comment_status":"open","ping_status":"open","sticky":false,"template":"","format":"standard","meta":{"_jetpack_newsletter_access":"","_jetpack_dont_email_post_to_subs":false,"_jetpack_newsletter_tier_id":0,"_jetpack_memberships_contains_paywalled_content":false,"_jetpack_memberships_contains_paid_content":false,"footnotes":""},"categories":[1],"tags":[],"class_list":["post-709","post","type-post","status-publish","format-standard","hentry","category-non-classe"],"jetpack_featured_media_url":"","jetpack_shortlink":"https:\/\/wp.me\/p8fpGS-br","jetpack-related-posts":[{"id":2427,"url":"https:\/\/3joursdecherbourg.fr\/?p=2427","url_meta":{"origin":709,"position":0},"title":"Les \u00ab\u00a03 jours\u00a0\u00bb se pr\u00e9cisent&#8230;","author":"admin3809","date":"3 mai 2021","format":false,"excerpt":"Alors que les mesures sanitaires semblent s'all\u00e9ger en ce d\u00e9but du mois de mai, il nous faut raisonnablement esp\u00e9rer que notre organisation en d\u00e9but septembre puisse se tenir comme esp\u00e9r\u00e9. Le tableau des \u00e9quipes pr\u00e9sentes se pr\u00e9cise. Aujourd'hui 25 \u00e9quipes ont d\u00e9j\u00e0 confirm\u00e9 leur participation, quelques autres pr\u00e9f\u00e8rent attendre encore\u2026","rel":"","context":"Dans &quot;Non class\u00e9&quot;","block_context":{"text":"Non class\u00e9","link":"https:\/\/3joursdecherbourg.fr\/?cat=1"},"img":{"alt_text":"","src":"https:\/\/i0.wp.com\/3joursdecherbourg.fr\/wp-content\/uploads\/2021\/05\/DSC_6746-2-1024x927.jpg?resize=350%2C200","width":350,"height":200,"srcset":"https:\/\/i0.wp.com\/3joursdecherbourg.fr\/wp-content\/uploads\/2021\/05\/DSC_6746-2-1024x927.jpg?resize=350%2C200 1x, https:\/\/i0.wp.com\/3joursdecherbourg.fr\/wp-content\/uploads\/2021\/05\/DSC_6746-2-1024x927.jpg?resize=525%2C300 1.5x"},"classes":[]},{"id":4377,"url":"https:\/\/3joursdecherbourg.fr\/?p=4377","url_meta":{"origin":709,"position":1},"title":"C&rsquo;est -presque- parti!","author":"admin3809","date":"28 ao\u00fbt 2023","format":false,"excerpt":"C'est - presque- parti pour les \"3 jours de Cherbourg en Cotentin\", au moins pour les rendez-vous initiaux. D'abord pour les b\u00e9n\u00e9voles signaleurs qui seront si pr\u00e9cieux pendant ces trois jours. Une premi\u00e8re r\u00e9union le jeudi 24 ao\u00fbt avec la pr\u00e9sentation des parcours, des horaires, le rappel des r\u00e8gles de\u2026","rel":"","context":"Dans &quot;Non class\u00e9&quot;","block_context":{"text":"Non class\u00e9","link":"https:\/\/3joursdecherbourg.fr\/?cat=1"},"img":{"alt_text":"","src":"https:\/\/i0.wp.com\/3joursdecherbourg.fr\/wp-content\/uploads\/2023\/08\/IMG_9193-300x200.jpg?resize=350%2C200&ssl=1","width":350,"height":200},"classes":[]},{"id":1933,"url":"https:\/\/3joursdecherbourg.fr\/?p=1933","url_meta":{"origin":709,"position":2},"title":"C&rsquo;est parti!","author":"admin3809","date":"6 septembre 2019","format":false,"excerpt":"Le peloton de 140 coureurs s'est \u00e9lanc\u00e9 sur les routes du Cotentin. Retrouvez les r\u00e9sultats de la premi\u00e8re \u00e9tape et les classements annexes \"ici\" \u00a0","rel":"","context":"Dans &quot;Non class\u00e9&quot;","block_context":{"text":"Non class\u00e9","link":"https:\/\/3joursdecherbourg.fr\/?cat=1"},"img":{"alt_text":"","src":"https:\/\/i0.wp.com\/3joursdecherbourg.fr\/wp-content\/uploads\/2019\/09\/DSC_2793-1024x681.jpg?resize=350%2C200","width":350,"height":200,"srcset":"https:\/\/i0.wp.com\/3joursdecherbourg.fr\/wp-content\/uploads\/2019\/09\/DSC_2793-1024x681.jpg?resize=350%2C200 1x, https:\/\/i0.wp.com\/3joursdecherbourg.fr\/wp-content\/uploads\/2019\/09\/DSC_2793-1024x681.jpg?resize=525%2C300 1.5x"},"classes":[]},{"id":2936,"url":"https:\/\/3joursdecherbourg.fr\/?p=2936","url_meta":{"origin":709,"position":3},"title":"C&rsquo;\u00e9tait la deuxi\u00e8me \u00e9tape","author":"admin3809","date":"4 septembre 2021","format":false,"excerpt":"Encore un \u00e9tape courue \u00e0 bon rythme, 42,452 km\/h, sur un parcours bossel\u00e9. Les coureurs n'ont sans doute pas eu le temps de contempler les magnifiques paysages de La Hague. Ils pourront se rattraper demain. Retrouvez tous les r\u00e9sultats \"ici\".","rel":"","context":"Dans &quot;Non class\u00e9&quot;","block_context":{"text":"Non class\u00e9","link":"https:\/\/3joursdecherbourg.fr\/?cat=1"},"img":{"alt_text":"","src":"","width":0,"height":0},"classes":[]},{"id":1954,"url":"https:\/\/3joursdecherbourg.fr\/?p=1954","url_meta":{"origin":709,"position":4},"title":"Du rythme","author":"admin3809","date":"8 septembre 2019","format":false,"excerpt":"C'est le terme qui caract\u00e9rise cette deuxi\u00e8me \u00e9tape sans temps morts. Les r\u00e9sultats \"ici\".","rel":"","context":"Dans &quot;Non class\u00e9&quot;","block_context":{"text":"Non class\u00e9","link":"https:\/\/3joursdecherbourg.fr\/?cat=1"},"img":{"alt_text":"","src":"","width":0,"height":0},"classes":[]},{"id":4752,"url":"https:\/\/3joursdecherbourg.fr\/?p=4752","url_meta":{"origin":709,"position":5},"title":"Dans une semaine, les \u00ab\u00a03 jours\u00a0\u00bb","author":"admin3809","date":"24 ao\u00fbt 2024","format":false,"excerpt":"Une ann\u00e9e passe, avec des r\u00e9unions, des d\u00e9placements, des dossiers \u00e0 remplir, des coups de fil nombreux... et puis nous y voil\u00e0, c'est dans une semaine! Apr\u00e8s une r\u00e9union de signaleurs ce jeudi soir, nos fameux \"gardiens de carrefours\" si pr\u00e9cieux et tellement indispensables, le coup d'envoi des \"3 jours\"\u2026","rel":"","context":"Dans &quot;Non class\u00e9&quot;","block_context":{"text":"Non class\u00e9","link":"https:\/\/3joursdecherbourg.fr\/?cat=1"},"img":{"alt_text":"","src":"https:\/\/i0.wp.com\/3joursdecherbourg.fr\/wp-content\/uploads\/2024\/08\/IMG_0736-1024x683.jpg?resize=350%2C200&ssl=1","width":350,"height":200,"srcset":"https:\/\/i0.wp.com\/3joursdecherbourg.fr\/wp-content\/uploads\/2024\/08\/IMG_0736-1024x683.jpg?resize=350%2C200&ssl=1 1x, https:\/\/i0.wp.com\/3joursdecherbourg.fr\/wp-content\/uploads\/2024\/08\/IMG_0736-1024x683.jpg?resize=525%2C300&ssl=1 1.5x"},"classes":[]}],"jetpack_likes_enabled":false,"jetpack_sharing_enabled":true,"_links":{"self":[{"href":"https:\/\/3joursdecherbourg.fr\/index.php?rest_route=\/wp\/v2\/posts\/709","targetHints":{"allow":["GET"]}}],"collection":[{"href":"https:\/\/3joursdecherbourg.fr\/index.php?rest_route=\/wp\/v2\/posts"}],"about":[{"href":"https:\/\/3joursdecherbourg.fr\/index.php?rest_route=\/wp\/v2\/types\/post"}],"author":[{"embeddable":true,"href":"https:\/\/3joursdecherbourg.fr\/index.php?rest_route=\/wp\/v2\/users\/1"}],"replies":[{"embeddable":true,"href":"https:\/\/3joursdecherbourg.fr\/index.php?rest_route=%2Fwp%2Fv2%2Fcomments&post=709"}],"version-history":[{"count":4,"href":"https:\/\/3joursdecherbourg.fr\/index.php?rest_route=\/wp\/v2\/posts\/709\/revisions"}],"predecessor-version":[{"id":721,"href":"https:\/\/3joursdecherbourg.fr\/index.php?rest_route=\/wp\/v2\/posts\/709\/revisions\/721"}],"wp:attachment":[{"href":"https:\/\/3joursdecherbourg.fr\/index.php?rest_route=%2Fwp%2Fv2%2Fmedia&parent=709"}],"wp:term":[{"taxonomy":"category","embeddable":true,"href":"https:\/\/3joursdecherbourg.fr\/index.php?rest_route=%2Fwp%2Fv2%2Fcategories&post=709"},{"taxonomy":"post_tag","embeddable":true,"href":"https:\/\/3joursdecherbourg.fr\/index.php?rest_route=%2Fwp%2Fv2%2Ftags&post=709"}],"curies":[{"name":"wp","href":"https:\/\/api.w.org\/{rel}","templated":true}]}}