{"id":722,"date":"2017-09-02T19:36:29","date_gmt":"2017-09-02T17:36:29","guid":{"rendered":"http:\/\/3joursdecherbourg.fr\/?p=722"},"modified":"2017-09-03T09:17:40","modified_gmt":"2017-09-03T07:17:40","slug":"la-belgique-aime-le-cotentin","status":"publish","type":"post","link":"https:\/\/3joursdecherbourg.fr\/?p=722","title":{"rendered":"La Belgique aime le Cotentin"},"content":{"rendered":"<p><strong>Jordi Warlop<\/strong> et <strong>Maxime De Poorter<\/strong>, de l&rsquo;\u00e9quipe EFC-L&amp;R-Vulstecke, ont fait fort pour cette 2\u00e8me \u00e9tape des 3 Jours de Cherbourg. Un nouveau parcours truff\u00e9 de difficult\u00e9s que nos amis belges ont su n\u00e9gocier parfaitement. Et si <strong>Samuel Leroux<\/strong> (CC Nogent-sur-Oise) garde la tunique blanche de leader, rien n&rsquo;est fait, la troisi\u00e8me \u00e9tape de Dimanche sera d\u00e9terminante jusqu&rsquo;\u00e0 la c\u00f4te des Aiguillons, \u00e0 2km de l&rsquo;arriv\u00e9e.<\/p>\n<p>Pour les classements grimpeurs et points chaud, <strong>Alexis Gu\u00e9rin<\/strong>, VC Rouen 76, pr\u00e9sent dans l&rsquo;\u00e9chapp\u00e9e de la journ\u00e9e, s&rsquo;est montr\u00e9 insatiable!<\/p>\n<ul>\n<li><a href=\"https:\/\/3joursdecherbourg.fr\/wp-content\/uploads\/2017\/09\/ETAPE-2.pdf\">2\u00e8me \u00e9tape<\/a><\/li>\n<li><a href=\"https:\/\/3joursdecherbourg.fr\/wp-content\/uploads\/2017\/09\/GRIMPEUR-ETAPE-2.pdf\">grimpeurs<\/a><\/li>\n<li><a href=\"https:\/\/3joursdecherbourg.fr\/wp-content\/uploads\/2017\/09\/POINTS-ETAPE-2.pdf\">points chauds<\/a><\/li>\n<li><a href=\"https:\/\/3joursdecherbourg.fr\/wp-content\/uploads\/2017\/09\/EQUIPE-ETAPE-2.pdf\">\u00e9quipes<\/a><\/li>\n<\/ul>\n<p>Classement g\u00e9n\u00e9ral:<\/p>\n<ul>\n<li><a href=\"https:\/\/3joursdecherbourg.fr\/wp-content\/uploads\/2017\/09\/GENERAL-2.pdf\">\u00e9tapes<\/a><\/li>\n<li><a href=\"https:\/\/3joursdecherbourg.fr\/wp-content\/uploads\/2017\/09\/GRIMPEUR-GENERAL-ETAPE-2.pdf\">grimpeurs<\/a><\/li>\n<li><a href=\"https:\/\/3joursdecherbourg.fr\/wp-content\/uploads\/2017\/09\/POINTS-GENERAL-ETAPE-2.pdf\">points chauds<\/a><\/li>\n<li><a href=\"https:\/\/3joursdecherbourg.fr\/wp-content\/uploads\/2017\/09\/EQUIPE-GENERAL-ETAPE-2.pdf\">\u00e9quipes<\/a><\/li>\n<\/ul>\n<div id=\"attachment_733\" style=\"width: 650px\" class=\"wp-caption aligncenter\"><a href=\"https:\/\/i0.wp.com\/3joursdecherbourg.fr\/wp-content\/uploads\/2017\/09\/DSC_1499.jpg?ssl=1\"><img data-recalc-dims=\"1\" loading=\"lazy\" decoding=\"async\" aria-describedby=\"caption-attachment-733\" data-attachment-id=\"733\" data-permalink=\"https:\/\/3joursdecherbourg.fr\/?attachment_id=733\" data-orig-file=\"https:\/\/i0.wp.com\/3joursdecherbourg.fr\/wp-content\/uploads\/2017\/09\/DSC_1499.jpg?fit=1504%2C1000&amp;ssl=1\" data-orig-size=\"1504,1000\" data-comments-opened=\"1\" data-image-meta=\"{&quot;aperture&quot;:&quot;7.1&quot;,&quot;credit&quot;:&quot;&quot;,&quot;camera&quot;:&quot;NIKON D50&quot;,&quot;caption&quot;:&quot;&quot;,&quot;created_timestamp&quot;:&quot;1504271190&quot;,&quot;copyright&quot;:&quot;&quot;,&quot;focal_length&quot;:&quot;50&quot;,&quot;iso&quot;:&quot;0&quot;,&quot;shutter_speed&quot;:&quot;0.005&quot;,&quot;title&quot;:&quot;&quot;,&quot;orientation&quot;:&quot;1&quot;}\" data-image-title=\"DSC_1499\" data-image-description=\"\" data-image-caption=\"&lt;p&gt;L&amp;rsquo;\u00e9quipe du jour&lt;\/p&gt;\n\" data-medium-file=\"https:\/\/i0.wp.com\/3joursdecherbourg.fr\/wp-content\/uploads\/2017\/09\/DSC_1499.jpg?fit=300%2C199&amp;ssl=1\" data-large-file=\"https:\/\/i0.wp.com\/3joursdecherbourg.fr\/wp-content\/uploads\/2017\/09\/DSC_1499.jpg?fit=640%2C426&amp;ssl=1\" class=\"size-large wp-image-733\" src=\"https:\/\/i0.wp.com\/3joursdecherbourg.fr\/wp-content\/uploads\/2017\/09\/DSC_1499.jpg?resize=640%2C426&#038;ssl=1\" alt=\"\" width=\"640\" height=\"426\" srcset=\"https:\/\/i0.wp.com\/3joursdecherbourg.fr\/wp-content\/uploads\/2017\/09\/DSC_1499.jpg?resize=1024%2C681&amp;ssl=1 1024w, https:\/\/i0.wp.com\/3joursdecherbourg.fr\/wp-content\/uploads\/2017\/09\/DSC_1499.jpg?resize=300%2C199&amp;ssl=1 300w, https:\/\/i0.wp.com\/3joursdecherbourg.fr\/wp-content\/uploads\/2017\/09\/DSC_1499.jpg?resize=768%2C511&amp;ssl=1 768w, https:\/\/i0.wp.com\/3joursdecherbourg.fr\/wp-content\/uploads\/2017\/09\/DSC_1499.jpg?w=1504&amp;ssl=1 1504w, https:\/\/i0.wp.com\/3joursdecherbourg.fr\/wp-content\/uploads\/2017\/09\/DSC_1499.jpg?w=1280&amp;ssl=1 1280w\" sizes=\"auto, (max-width: 640px) 100vw, 640px\" \/><\/a><p id=\"caption-attachment-733\" class=\"wp-caption-text\">L&rsquo;\u00e9quipe du jour<\/p><\/div>\n","protected":false},"excerpt":{"rendered":"<p>Jordi Warlop et Maxime De Poorter, de l&rsquo;\u00e9quipe EFC-L&amp;R-Vulstecke, ont fait fort pour cette 2\u00e8me \u00e9tape des 3 Jours de Cherbourg. Un nouveau parcours truff\u00e9 de difficult\u00e9s que nos amis belges ont su n\u00e9gocier parfaitement. Et si Samuel Leroux (CC &hellip; <a href=\"https:\/\/3joursdecherbourg.fr\/?p=722\">Continuer la lecture <span class=\"meta-nav\">&rarr;<\/span><\/a><\/p>\n","protected":false},"author":1,"featured_media":0,"comment_status":"open","ping_status":"open","sticky":false,"template":"","format":"standard","meta":{"_jetpack_newsletter_access":"","_jetpack_dont_email_post_to_subs":false,"_jetpack_newsletter_tier_id":0,"_jetpack_memberships_contains_paywalled_content":false,"_jetpack_memberships_contains_paid_content":false,"footnotes":""},"categories":[1],"tags":[],"class_list":["post-722","post","type-post","status-publish","format-standard","hentry","category-non-classe"],"jetpack_featured_media_url":"","jetpack_shortlink":"https:\/\/wp.me\/p8fpGS-bE","jetpack-related-posts":[{"id":739,"url":"https:\/\/3joursdecherbourg.fr\/?p=739","url_meta":{"origin":722,"position":0},"title":"Les Espoirs dominent aux 3 jours de Cherbourg","author":"admin3809","date":"3 septembre 2017","format":false,"excerpt":"C'est une troisi\u00e8me \u00e9tape particuli\u00e8rement pluvieuse (une fois n'est pas coutume) qui a tenu toutes ses promesses pour d\u00e9partager les laur\u00e9ats de ces 3 jours, et qui a tenu en haleine les nombreux spectateurs jusqu'au passage de la troisi\u00e8me et derni\u00e8re ligne d'arriv\u00e9e. Fabien RONDEAU, VC Rouen 76 a r\u00e9alis\u00e9\u2026","rel":"","context":"Dans &quot;Non class\u00e9&quot;","block_context":{"text":"Non class\u00e9","link":"https:\/\/3joursdecherbourg.fr\/?cat=1"},"img":{"alt_text":"","src":"https:\/\/i0.wp.com\/3joursdecherbourg.fr\/wp-content\/uploads\/2017\/09\/DSC_1544-e1504462816236-199x300.jpg?resize=350%2C200","width":350,"height":200},"classes":[]},{"id":4099,"url":"https:\/\/3joursdecherbourg.fr\/?p=4099","url_meta":{"origin":722,"position":1},"title":"Les circuits","author":"admin3809","date":"10 mars 2023","format":false,"excerpt":"Les 3 jours de Cherbourg en Cotentin prennent forme. Les circuits ont \u00e9t\u00e9 valid\u00e9s par l'Amicale Cycliste en lien notamment avec la commune de Bricquebec-en-Cotentin qui verra l'arriv\u00e9e de\u00a0 la premi\u00e8re \u00e9tape parcourir tout le territoire de cette commune nouvelle. Ils seront prochainement pr\u00e9sent\u00e9s aux autorit\u00e9s administratives. Vous pouvez les\u2026","rel":"","context":"Dans &quot;Non class\u00e9&quot;","block_context":{"text":"Non class\u00e9","link":"https:\/\/3joursdecherbourg.fr\/?cat=1"},"img":{"alt_text":"","src":"","width":0,"height":0},"classes":[]},{"id":2196,"url":"https:\/\/3joursdecherbourg.fr\/?p=2196","url_meta":{"origin":722,"position":2},"title":"Les \u00e9tapes 2020&#8230;","author":"admin3809","date":"24 f\u00e9vrier 2020","format":false,"excerpt":"A presque six mois de la 41\u00e8me \u00e9dition des \"3 Jours de Cherbourg en Cotentin\", l'\u00e9quipe organisatrice s'affaire de tous bords. D\u00e9j\u00e0 27 \u00e9quipes ont postul\u00e9 pour participer. Quelques une encore sont attendues et la s\u00e9lection se fera courant mars. C'est h\u00e9las une fois de plus le budget qui d\u00e9terminera\u2026","rel":"","context":"Dans &quot;Non class\u00e9&quot;","block_context":{"text":"Non class\u00e9","link":"https:\/\/3joursdecherbourg.fr\/?cat=1"},"img":{"alt_text":"","src":"https:\/\/i0.wp.com\/3joursdecherbourg.fr\/wp-content\/uploads\/2020\/02\/DSC_2857-1-1024x514.jpg?resize=350%2C200","width":350,"height":200,"srcset":"https:\/\/i0.wp.com\/3joursdecherbourg.fr\/wp-content\/uploads\/2020\/02\/DSC_2857-1-1024x514.jpg?resize=350%2C200 1x, https:\/\/i0.wp.com\/3joursdecherbourg.fr\/wp-content\/uploads\/2020\/02\/DSC_2857-1-1024x514.jpg?resize=525%2C300 1.5x"},"classes":[]},{"id":1897,"url":"https:\/\/3joursdecherbourg.fr\/?p=1897","url_meta":{"origin":722,"position":3},"title":"Pr\u00e9sentation des maillots","author":"admin3809","date":"1 septembre 2019","format":false,"excerpt":"Les \"3 jours de Cherbourg en Cotentin\" sont\u00a0 - presque - partis...! C'\u00e9tait en effet vendredi soir, \u00e0 la concessions Mary Automobiles Peugeot, la pr\u00e9sentation des maillots. Une premi\u00e8re \u00e9tape toute en symboles car elle repr\u00e9sente l'attachement de nos partenaires \u00e0 notre \u00e9preuve et l'occasion pour eux d'affirmer les valeurs\u2026","rel":"","context":"Dans &quot;Non class\u00e9&quot;","block_context":{"text":"Non class\u00e9","link":"https:\/\/3joursdecherbourg.fr\/?cat=1"},"img":{"alt_text":"","src":"https:\/\/i0.wp.com\/3joursdecherbourg.fr\/wp-content\/uploads\/2019\/09\/DSCF5413-1024x563.jpg?resize=350%2C200","width":350,"height":200,"srcset":"https:\/\/i0.wp.com\/3joursdecherbourg.fr\/wp-content\/uploads\/2019\/09\/DSCF5413-1024x563.jpg?resize=350%2C200 1x, https:\/\/i0.wp.com\/3joursdecherbourg.fr\/wp-content\/uploads\/2019\/09\/DSCF5413-1024x563.jpg?resize=525%2C300 1.5x"},"classes":[]},{"id":1052,"url":"https:\/\/3joursdecherbourg.fr\/?p=1052","url_meta":{"origin":722,"position":4},"title":"La s\u00e9lection difficile","author":"admin3809","date":"25 mai 2018","format":false,"excerpt":"30 \u00e9quipes ont fait part de leur intention de participer \u00e0 notre \u00e9preuve. Dont 8 \u00e9trang\u00e8res et une neuvi\u00e8me a pris contact. C'est la preuve de l'int\u00e9r\u00eat port\u00e9 aux \"3 jours de Cherbourg\". Notre budget ne nous permet h\u00e9las de retenir que 22 \u00e9quipes de 5 coureurs, dont 3 \u00e9trang\u00e8res\u2026","rel":"","context":"Dans &quot;Non class\u00e9&quot;","block_context":{"text":"Non class\u00e9","link":"https:\/\/3joursdecherbourg.fr\/?cat=1"},"img":{"alt_text":"","src":"https:\/\/i0.wp.com\/3joursdecherbourg.fr\/wp-content\/uploads\/2018\/05\/Maillot-leader-282x300.jpg?resize=350%2C200","width":350,"height":200},"classes":[]},{"id":2280,"url":"https:\/\/3joursdecherbourg.fr\/?p=2280","url_meta":{"origin":722,"position":5},"title":"Paul Mabire s&rsquo;est \u00e9chapp\u00e9&#8230;","author":"admin3809","date":"24 d\u00e9cembre 2020","format":false,"excerpt":"Un grand nom du cyclisme \"Popaul\", oui, un grand nom! A l'approche de ses 70 ans, il s'est lanc\u00e9 dans la derni\u00e8re \u00e9chapp\u00e9e, celle o\u00f9 nous ne le reverrons que quand nous franchirons \u00e0 notre tour la ligne d'arriv\u00e9e. Les r\u00e9actions ont \u00e9t\u00e9 unanimes pour vanter ses qualit\u00e9s, sa personnalit\u00e9,\u2026","rel":"","context":"Dans &quot;Non class\u00e9&quot;","block_context":{"text":"Non class\u00e9","link":"https:\/\/3joursdecherbourg.fr\/?cat=1"},"img":{"alt_text":"","src":"https:\/\/i0.wp.com\/3joursdecherbourg.fr\/wp-content\/uploads\/2020\/12\/15327640941325MabirePaul-200x300.jpg?resize=350%2C200","width":350,"height":200},"classes":[]}],"jetpack_likes_enabled":false,"jetpack_sharing_enabled":true,"_links":{"self":[{"href":"https:\/\/3joursdecherbourg.fr\/index.php?rest_route=\/wp\/v2\/posts\/722","targetHints":{"allow":["GET"]}}],"collection":[{"href":"https:\/\/3joursdecherbourg.fr\/index.php?rest_route=\/wp\/v2\/posts"}],"about":[{"href":"https:\/\/3joursdecherbourg.fr\/index.php?rest_route=\/wp\/v2\/types\/post"}],"author":[{"embeddable":true,"href":"https:\/\/3joursdecherbourg.fr\/index.php?rest_route=\/wp\/v2\/users\/1"}],"replies":[{"embeddable":true,"href":"https:\/\/3joursdecherbourg.fr\/index.php?rest_route=%2Fwp%2Fv2%2Fcomments&post=722"}],"version-history":[{"count":6,"href":"https:\/\/3joursdecherbourg.fr\/index.php?rest_route=\/wp\/v2\/posts\/722\/revisions"}],"predecessor-version":[{"id":738,"href":"https:\/\/3joursdecherbourg.fr\/index.php?rest_route=\/wp\/v2\/posts\/722\/revisions\/738"}],"wp:attachment":[{"href":"https:\/\/3joursdecherbourg.fr\/index.php?rest_route=%2Fwp%2Fv2%2Fmedia&parent=722"}],"wp:term":[{"taxonomy":"category","embeddable":true,"href":"https:\/\/3joursdecherbourg.fr\/index.php?rest_route=%2Fwp%2Fv2%2Fcategories&post=722"},{"taxonomy":"post_tag","embeddable":true,"href":"https:\/\/3joursdecherbourg.fr\/index.php?rest_route=%2Fwp%2Fv2%2Ftags&post=722"}],"curies":[{"name":"wp","href":"https:\/\/api.w.org\/{rel}","templated":true}]}}