{"id":739,"date":"2017-09-03T20:25:30","date_gmt":"2017-09-03T18:25:30","guid":{"rendered":"http:\/\/3joursdecherbourg.fr\/?p=739"},"modified":"2017-09-03T20:25:30","modified_gmt":"2017-09-03T18:25:30","slug":"les-espoirs-dominent-aux-3-jours-de-cherbourg","status":"publish","type":"post","link":"https:\/\/3joursdecherbourg.fr\/?p=739","title":{"rendered":"Les Espoirs dominent aux 3 jours de Cherbourg"},"content":{"rendered":"<p>C&rsquo;est une troisi\u00e8me \u00e9tape particuli\u00e8rement pluvieuse (une fois n&rsquo;est pas coutume) qui a tenu toutes ses promesses pour d\u00e9partager les laur\u00e9ats de ces 3 jours, et qui a tenu en haleine les nombreux spectateurs jusqu&rsquo;au passage de la troisi\u00e8me et derni\u00e8re ligne d&rsquo;arriv\u00e9e.<\/p>\n<p><strong>Fabien RONDEAU<\/strong>, VC Rouen 76 a r\u00e9alis\u00e9 un v\u00e9ritable num\u00e9ro sur les routes d\u00e9tremp\u00e9es de La Hague et a brillamment remport\u00e9 cette \u00e9tape.<\/p>\n<p>Au classement g\u00e9n\u00e9ral, c&rsquo;est <strong>Maxime DE POORTER<\/strong>, EFC-L&amp;R-Vulsteke, qui inscrit son nom au palmar\u00e8s devant Mathieu BURGAUDEAU, Vend\u00e9e U, d\u00e9partag\u00e9s \u00e0 la place. Maxime RENAULT, Sojasun espoirs compl\u00e8te le podium.<\/p>\n<p><strong>Alexis GUERIN, <\/strong>VC Rouen 76, conserve son avance acquise lors de la deuxi\u00e8me \u00e9tape et remporte le classement des grimpeurs et le classement par points.<\/p>\n<p><strong>SOJASUN Espoirs<\/strong> s&rsquo;est montr\u00e9e la plus solide et remporte le classement final par \u00e9quipes.<\/p>\n<p>Bravo \u00e0 tous et vive les futurs 39\u00e8mes <em><strong>\u00ab\u00a03 jours de Cherbourg\u00a0\u00bb<\/strong><\/em><\/p>\n<ul>\n<li><a href=\"https:\/\/3joursdecherbourg.fr\/wp-content\/uploads\/2017\/09\/ETAPE-3.pdf\">3\u00e8me \u00e9tape<\/a><\/li>\n<li><a href=\"https:\/\/3joursdecherbourg.fr\/wp-content\/uploads\/2017\/09\/GRIMPEUR-3.pdf\">Grimpeurs<\/a><\/li>\n<li><a href=\"https:\/\/3joursdecherbourg.fr\/wp-content\/uploads\/2017\/09\/POINTS-3.pdf\">Points<\/a><\/li>\n<li><a href=\"https:\/\/3joursdecherbourg.fr\/wp-content\/uploads\/2017\/09\/EQUIPE-3.pdf\">Equipe<\/a><\/li>\n<\/ul>\n<p>Classement g\u00e9n\u00e9ral final:<\/p>\n<ul>\n<li><a href=\"https:\/\/3joursdecherbourg.fr\/wp-content\/uploads\/2017\/09\/GENERAL-3.pdf\">Etapes<\/a><\/li>\n<li><a href=\"https:\/\/3joursdecherbourg.fr\/wp-content\/uploads\/2017\/09\/GRIMPEUR-GENERAL-3.pdf\">Grimpeurs<\/a><\/li>\n<li><a href=\"https:\/\/3joursdecherbourg.fr\/wp-content\/uploads\/2017\/09\/POINTS-GENERAL-3.pdf\">Points<\/a><\/li>\n<li><a href=\"https:\/\/3joursdecherbourg.fr\/wp-content\/uploads\/2017\/09\/EQUIPE-GENERAL-3.pdf\">Equipe<\/a><\/li>\n<\/ul>\n<div id=\"attachment_749\" style=\"width: 209px\" class=\"wp-caption alignleft\"><a href=\"https:\/\/i0.wp.com\/3joursdecherbourg.fr\/wp-content\/uploads\/2017\/09\/DSC_1544-e1504462816236.jpg?ssl=1\"><img data-recalc-dims=\"1\" loading=\"lazy\" decoding=\"async\" aria-describedby=\"caption-attachment-749\" data-attachment-id=\"749\" data-permalink=\"https:\/\/3joursdecherbourg.fr\/?attachment_id=749\" data-orig-file=\"https:\/\/i0.wp.com\/3joursdecherbourg.fr\/wp-content\/uploads\/2017\/09\/DSC_1544-e1504462816236.jpg?fit=1000%2C1504&amp;ssl=1\" data-orig-size=\"1000,1504\" data-comments-opened=\"1\" data-image-meta=\"{&quot;aperture&quot;:&quot;5.6&quot;,&quot;credit&quot;:&quot;&quot;,&quot;camera&quot;:&quot;NIKON D50&quot;,&quot;caption&quot;:&quot;&quot;,&quot;created_timestamp&quot;:&quot;1504457318&quot;,&quot;copyright&quot;:&quot;&quot;,&quot;focal_length&quot;:&quot;55&quot;,&quot;iso&quot;:&quot;0&quot;,&quot;shutter_speed&quot;:&quot;0.0125&quot;,&quot;title&quot;:&quot;&quot;,&quot;orientation&quot;:&quot;6&quot;}\" data-image-title=\"DSC_1544\" data-image-description=\"\" data-image-caption=\"&lt;p&gt;Heureux d&amp;rsquo;avoir gagn\u00e9 les 3 jours&amp;#8230; et d&amp;rsquo;\u00eatre bien entour\u00e9!&lt;\/p&gt;\n\" data-medium-file=\"https:\/\/i0.wp.com\/3joursdecherbourg.fr\/wp-content\/uploads\/2017\/09\/DSC_1544-e1504462816236.jpg?fit=199%2C300&amp;ssl=1\" data-large-file=\"https:\/\/i0.wp.com\/3joursdecherbourg.fr\/wp-content\/uploads\/2017\/09\/DSC_1544-e1504462816236.jpg?fit=640%2C962&amp;ssl=1\" class=\"wp-image-749 size-medium\" src=\"https:\/\/i0.wp.com\/3joursdecherbourg.fr\/wp-content\/uploads\/2017\/09\/DSC_1544-e1504462816236-199x300.jpg?resize=199%2C300&#038;ssl=1\" alt=\"\" width=\"199\" height=\"300\" srcset=\"https:\/\/i0.wp.com\/3joursdecherbourg.fr\/wp-content\/uploads\/2017\/09\/DSC_1544-e1504462816236.jpg?resize=199%2C300&amp;ssl=1 199w, https:\/\/i0.wp.com\/3joursdecherbourg.fr\/wp-content\/uploads\/2017\/09\/DSC_1544-e1504462816236.jpg?resize=768%2C1155&amp;ssl=1 768w, https:\/\/i0.wp.com\/3joursdecherbourg.fr\/wp-content\/uploads\/2017\/09\/DSC_1544-e1504462816236.jpg?resize=681%2C1024&amp;ssl=1 681w, https:\/\/i0.wp.com\/3joursdecherbourg.fr\/wp-content\/uploads\/2017\/09\/DSC_1544-e1504462816236.jpg?w=1000&amp;ssl=1 1000w\" sizes=\"auto, (max-width: 199px) 100vw, 199px\" \/><\/a><p id=\"caption-attachment-749\" class=\"wp-caption-text\">Heureux d&rsquo;avoir gagn\u00e9 les 3 jours&#8230; et d&rsquo;\u00eatre bien entour\u00e9!<\/p><\/div>\n<div id=\"attachment_750\" style=\"width: 310px\" class=\"wp-caption alignleft\"><a href=\"https:\/\/i0.wp.com\/3joursdecherbourg.fr\/wp-content\/uploads\/2017\/09\/DSC_1546.jpg?ssl=1\"><img data-recalc-dims=\"1\" loading=\"lazy\" decoding=\"async\" aria-describedby=\"caption-attachment-750\" data-attachment-id=\"750\" data-permalink=\"https:\/\/3joursdecherbourg.fr\/?attachment_id=750\" data-orig-file=\"https:\/\/i0.wp.com\/3joursdecherbourg.fr\/wp-content\/uploads\/2017\/09\/DSC_1546.jpg?fit=1504%2C1000&amp;ssl=1\" data-orig-size=\"1504,1000\" data-comments-opened=\"1\" data-image-meta=\"{&quot;aperture&quot;:&quot;5.6&quot;,&quot;credit&quot;:&quot;&quot;,&quot;camera&quot;:&quot;NIKON D50&quot;,&quot;caption&quot;:&quot;&quot;,&quot;created_timestamp&quot;:&quot;1504457558&quot;,&quot;copyright&quot;:&quot;&quot;,&quot;focal_length&quot;:&quot;30&quot;,&quot;iso&quot;:&quot;0&quot;,&quot;shutter_speed&quot;:&quot;0.008&quot;,&quot;title&quot;:&quot;&quot;,&quot;orientation&quot;:&quot;1&quot;}\" data-image-title=\"DSC_1546\" data-image-description=\"\" data-image-caption=\"&lt;p&gt;Une corbeille de produits du terroir pour l&amp;rsquo;\u00e9quipe Sojasun, qui a l&amp;rsquo;air d&amp;rsquo;appr\u00e9cier\u00a7&lt;\/p&gt;\n\" data-medium-file=\"https:\/\/i0.wp.com\/3joursdecherbourg.fr\/wp-content\/uploads\/2017\/09\/DSC_1546.jpg?fit=300%2C199&amp;ssl=1\" data-large-file=\"https:\/\/i0.wp.com\/3joursdecherbourg.fr\/wp-content\/uploads\/2017\/09\/DSC_1546.jpg?fit=640%2C426&amp;ssl=1\" class=\"size-medium wp-image-750\" src=\"https:\/\/i0.wp.com\/3joursdecherbourg.fr\/wp-content\/uploads\/2017\/09\/DSC_1546.jpg?resize=300%2C199&#038;ssl=1\" alt=\"\" width=\"300\" height=\"199\" srcset=\"https:\/\/i0.wp.com\/3joursdecherbourg.fr\/wp-content\/uploads\/2017\/09\/DSC_1546.jpg?resize=300%2C199&amp;ssl=1 300w, https:\/\/i0.wp.com\/3joursdecherbourg.fr\/wp-content\/uploads\/2017\/09\/DSC_1546.jpg?resize=768%2C511&amp;ssl=1 768w, https:\/\/i0.wp.com\/3joursdecherbourg.fr\/wp-content\/uploads\/2017\/09\/DSC_1546.jpg?resize=1024%2C681&amp;ssl=1 1024w, https:\/\/i0.wp.com\/3joursdecherbourg.fr\/wp-content\/uploads\/2017\/09\/DSC_1546.jpg?w=1504&amp;ssl=1 1504w, https:\/\/i0.wp.com\/3joursdecherbourg.fr\/wp-content\/uploads\/2017\/09\/DSC_1546.jpg?w=1280&amp;ssl=1 1280w\" sizes=\"auto, (max-width: 300px) 100vw, 300px\" \/><\/a><p id=\"caption-attachment-750\" class=\"wp-caption-text\">Une corbeille de produits du terroir pour l&rsquo;\u00e9quipe Sojasun, qui a l&rsquo;air d&rsquo;appr\u00e9cier!<\/p><\/div>\n<div id=\"attachment_751\" style=\"width: 310px\" class=\"wp-caption aligncenter\"><a href=\"https:\/\/i0.wp.com\/3joursdecherbourg.fr\/wp-content\/uploads\/2017\/09\/DSC_1552.jpg?ssl=1\"><img data-recalc-dims=\"1\" loading=\"lazy\" decoding=\"async\" aria-describedby=\"caption-attachment-751\" data-attachment-id=\"751\" data-permalink=\"https:\/\/3joursdecherbourg.fr\/?attachment_id=751\" data-orig-file=\"https:\/\/i0.wp.com\/3joursdecherbourg.fr\/wp-content\/uploads\/2017\/09\/DSC_1552.jpg?fit=1504%2C1000&amp;ssl=1\" data-orig-size=\"1504,1000\" data-comments-opened=\"1\" data-image-meta=\"{&quot;aperture&quot;:&quot;4.2&quot;,&quot;credit&quot;:&quot;&quot;,&quot;camera&quot;:&quot;NIKON D50&quot;,&quot;caption&quot;:&quot;&quot;,&quot;created_timestamp&quot;:&quot;1504457636&quot;,&quot;copyright&quot;:&quot;&quot;,&quot;focal_length&quot;:&quot;28&quot;,&quot;iso&quot;:&quot;0&quot;,&quot;shutter_speed&quot;:&quot;0.008&quot;,&quot;title&quot;:&quot;&quot;,&quot;orientation&quot;:&quot;1&quot;}\" data-image-title=\"DSC_1552\" data-image-description=\"\" data-image-caption=\"&lt;p&gt;Les diff\u00e9rents laur\u00e9ats des 3 jours.&lt;\/p&gt;\n\" data-medium-file=\"https:\/\/i0.wp.com\/3joursdecherbourg.fr\/wp-content\/uploads\/2017\/09\/DSC_1552.jpg?fit=300%2C199&amp;ssl=1\" data-large-file=\"https:\/\/i0.wp.com\/3joursdecherbourg.fr\/wp-content\/uploads\/2017\/09\/DSC_1552.jpg?fit=640%2C426&amp;ssl=1\" class=\"size-medium wp-image-751\" src=\"https:\/\/i0.wp.com\/3joursdecherbourg.fr\/wp-content\/uploads\/2017\/09\/DSC_1552.jpg?resize=300%2C199&#038;ssl=1\" alt=\"\" width=\"300\" height=\"199\" srcset=\"https:\/\/i0.wp.com\/3joursdecherbourg.fr\/wp-content\/uploads\/2017\/09\/DSC_1552.jpg?resize=300%2C199&amp;ssl=1 300w, https:\/\/i0.wp.com\/3joursdecherbourg.fr\/wp-content\/uploads\/2017\/09\/DSC_1552.jpg?resize=768%2C511&amp;ssl=1 768w, https:\/\/i0.wp.com\/3joursdecherbourg.fr\/wp-content\/uploads\/2017\/09\/DSC_1552.jpg?resize=1024%2C681&amp;ssl=1 1024w, https:\/\/i0.wp.com\/3joursdecherbourg.fr\/wp-content\/uploads\/2017\/09\/DSC_1552.jpg?w=1504&amp;ssl=1 1504w, https:\/\/i0.wp.com\/3joursdecherbourg.fr\/wp-content\/uploads\/2017\/09\/DSC_1552.jpg?w=1280&amp;ssl=1 1280w\" sizes=\"auto, (max-width: 300px) 100vw, 300px\" \/><\/a><p id=\"caption-attachment-751\" class=\"wp-caption-text\">Les diff\u00e9rents laur\u00e9ats des 3 jours.<\/p><\/div>\n","protected":false},"excerpt":{"rendered":"<p>C&rsquo;est une troisi\u00e8me \u00e9tape particuli\u00e8rement pluvieuse (une fois n&rsquo;est pas coutume) qui a tenu toutes ses promesses pour d\u00e9partager les laur\u00e9ats de ces 3 jours, et qui a tenu en haleine les nombreux spectateurs jusqu&rsquo;au passage de la troisi\u00e8me et &hellip; <a href=\"https:\/\/3joursdecherbourg.fr\/?p=739\">Continuer la lecture <span class=\"meta-nav\">&rarr;<\/span><\/a><\/p>\n","protected":false},"author":1,"featured_media":0,"comment_status":"open","ping_status":"open","sticky":false,"template":"","format":"standard","meta":{"_jetpack_newsletter_access":"","_jetpack_dont_email_post_to_subs":false,"_jetpack_newsletter_tier_id":0,"_jetpack_memberships_contains_paywalled_content":false,"_jetpack_memberships_contains_paid_content":false,"footnotes":""},"categories":[1],"tags":[],"class_list":["post-739","post","type-post","status-publish","format-standard","hentry","category-non-classe"],"jetpack_featured_media_url":"","jetpack_shortlink":"https:\/\/wp.me\/p8fpGS-bV","jetpack-related-posts":[{"id":722,"url":"https:\/\/3joursdecherbourg.fr\/?p=722","url_meta":{"origin":739,"position":0},"title":"La Belgique aime le Cotentin","author":"admin3809","date":"2 septembre 2017","format":false,"excerpt":"Jordi Warlop et Maxime De Poorter, de l'\u00e9quipe EFC-L&R-Vulstecke, ont fait fort pour cette 2\u00e8me \u00e9tape des 3 Jours de Cherbourg. Un nouveau parcours truff\u00e9 de difficult\u00e9s que nos amis belges ont su n\u00e9gocier parfaitement. Et si Samuel Leroux (CC Nogent-sur-Oise) garde la tunique blanche de leader, rien n'est fait,\u2026","rel":"","context":"Dans &quot;Non class\u00e9&quot;","block_context":{"text":"Non class\u00e9","link":"https:\/\/3joursdecherbourg.fr\/?cat=1"},"img":{"alt_text":"","src":"https:\/\/i0.wp.com\/3joursdecherbourg.fr\/wp-content\/uploads\/2017\/09\/DSC_1499-1024x681.jpg?resize=350%2C200","width":350,"height":200,"srcset":"https:\/\/i0.wp.com\/3joursdecherbourg.fr\/wp-content\/uploads\/2017\/09\/DSC_1499-1024x681.jpg?resize=350%2C200 1x, https:\/\/i0.wp.com\/3joursdecherbourg.fr\/wp-content\/uploads\/2017\/09\/DSC_1499-1024x681.jpg?resize=525%2C300 1.5x"},"classes":[]},{"id":5531,"url":"https:\/\/3joursdecherbourg.fr\/?p=5531","url_meta":{"origin":739,"position":1},"title":"Les 3 Jours de Cherbourg 2025 : promesse tenue pour la 45\u1d49 \u00e9dition","author":"admin3809","date":"10 septembre 2025","format":false,"excerpt":"Du 5 au 7 septembre 2025, les routes du Cotentin ont vibr\u00e9 au rythme de la 45\u1d49 \u00e9dition des\u00a03 Jours de Cherbourg-en-Cotentin, \u00e9preuve phare du calendrier national \u00e9lite. Apr\u00e8s une \u00e9dition 2024 marqu\u00e9e par le sacre du Manchois Yohann Simon, l\u2019\u00e9preuve s\u2019annon\u00e7ait prometteuse. Elle n\u2019a pas d\u00e9\u00e7u.Sous le parrainage de\u00a0Marcel\u2026","rel":"","context":"Dans &quot;Non class\u00e9&quot;","block_context":{"text":"Non class\u00e9","link":"https:\/\/3joursdecherbourg.fr\/?cat=1"},"img":{"alt_text":"","src":"https:\/\/i0.wp.com\/img.youtube.com\/vi\/gSnllkJEr4M\/0.jpg?resize=350%2C200","width":350,"height":200},"classes":[]},{"id":1852,"url":"https:\/\/3joursdecherbourg.fr\/?p=1852","url_meta":{"origin":739,"position":2},"title":"Les 3 jours\u2026 c&rsquo;est dans 2 mois&#8230;","author":"admin3809","date":"6 juillet 2019","format":false,"excerpt":"Alors que le Tour de France s\u2019\u00e9lance de Belgique, la pr\u00e9paration des \u00ab\u00a03 jours de Cherbourg en Cotentin\u00a0\u00bb bat son plein. Le rythme des r\u00e9unions est devenu hebdomadaire. H\u00e9bergements, coureurs, officiels, publicit\u00e9s, partenaires, r\u00e9glementation, circuits, r\u00e9ceptions, presse\u2026 tout doit \u00eatre pr\u00eat pour le 6 septembre. Une \u00e9dition \u00ab\u00a040\u00e8me anniversaire\u00a0\u00bb qui\u2026","rel":"","context":"Dans &quot;Non class\u00e9&quot;","block_context":{"text":"Non class\u00e9","link":"https:\/\/3joursdecherbourg.fr\/?cat=1"},"img":{"alt_text":"","src":"https:\/\/i0.wp.com\/3joursdecherbourg.fr\/wp-content\/uploads\/2019\/07\/DSC_2735-2.JPG-124x300.png?resize=350%2C200","width":350,"height":200},"classes":[]},{"id":630,"url":"https:\/\/3joursdecherbourg.fr\/?p=630","url_meta":{"origin":739,"position":3},"title":"Le derni\u00e8re ligne droite","author":"admin3809","date":"29 ao\u00fbt 2017","format":false,"excerpt":"Nous y sommes: vendredi sera donn\u00e9 le d\u00e9part de la 38\u00e8me \u00e9dition des 3 Jours de Cherbourg. C'est, pour nous organisateurs, la derni\u00e8re ligne droite. Les dossiers sont (presque) pr\u00eats, les circuits sont (presque) fl\u00e9ch\u00e9s. Les \u00e9quipes sont inscrites, les coureurs sont affut\u00e9s, les h\u00e9bergements attendent, les suiveurs piaffent d'impatience...\u2026","rel":"","context":"Dans &quot;Non class\u00e9&quot;","block_context":{"text":"Non class\u00e9","link":"https:\/\/3joursdecherbourg.fr\/?cat=1"},"img":{"alt_text":"","src":"https:\/\/i0.wp.com\/3joursdecherbourg.fr\/wp-content\/uploads\/2017\/08\/LES-3-JOURS-2017-015-1-1024x480.jpg?resize=350%2C200","width":350,"height":200,"srcset":"https:\/\/i0.wp.com\/3joursdecherbourg.fr\/wp-content\/uploads\/2017\/08\/LES-3-JOURS-2017-015-1-1024x480.jpg?resize=350%2C200 1x, https:\/\/i0.wp.com\/3joursdecherbourg.fr\/wp-content\/uploads\/2017\/08\/LES-3-JOURS-2017-015-1-1024x480.jpg?resize=525%2C300 1.5x"},"classes":[]},{"id":1897,"url":"https:\/\/3joursdecherbourg.fr\/?p=1897","url_meta":{"origin":739,"position":4},"title":"Pr\u00e9sentation des maillots","author":"admin3809","date":"1 septembre 2019","format":false,"excerpt":"Les \"3 jours de Cherbourg en Cotentin\" sont\u00a0 - presque - partis...! C'\u00e9tait en effet vendredi soir, \u00e0 la concessions Mary Automobiles Peugeot, la pr\u00e9sentation des maillots. Une premi\u00e8re \u00e9tape toute en symboles car elle repr\u00e9sente l'attachement de nos partenaires \u00e0 notre \u00e9preuve et l'occasion pour eux d'affirmer les valeurs\u2026","rel":"","context":"Dans &quot;Non class\u00e9&quot;","block_context":{"text":"Non class\u00e9","link":"https:\/\/3joursdecherbourg.fr\/?cat=1"},"img":{"alt_text":"","src":"https:\/\/i0.wp.com\/3joursdecherbourg.fr\/wp-content\/uploads\/2019\/09\/DSCF5413-1024x563.jpg?resize=350%2C200","width":350,"height":200,"srcset":"https:\/\/i0.wp.com\/3joursdecherbourg.fr\/wp-content\/uploads\/2019\/09\/DSCF5413-1024x563.jpg?resize=350%2C200 1x, https:\/\/i0.wp.com\/3joursdecherbourg.fr\/wp-content\/uploads\/2019\/09\/DSCF5413-1024x563.jpg?resize=525%2C300 1.5x"},"classes":[]},{"id":709,"url":"https:\/\/3joursdecherbourg.fr\/?p=709","url_meta":{"origin":739,"position":5},"title":"Les r\u00e9sultats","author":"admin3809","date":"1 septembre 2017","format":false,"excerpt":"Les r\u00e9sultats de la premi\u00e8re \u00e9tape: l'\u00e9tape le meilleur grimpeur points chaud par \u00e9quipe","rel":"","context":"Dans &quot;Non class\u00e9&quot;","block_context":{"text":"Non class\u00e9","link":"https:\/\/3joursdecherbourg.fr\/?cat=1"},"img":{"alt_text":"","src":"https:\/\/i0.wp.com\/3joursdecherbourg.fr\/wp-content\/uploads\/2017\/09\/CC-Nogent-sur-Oise-1024x681.jpg?resize=350%2C200","width":350,"height":200,"srcset":"https:\/\/i0.wp.com\/3joursdecherbourg.fr\/wp-content\/uploads\/2017\/09\/CC-Nogent-sur-Oise-1024x681.jpg?resize=350%2C200 1x, https:\/\/i0.wp.com\/3joursdecherbourg.fr\/wp-content\/uploads\/2017\/09\/CC-Nogent-sur-Oise-1024x681.jpg?resize=525%2C300 1.5x"},"classes":[]}],"jetpack_likes_enabled":false,"jetpack_sharing_enabled":true,"_links":{"self":[{"href":"https:\/\/3joursdecherbourg.fr\/index.php?rest_route=\/wp\/v2\/posts\/739","targetHints":{"allow":["GET"]}}],"collection":[{"href":"https:\/\/3joursdecherbourg.fr\/index.php?rest_route=\/wp\/v2\/posts"}],"about":[{"href":"https:\/\/3joursdecherbourg.fr\/index.php?rest_route=\/wp\/v2\/types\/post"}],"author":[{"embeddable":true,"href":"https:\/\/3joursdecherbourg.fr\/index.php?rest_route=\/wp\/v2\/users\/1"}],"replies":[{"embeddable":true,"href":"https:\/\/3joursdecherbourg.fr\/index.php?rest_route=%2Fwp%2Fv2%2Fcomments&post=739"}],"version-history":[{"count":2,"href":"https:\/\/3joursdecherbourg.fr\/index.php?rest_route=\/wp\/v2\/posts\/739\/revisions"}],"predecessor-version":[{"id":752,"href":"https:\/\/3joursdecherbourg.fr\/index.php?rest_route=\/wp\/v2\/posts\/739\/revisions\/752"}],"wp:attachment":[{"href":"https:\/\/3joursdecherbourg.fr\/index.php?rest_route=%2Fwp%2Fv2%2Fmedia&parent=739"}],"wp:term":[{"taxonomy":"category","embeddable":true,"href":"https:\/\/3joursdecherbourg.fr\/index.php?rest_route=%2Fwp%2Fv2%2Fcategories&post=739"},{"taxonomy":"post_tag","embeddable":true,"href":"https:\/\/3joursdecherbourg.fr\/index.php?rest_route=%2Fwp%2Fv2%2Ftags&post=739"}],"curies":[{"name":"wp","href":"https:\/\/api.w.org\/{rel}","templated":true}]}}