{"id":754,"date":"2017-09-04T17:17:30","date_gmt":"2017-09-04T15:17:30","guid":{"rendered":"http:\/\/3joursdecherbourg.fr\/?p=754"},"modified":"2017-09-04T17:52:53","modified_gmt":"2017-09-04T15:52:53","slug":"la-revue-de-presse","status":"publish","type":"post","link":"https:\/\/3joursdecherbourg.fr\/?p=754","title":{"rendered":"La revue de presse"},"content":{"rendered":"<div id=\"attachment_755\" style=\"width: 310px\" class=\"wp-caption alignleft\"><a href=\"https:\/\/i0.wp.com\/3joursdecherbourg.fr\/wp-content\/uploads\/2017\/09\/Num%C3%A9risation_20170904-3.jpg?ssl=1\"><img data-recalc-dims=\"1\" loading=\"lazy\" decoding=\"async\" aria-describedby=\"caption-attachment-755\" data-attachment-id=\"755\" data-permalink=\"https:\/\/3joursdecherbourg.fr\/?attachment_id=755\" data-orig-file=\"https:\/\/i0.wp.com\/3joursdecherbourg.fr\/wp-content\/uploads\/2017\/09\/Num%C3%A9risation_20170904-3.jpg?fit=865%2C485&amp;ssl=1\" data-orig-size=\"865,485\" data-comments-opened=\"1\" data-image-meta=\"{&quot;aperture&quot;:&quot;0&quot;,&quot;credit&quot;:&quot;&quot;,&quot;camera&quot;:&quot;&quot;,&quot;caption&quot;:&quot;&quot;,&quot;created_timestamp&quot;:&quot;0&quot;,&quot;copyright&quot;:&quot;&quot;,&quot;focal_length&quot;:&quot;0&quot;,&quot;iso&quot;:&quot;0&quot;,&quot;shutter_speed&quot;:&quot;0&quot;,&quot;title&quot;:&quot;&quot;,&quot;orientation&quot;:&quot;1&quot;}\" data-image-title=\"Num\u00e9risation_20170904 (3)\" data-image-description=\"\" data-image-caption=\"\" data-medium-file=\"https:\/\/i0.wp.com\/3joursdecherbourg.fr\/wp-content\/uploads\/2017\/09\/Num%C3%A9risation_20170904-3.jpg?fit=300%2C168&amp;ssl=1\" data-large-file=\"https:\/\/i0.wp.com\/3joursdecherbourg.fr\/wp-content\/uploads\/2017\/09\/Num%C3%A9risation_20170904-3.jpg?fit=640%2C359&amp;ssl=1\" class=\"wp-image-755 size-medium\" src=\"https:\/\/i0.wp.com\/3joursdecherbourg.fr\/wp-content\/uploads\/2017\/09\/Num%C3%A9risation_20170904-3.jpg?resize=300%2C168&#038;ssl=1\" alt=\"\" width=\"300\" height=\"168\" srcset=\"https:\/\/i0.wp.com\/3joursdecherbourg.fr\/wp-content\/uploads\/2017\/09\/Num%C3%A9risation_20170904-3.jpg?resize=300%2C168&amp;ssl=1 300w, https:\/\/i0.wp.com\/3joursdecherbourg.fr\/wp-content\/uploads\/2017\/09\/Num%C3%A9risation_20170904-3.jpg?resize=768%2C431&amp;ssl=1 768w, https:\/\/i0.wp.com\/3joursdecherbourg.fr\/wp-content\/uploads\/2017\/09\/Num%C3%A9risation_20170904-3.jpg?w=865&amp;ssl=1 865w\" sizes=\"auto, (max-width: 300px) 100vw, 300px\" \/><\/a><p id=\"caption-attachment-755\" class=\"wp-caption-text\"><a href=\"https:\/\/i0.wp.com\/3joursdecherbourg.fr\/wp-content\/uploads\/2017\/09\/Num%C3%A9risation_20170904-4.jpg?ssl=1\"><img data-recalc-dims=\"1\" loading=\"lazy\" decoding=\"async\" data-attachment-id=\"758\" data-permalink=\"https:\/\/3joursdecherbourg.fr\/?attachment_id=758\" data-orig-file=\"https:\/\/i0.wp.com\/3joursdecherbourg.fr\/wp-content\/uploads\/2017\/09\/Num%C3%A9risation_20170904-4.jpg?fit=508%2C545&amp;ssl=1\" data-orig-size=\"508,545\" data-comments-opened=\"1\" data-image-meta=\"{&quot;aperture&quot;:&quot;0&quot;,&quot;credit&quot;:&quot;&quot;,&quot;camera&quot;:&quot;&quot;,&quot;caption&quot;:&quot;&quot;,&quot;created_timestamp&quot;:&quot;0&quot;,&quot;copyright&quot;:&quot;&quot;,&quot;focal_length&quot;:&quot;0&quot;,&quot;iso&quot;:&quot;0&quot;,&quot;shutter_speed&quot;:&quot;0&quot;,&quot;title&quot;:&quot;&quot;,&quot;orientation&quot;:&quot;1&quot;}\" data-image-title=\"Num\u00e9risation_20170904 (4)\" data-image-description=\"\" data-image-caption=\"&lt;p&gt;La Presse de la  Manche du 4\/09\/2017&lt;\/p&gt;\n\" data-medium-file=\"https:\/\/i0.wp.com\/3joursdecherbourg.fr\/wp-content\/uploads\/2017\/09\/Num%C3%A9risation_20170904-4.jpg?fit=280%2C300&amp;ssl=1\" data-large-file=\"https:\/\/i0.wp.com\/3joursdecherbourg.fr\/wp-content\/uploads\/2017\/09\/Num%C3%A9risation_20170904-4.jpg?fit=508%2C545&amp;ssl=1\" class=\"size-medium wp-image-758\" src=\"https:\/\/i0.wp.com\/3joursdecherbourg.fr\/wp-content\/uploads\/2017\/09\/Num%C3%A9risation_20170904-4.jpg?resize=280%2C300&#038;ssl=1\" alt=\"\" width=\"280\" height=\"300\" srcset=\"https:\/\/i0.wp.com\/3joursdecherbourg.fr\/wp-content\/uploads\/2017\/09\/Num%C3%A9risation_20170904-4.jpg?resize=280%2C300&amp;ssl=1 280w, https:\/\/i0.wp.com\/3joursdecherbourg.fr\/wp-content\/uploads\/2017\/09\/Num%C3%A9risation_20170904-4.jpg?w=508&amp;ssl=1 508w\" sizes=\"auto, (max-width: 280px) 100vw, 280px\" \/><\/a> La Presse de la Manche du 4\/09\/2017<\/p><\/div>\n<p style=\"text-align: right;\">Merci \u00e0 nos amis de la presse pour la couverture m\u00e9diatique qu&rsquo;ils assurent sur ces 3 jours, sp\u00e9cialement <strong>Baptiste Hue<\/strong> pour La Presse de la Manche, partenaire historique et essentiel de notre \u00e9preuve, mais aussi <strong>Quentin Carudel<\/strong> pour Ouest-France et <strong>Louis Leterrier<\/strong> pour la Manche Libre. Sans oublier notre radio locale France Bleu Cotentin.<\/p>\n<p>(Cliquez sur l&rsquo;article pour l&rsquo;agrandir)<\/p>\n<p>&nbsp;<\/p>\n<div id=\"attachment_765\" style=\"width: 260px\" class=\"wp-caption alignright\"><a href=\"https:\/\/i0.wp.com\/3joursdecherbourg.fr\/wp-content\/uploads\/2017\/09\/Num%C3%A9risation_20170904.jpg?ssl=1\"><img data-recalc-dims=\"1\" loading=\"lazy\" decoding=\"async\" aria-describedby=\"caption-attachment-765\" data-attachment-id=\"765\" data-permalink=\"https:\/\/3joursdecherbourg.fr\/?attachment_id=765\" data-orig-file=\"https:\/\/i0.wp.com\/3joursdecherbourg.fr\/wp-content\/uploads\/2017\/09\/Num%C3%A9risation_20170904.jpg?fit=678%2C612&amp;ssl=1\" data-orig-size=\"678,612\" data-comments-opened=\"1\" data-image-meta=\"{&quot;aperture&quot;:&quot;0&quot;,&quot;credit&quot;:&quot;&quot;,&quot;camera&quot;:&quot;&quot;,&quot;caption&quot;:&quot;&quot;,&quot;created_timestamp&quot;:&quot;0&quot;,&quot;copyright&quot;:&quot;&quot;,&quot;focal_length&quot;:&quot;0&quot;,&quot;iso&quot;:&quot;0&quot;,&quot;shutter_speed&quot;:&quot;0&quot;,&quot;title&quot;:&quot;&quot;,&quot;orientation&quot;:&quot;1&quot;}\" data-image-title=\"Num\u00e9risation_20170904\" data-image-description=\"\" data-image-caption=\"&lt;p&gt;Ouest-France du 4\/09\/2017&lt;\/p&gt;\n\" data-medium-file=\"https:\/\/i0.wp.com\/3joursdecherbourg.fr\/wp-content\/uploads\/2017\/09\/Num%C3%A9risation_20170904.jpg?fit=300%2C271&amp;ssl=1\" data-large-file=\"https:\/\/i0.wp.com\/3joursdecherbourg.fr\/wp-content\/uploads\/2017\/09\/Num%C3%A9risation_20170904.jpg?fit=640%2C578&amp;ssl=1\" class=\"wp-image-765\" src=\"https:\/\/i0.wp.com\/3joursdecherbourg.fr\/wp-content\/uploads\/2017\/09\/Num%C3%A9risation_20170904.jpg?resize=250%2C226&#038;ssl=1\" alt=\"\" width=\"250\" height=\"226\" srcset=\"https:\/\/i0.wp.com\/3joursdecherbourg.fr\/wp-content\/uploads\/2017\/09\/Num%C3%A9risation_20170904.jpg?resize=300%2C271&amp;ssl=1 300w, https:\/\/i0.wp.com\/3joursdecherbourg.fr\/wp-content\/uploads\/2017\/09\/Num%C3%A9risation_20170904.jpg?w=678&amp;ssl=1 678w\" sizes=\"auto, (max-width: 250px) 100vw, 250px\" \/><\/a><p id=\"caption-attachment-765\" class=\"wp-caption-text\">Ouest-France du 4\/09\/2017<\/p><\/div>\n<p>&nbsp;<\/p>\n<div id=\"attachment_760\" style=\"width: 310px\" class=\"wp-caption alignleft\"><a href=\"https:\/\/i0.wp.com\/3joursdecherbourg.fr\/wp-content\/uploads\/2017\/09\/Num%C3%A9risation_20170904-6.jpg?ssl=1\"><img data-recalc-dims=\"1\" loading=\"lazy\" decoding=\"async\" aria-describedby=\"caption-attachment-760\" data-attachment-id=\"760\" data-permalink=\"https:\/\/3joursdecherbourg.fr\/?attachment_id=760\" data-orig-file=\"https:\/\/i0.wp.com\/3joursdecherbourg.fr\/wp-content\/uploads\/2017\/09\/Num%C3%A9risation_20170904-6.jpg?fit=532%2C456&amp;ssl=1\" data-orig-size=\"532,456\" data-comments-opened=\"1\" data-image-meta=\"{&quot;aperture&quot;:&quot;0&quot;,&quot;credit&quot;:&quot;&quot;,&quot;camera&quot;:&quot;&quot;,&quot;caption&quot;:&quot;&quot;,&quot;created_timestamp&quot;:&quot;0&quot;,&quot;copyright&quot;:&quot;&quot;,&quot;focal_length&quot;:&quot;0&quot;,&quot;iso&quot;:&quot;0&quot;,&quot;shutter_speed&quot;:&quot;0&quot;,&quot;title&quot;:&quot;&quot;,&quot;orientation&quot;:&quot;1&quot;}\" data-image-title=\"Num\u00e9risation_20170904 (6)\" data-image-description=\"\" data-image-caption=\"&lt;p&gt;La Presse de la  Manche du 4\/09\/2017&lt;\/p&gt;\n\" data-medium-file=\"https:\/\/i0.wp.com\/3joursdecherbourg.fr\/wp-content\/uploads\/2017\/09\/Num%C3%A9risation_20170904-6.jpg?fit=300%2C257&amp;ssl=1\" data-large-file=\"https:\/\/i0.wp.com\/3joursdecherbourg.fr\/wp-content\/uploads\/2017\/09\/Num%C3%A9risation_20170904-6.jpg?fit=532%2C456&amp;ssl=1\" class=\"size-medium wp-image-760\" src=\"https:\/\/i0.wp.com\/3joursdecherbourg.fr\/wp-content\/uploads\/2017\/09\/Num%C3%A9risation_20170904-6.jpg?resize=300%2C257&#038;ssl=1\" alt=\"\" width=\"300\" height=\"257\" srcset=\"https:\/\/i0.wp.com\/3joursdecherbourg.fr\/wp-content\/uploads\/2017\/09\/Num%C3%A9risation_20170904-6.jpg?resize=300%2C257&amp;ssl=1 300w, https:\/\/i0.wp.com\/3joursdecherbourg.fr\/wp-content\/uploads\/2017\/09\/Num%C3%A9risation_20170904-6.jpg?w=532&amp;ssl=1 532w\" sizes=\"auto, (max-width: 300px) 100vw, 300px\" \/><\/a><p id=\"caption-attachment-760\" class=\"wp-caption-text\">La Presse de la Manche du 4\/09\/2017<\/p><\/div>\n<div id=\"attachment_759\" style=\"width: 164px\" class=\"wp-caption alignright\"><a href=\"https:\/\/i0.wp.com\/3joursdecherbourg.fr\/wp-content\/uploads\/2017\/09\/Num%C3%A9risation_20170904-5.jpg?ssl=1\"><img data-recalc-dims=\"1\" loading=\"lazy\" decoding=\"async\" aria-describedby=\"caption-attachment-759\" data-attachment-id=\"759\" data-permalink=\"https:\/\/3joursdecherbourg.fr\/?attachment_id=759\" data-orig-file=\"https:\/\/i0.wp.com\/3joursdecherbourg.fr\/wp-content\/uploads\/2017\/09\/Num%C3%A9risation_20170904-5.jpg?fit=387%2C753&amp;ssl=1\" data-orig-size=\"387,753\" data-comments-opened=\"1\" data-image-meta=\"{&quot;aperture&quot;:&quot;0&quot;,&quot;credit&quot;:&quot;&quot;,&quot;camera&quot;:&quot;&quot;,&quot;caption&quot;:&quot;&quot;,&quot;created_timestamp&quot;:&quot;0&quot;,&quot;copyright&quot;:&quot;&quot;,&quot;focal_length&quot;:&quot;0&quot;,&quot;iso&quot;:&quot;0&quot;,&quot;shutter_speed&quot;:&quot;0&quot;,&quot;title&quot;:&quot;&quot;,&quot;orientation&quot;:&quot;1&quot;}\" data-image-title=\"Num\u00e9risation_20170904 (5)\" data-image-description=\"\" data-image-caption=\"&lt;p&gt;La Presse de la  Manche du 4\/09\/2017&lt;\/p&gt;\n\" data-medium-file=\"https:\/\/i0.wp.com\/3joursdecherbourg.fr\/wp-content\/uploads\/2017\/09\/Num%C3%A9risation_20170904-5.jpg?fit=154%2C300&amp;ssl=1\" data-large-file=\"https:\/\/i0.wp.com\/3joursdecherbourg.fr\/wp-content\/uploads\/2017\/09\/Num%C3%A9risation_20170904-5.jpg?fit=387%2C753&amp;ssl=1\" class=\"size-medium wp-image-759\" src=\"https:\/\/i0.wp.com\/3joursdecherbourg.fr\/wp-content\/uploads\/2017\/09\/Num%C3%A9risation_20170904-5.jpg?resize=154%2C300&#038;ssl=1\" alt=\"\" width=\"154\" height=\"300\" srcset=\"https:\/\/i0.wp.com\/3joursdecherbourg.fr\/wp-content\/uploads\/2017\/09\/Num%C3%A9risation_20170904-5.jpg?resize=154%2C300&amp;ssl=1 154w, https:\/\/i0.wp.com\/3joursdecherbourg.fr\/wp-content\/uploads\/2017\/09\/Num%C3%A9risation_20170904-5.jpg?w=387&amp;ssl=1 387w\" sizes=\"auto, (max-width: 154px) 100vw, 154px\" \/><\/a><p id=\"caption-attachment-759\" class=\"wp-caption-text\">La Presse de la Manche du 4\/09\/2017<\/p><\/div>\n<div id=\"attachment_761\" style=\"width: 310px\" class=\"wp-caption alignright\"><a href=\"https:\/\/i0.wp.com\/3joursdecherbourg.fr\/wp-content\/uploads\/2017\/09\/Num%C3%A9risation_20170904-7.jpg?ssl=1\"><img data-recalc-dims=\"1\" loading=\"lazy\" decoding=\"async\" aria-describedby=\"caption-attachment-761\" data-attachment-id=\"761\" data-permalink=\"https:\/\/3joursdecherbourg.fr\/?attachment_id=761\" data-orig-file=\"https:\/\/i0.wp.com\/3joursdecherbourg.fr\/wp-content\/uploads\/2017\/09\/Num%C3%A9risation_20170904-7.jpg?fit=386%2C242&amp;ssl=1\" data-orig-size=\"386,242\" data-comments-opened=\"1\" data-image-meta=\"{&quot;aperture&quot;:&quot;0&quot;,&quot;credit&quot;:&quot;&quot;,&quot;camera&quot;:&quot;&quot;,&quot;caption&quot;:&quot;&quot;,&quot;created_timestamp&quot;:&quot;0&quot;,&quot;copyright&quot;:&quot;&quot;,&quot;focal_length&quot;:&quot;0&quot;,&quot;iso&quot;:&quot;0&quot;,&quot;shutter_speed&quot;:&quot;0&quot;,&quot;title&quot;:&quot;&quot;,&quot;orientation&quot;:&quot;1&quot;}\" data-image-title=\"Num\u00e9risation_20170904 (7)\" data-image-description=\"\" data-image-caption=\"&lt;p&gt;La Presse de la  Manche du 4\/09\/2017&lt;\/p&gt;\n\" data-medium-file=\"https:\/\/i0.wp.com\/3joursdecherbourg.fr\/wp-content\/uploads\/2017\/09\/Num%C3%A9risation_20170904-7.jpg?fit=300%2C188&amp;ssl=1\" data-large-file=\"https:\/\/i0.wp.com\/3joursdecherbourg.fr\/wp-content\/uploads\/2017\/09\/Num%C3%A9risation_20170904-7.jpg?fit=386%2C242&amp;ssl=1\" class=\"size-medium wp-image-761\" src=\"https:\/\/i0.wp.com\/3joursdecherbourg.fr\/wp-content\/uploads\/2017\/09\/Num%C3%A9risation_20170904-7.jpg?resize=300%2C188&#038;ssl=1\" alt=\"\" width=\"300\" height=\"188\" srcset=\"https:\/\/i0.wp.com\/3joursdecherbourg.fr\/wp-content\/uploads\/2017\/09\/Num%C3%A9risation_20170904-7.jpg?resize=300%2C188&amp;ssl=1 300w, https:\/\/i0.wp.com\/3joursdecherbourg.fr\/wp-content\/uploads\/2017\/09\/Num%C3%A9risation_20170904-7.jpg?w=386&amp;ssl=1 386w\" sizes=\"auto, (max-width: 300px) 100vw, 300px\" \/><\/a><p id=\"caption-attachment-761\" class=\"wp-caption-text\">La Presse de la Manche du 4\/09\/2017<\/p><\/div>\n<div id=\"attachment_757\" style=\"width: 276px\" class=\"wp-caption alignright\"><a href=\"https:\/\/i0.wp.com\/3joursdecherbourg.fr\/wp-content\/uploads\/2017\/09\/Num%C3%A9risation_20170904-2.jpg?ssl=1\"><img data-recalc-dims=\"1\" loading=\"lazy\" decoding=\"async\" aria-describedby=\"caption-attachment-757\" data-attachment-id=\"757\" data-permalink=\"https:\/\/3joursdecherbourg.fr\/?attachment_id=757\" data-orig-file=\"https:\/\/i0.wp.com\/3joursdecherbourg.fr\/wp-content\/uploads\/2017\/09\/Num%C3%A9risation_20170904-2.jpg?fit=342%2C385&amp;ssl=1\" data-orig-size=\"342,385\" data-comments-opened=\"1\" data-image-meta=\"{&quot;aperture&quot;:&quot;0&quot;,&quot;credit&quot;:&quot;&quot;,&quot;camera&quot;:&quot;&quot;,&quot;caption&quot;:&quot;&quot;,&quot;created_timestamp&quot;:&quot;0&quot;,&quot;copyright&quot;:&quot;&quot;,&quot;focal_length&quot;:&quot;0&quot;,&quot;iso&quot;:&quot;0&quot;,&quot;shutter_speed&quot;:&quot;0&quot;,&quot;title&quot;:&quot;&quot;,&quot;orientation&quot;:&quot;1&quot;}\" data-image-title=\"Num\u00e9risation_20170904 (2)\" data-image-description=\"\" data-image-caption=\"&lt;p&gt;Ouest-France du 4\/09\/2017&lt;\/p&gt;\n\" data-medium-file=\"https:\/\/i0.wp.com\/3joursdecherbourg.fr\/wp-content\/uploads\/2017\/09\/Num%C3%A9risation_20170904-2.jpg?fit=266%2C300&amp;ssl=1\" data-large-file=\"https:\/\/i0.wp.com\/3joursdecherbourg.fr\/wp-content\/uploads\/2017\/09\/Num%C3%A9risation_20170904-2.jpg?fit=342%2C385&amp;ssl=1\" class=\"size-medium wp-image-757\" src=\"https:\/\/i0.wp.com\/3joursdecherbourg.fr\/wp-content\/uploads\/2017\/09\/Num%C3%A9risation_20170904-2.jpg?resize=266%2C300&#038;ssl=1\" alt=\"\" width=\"266\" height=\"300\" srcset=\"https:\/\/i0.wp.com\/3joursdecherbourg.fr\/wp-content\/uploads\/2017\/09\/Num%C3%A9risation_20170904-2.jpg?resize=266%2C300&amp;ssl=1 266w, https:\/\/i0.wp.com\/3joursdecherbourg.fr\/wp-content\/uploads\/2017\/09\/Num%C3%A9risation_20170904-2.jpg?w=342&amp;ssl=1 342w\" sizes=\"auto, (max-width: 266px) 100vw, 266px\" \/><\/a><p id=\"caption-attachment-757\" class=\"wp-caption-text\">Ouest-France du 4\/09\/2017<\/p><\/div>\n<div id=\"attachment_764\" style=\"width: 257px\" class=\"wp-caption alignleft\"><a href=\"https:\/\/i0.wp.com\/3joursdecherbourg.fr\/wp-content\/uploads\/2017\/09\/Num%C3%A9risation_20170904-10.jpg?ssl=1\"><img data-recalc-dims=\"1\" loading=\"lazy\" decoding=\"async\" aria-describedby=\"caption-attachment-764\" data-attachment-id=\"764\" data-permalink=\"https:\/\/3joursdecherbourg.fr\/?attachment_id=764\" data-orig-file=\"https:\/\/i0.wp.com\/3joursdecherbourg.fr\/wp-content\/uploads\/2017\/09\/Num%C3%A9risation_20170904-10.jpg?fit=516%2C627&amp;ssl=1\" data-orig-size=\"516,627\" data-comments-opened=\"1\" data-image-meta=\"{&quot;aperture&quot;:&quot;0&quot;,&quot;credit&quot;:&quot;&quot;,&quot;camera&quot;:&quot;&quot;,&quot;caption&quot;:&quot;&quot;,&quot;created_timestamp&quot;:&quot;0&quot;,&quot;copyright&quot;:&quot;&quot;,&quot;focal_length&quot;:&quot;0&quot;,&quot;iso&quot;:&quot;0&quot;,&quot;shutter_speed&quot;:&quot;0&quot;,&quot;title&quot;:&quot;&quot;,&quot;orientation&quot;:&quot;0&quot;}\" data-image-title=\"Num\u00e9risation_20170904 (10)\" data-image-description=\"\" data-image-caption=\"&lt;p&gt;La Presse de la  Manche du 4\/09\/2017&lt;\/p&gt;\n\" data-medium-file=\"https:\/\/i0.wp.com\/3joursdecherbourg.fr\/wp-content\/uploads\/2017\/09\/Num%C3%A9risation_20170904-10.jpg?fit=247%2C300&amp;ssl=1\" data-large-file=\"https:\/\/i0.wp.com\/3joursdecherbourg.fr\/wp-content\/uploads\/2017\/09\/Num%C3%A9risation_20170904-10.jpg?fit=516%2C627&amp;ssl=1\" class=\"size-medium wp-image-764\" src=\"https:\/\/i0.wp.com\/3joursdecherbourg.fr\/wp-content\/uploads\/2017\/09\/Num%C3%A9risation_20170904-10.jpg?resize=247%2C300&#038;ssl=1\" alt=\"\" width=\"247\" height=\"300\" srcset=\"https:\/\/i0.wp.com\/3joursdecherbourg.fr\/wp-content\/uploads\/2017\/09\/Num%C3%A9risation_20170904-10.jpg?resize=247%2C300&amp;ssl=1 247w, https:\/\/i0.wp.com\/3joursdecherbourg.fr\/wp-content\/uploads\/2017\/09\/Num%C3%A9risation_20170904-10.jpg?w=516&amp;ssl=1 516w\" sizes=\"auto, (max-width: 247px) 100vw, 247px\" \/><\/a><p id=\"caption-attachment-764\" class=\"wp-caption-text\">La Presse de la Manche du 4\/09\/2017<\/p><\/div>\n<div id=\"attachment_763\" style=\"width: 259px\" class=\"wp-caption alignright\"><a href=\"https:\/\/i0.wp.com\/3joursdecherbourg.fr\/wp-content\/uploads\/2017\/09\/Num%C3%A9risation_20170904-9.jpg?ssl=1\"><img data-recalc-dims=\"1\" loading=\"lazy\" decoding=\"async\" aria-describedby=\"caption-attachment-763\" data-attachment-id=\"763\" data-permalink=\"https:\/\/3joursdecherbourg.fr\/?attachment_id=763\" data-orig-file=\"https:\/\/i0.wp.com\/3joursdecherbourg.fr\/wp-content\/uploads\/2017\/09\/Num%C3%A9risation_20170904-9.jpg?fit=518%2C624&amp;ssl=1\" data-orig-size=\"518,624\" data-comments-opened=\"1\" data-image-meta=\"{&quot;aperture&quot;:&quot;0&quot;,&quot;credit&quot;:&quot;&quot;,&quot;camera&quot;:&quot;&quot;,&quot;caption&quot;:&quot;&quot;,&quot;created_timestamp&quot;:&quot;0&quot;,&quot;copyright&quot;:&quot;&quot;,&quot;focal_length&quot;:&quot;0&quot;,&quot;iso&quot;:&quot;0&quot;,&quot;shutter_speed&quot;:&quot;0&quot;,&quot;title&quot;:&quot;&quot;,&quot;orientation&quot;:&quot;1&quot;}\" data-image-title=\"Num\u00e9risation_20170904 (9)\" data-image-description=\"\" data-image-caption=\"&lt;p&gt;La Presse de la  Manche du 4\/09\/2017&lt;\/p&gt;\n\" data-medium-file=\"https:\/\/i0.wp.com\/3joursdecherbourg.fr\/wp-content\/uploads\/2017\/09\/Num%C3%A9risation_20170904-9.jpg?fit=249%2C300&amp;ssl=1\" data-large-file=\"https:\/\/i0.wp.com\/3joursdecherbourg.fr\/wp-content\/uploads\/2017\/09\/Num%C3%A9risation_20170904-9.jpg?fit=518%2C624&amp;ssl=1\" class=\"size-medium wp-image-763\" src=\"https:\/\/i0.wp.com\/3joursdecherbourg.fr\/wp-content\/uploads\/2017\/09\/Num%C3%A9risation_20170904-9.jpg?resize=249%2C300&#038;ssl=1\" alt=\"\" width=\"249\" height=\"300\" srcset=\"https:\/\/i0.wp.com\/3joursdecherbourg.fr\/wp-content\/uploads\/2017\/09\/Num%C3%A9risation_20170904-9.jpg?resize=249%2C300&amp;ssl=1 249w, https:\/\/i0.wp.com\/3joursdecherbourg.fr\/wp-content\/uploads\/2017\/09\/Num%C3%A9risation_20170904-9.jpg?w=518&amp;ssl=1 518w\" sizes=\"auto, (max-width: 249px) 100vw, 249px\" \/><\/a><p id=\"caption-attachment-763\" class=\"wp-caption-text\">La Presse de la Manche du 4\/09\/2017<\/p><\/div>\n<p>&nbsp;<\/p>\n<p>&nbsp;<\/p>\n<p>&nbsp;<\/p>\n<p>&nbsp;<\/p>\n<p>&nbsp;<\/p>\n<p>&nbsp;<\/p>\n<p>&nbsp;<\/p>\n<div id=\"attachment_762\" style=\"width: 188px\" class=\"wp-caption alignleft\"><a href=\"https:\/\/i0.wp.com\/3joursdecherbourg.fr\/wp-content\/uploads\/2017\/09\/Num%C3%A9risation_20170904-8.jpg?ssl=1\"><img data-recalc-dims=\"1\" loading=\"lazy\" decoding=\"async\" aria-describedby=\"caption-attachment-762\" data-attachment-id=\"762\" data-permalink=\"https:\/\/3joursdecherbourg.fr\/?attachment_id=762\" data-orig-file=\"https:\/\/i0.wp.com\/3joursdecherbourg.fr\/wp-content\/uploads\/2017\/09\/Num%C3%A9risation_20170904-8.jpg?fit=513%2C863&amp;ssl=1\" data-orig-size=\"513,863\" data-comments-opened=\"1\" data-image-meta=\"{&quot;aperture&quot;:&quot;0&quot;,&quot;credit&quot;:&quot;&quot;,&quot;camera&quot;:&quot;&quot;,&quot;caption&quot;:&quot;&quot;,&quot;created_timestamp&quot;:&quot;0&quot;,&quot;copyright&quot;:&quot;&quot;,&quot;focal_length&quot;:&quot;0&quot;,&quot;iso&quot;:&quot;0&quot;,&quot;shutter_speed&quot;:&quot;0&quot;,&quot;title&quot;:&quot;&quot;,&quot;orientation&quot;:&quot;0&quot;}\" data-image-title=\"Num\u00e9risation_20170904 (8)\" data-image-description=\"\" data-image-caption=\"&lt;p&gt;La Presse de la  Manche du 4\/09\/2017&lt;\/p&gt;\n\" data-medium-file=\"https:\/\/i0.wp.com\/3joursdecherbourg.fr\/wp-content\/uploads\/2017\/09\/Num%C3%A9risation_20170904-8.jpg?fit=178%2C300&amp;ssl=1\" data-large-file=\"https:\/\/i0.wp.com\/3joursdecherbourg.fr\/wp-content\/uploads\/2017\/09\/Num%C3%A9risation_20170904-8.jpg?fit=513%2C863&amp;ssl=1\" class=\"size-medium wp-image-762\" src=\"https:\/\/i0.wp.com\/3joursdecherbourg.fr\/wp-content\/uploads\/2017\/09\/Num%C3%A9risation_20170904-8.jpg?resize=178%2C300&#038;ssl=1\" alt=\"\" width=\"178\" height=\"300\" srcset=\"https:\/\/i0.wp.com\/3joursdecherbourg.fr\/wp-content\/uploads\/2017\/09\/Num%C3%A9risation_20170904-8.jpg?resize=178%2C300&amp;ssl=1 178w, https:\/\/i0.wp.com\/3joursdecherbourg.fr\/wp-content\/uploads\/2017\/09\/Num%C3%A9risation_20170904-8.jpg?w=513&amp;ssl=1 513w\" sizes=\"auto, (max-width: 178px) 100vw, 178px\" \/><\/a><p id=\"caption-attachment-762\" class=\"wp-caption-text\">La Presse de la Manche du 4\/09\/201<\/p><\/div>\n<p>&nbsp;<\/p>\n<p>&nbsp;<\/p>\n<p>&nbsp;<\/p>\n<p>&nbsp;<\/p>\n<p>&nbsp;<\/p>\n<p>&nbsp;<\/p>\n<p>&nbsp;<\/p>\n<p>&nbsp;<\/p>\n<p>&nbsp;<\/p>\n<p>&nbsp;<\/p>\n<p>&nbsp;<\/p>\n<p>&nbsp;<\/p>\n<p>&nbsp;<\/p>\n<p>&nbsp;<\/p>\n<p>&nbsp;<\/p>\n<p>&nbsp;<\/p>\n<p>&nbsp;<\/p>\n<p>&nbsp;<\/p>\n<p>&nbsp;<\/p>\n<p>&nbsp;<\/p>\n<p>&nbsp;<\/p>\n<p>&nbsp;<\/p>\n<p>&nbsp;<\/p>\n<p>&nbsp;<\/p>\n<p>&nbsp;<\/p>\n<a href=\"https:\/\/3joursdecherbourg.fr\/wp-content\/uploads\/2017\/09\/La-Manche-Libre-1.pdf\" class=\"pdfemb-viewer\" style=\"\" data-width=\"max\" data-height=\"max\" data-toolbar=\"bottom\" data-toolbar-fixed=\"off\">La Manche Libre<\/a>\n","protected":false},"excerpt":{"rendered":"<p>Merci \u00e0 nos amis de la presse pour la couverture m\u00e9diatique qu&rsquo;ils assurent sur ces 3 jours, sp\u00e9cialement Baptiste Hue pour La Presse de la Manche, partenaire historique et essentiel de notre \u00e9preuve, mais aussi Quentin Carudel pour Ouest-France et &hellip; <a href=\"https:\/\/3joursdecherbourg.fr\/?p=754\">Continuer la lecture <span class=\"meta-nav\">&rarr;<\/span><\/a><\/p>\n","protected":false},"author":1,"featured_media":0,"comment_status":"open","ping_status":"open","sticky":false,"template":"","format":"standard","meta":{"_jetpack_newsletter_access":"","_jetpack_dont_email_post_to_subs":false,"_jetpack_newsletter_tier_id":0,"_jetpack_memberships_contains_paywalled_content":false,"_jetpack_memberships_contains_paid_content":false,"footnotes":""},"categories":[1],"tags":[],"class_list":["post-754","post","type-post","status-publish","format-standard","hentry","category-non-classe"],"jetpack_featured_media_url":"","jetpack_shortlink":"https:\/\/wp.me\/p8fpGS-ca","jetpack-related-posts":[{"id":1897,"url":"https:\/\/3joursdecherbourg.fr\/?p=1897","url_meta":{"origin":754,"position":0},"title":"Pr\u00e9sentation des maillots","author":"admin3809","date":"1 septembre 2019","format":false,"excerpt":"Les \"3 jours de Cherbourg en Cotentin\" sont\u00a0 - presque - partis...! C'\u00e9tait en effet vendredi soir, \u00e0 la concessions Mary Automobiles Peugeot, la pr\u00e9sentation des maillots. Une premi\u00e8re \u00e9tape toute en symboles car elle repr\u00e9sente l'attachement de nos partenaires \u00e0 notre \u00e9preuve et l'occasion pour eux d'affirmer les valeurs\u2026","rel":"","context":"Dans &quot;Non class\u00e9&quot;","block_context":{"text":"Non class\u00e9","link":"https:\/\/3joursdecherbourg.fr\/?cat=1"},"img":{"alt_text":"","src":"https:\/\/i0.wp.com\/3joursdecherbourg.fr\/wp-content\/uploads\/2019\/09\/DSCF5413-1024x563.jpg?resize=350%2C200","width":350,"height":200,"srcset":"https:\/\/i0.wp.com\/3joursdecherbourg.fr\/wp-content\/uploads\/2019\/09\/DSCF5413-1024x563.jpg?resize=350%2C200 1x, https:\/\/i0.wp.com\/3joursdecherbourg.fr\/wp-content\/uploads\/2019\/09\/DSCF5413-1024x563.jpg?resize=525%2C300 1.5x"},"classes":[]},{"id":3592,"url":"https:\/\/3joursdecherbourg.fr\/?p=3592","url_meta":{"origin":754,"position":1},"title":"Pr\u00e9sentation des maillots&#8230;","author":"admin3809","date":"30 ao\u00fbt 2022","format":false,"excerpt":"Ce lundi 29 ao\u00fbt avait lieu la traditionnelle pr\u00e9sentation des maillots de notre 42\u00e8me \u00e9dition des \"3 jours de Cherbourg en Cotentin\", dans le salon de l'Imp\u00e9ratrice de la mairie de Cherbourg-en-Cotentin, sous le regard de l'Empereur napol\u00e9on III et de l'Imp\u00e9ratrice Eug\u00e9nie. Il fallait bien cela pour une finale\u2026","rel":"","context":"Dans &quot;Non class\u00e9&quot;","block_context":{"text":"Non class\u00e9","link":"https:\/\/3joursdecherbourg.fr\/?cat=1"},"img":{"alt_text":"","src":"https:\/\/i0.wp.com\/3joursdecherbourg.fr\/wp-content\/uploads\/2022\/08\/IMG_2575-scaled.jpg?resize=350%2C200&ssl=1","width":350,"height":200,"srcset":"https:\/\/i0.wp.com\/3joursdecherbourg.fr\/wp-content\/uploads\/2022\/08\/IMG_2575-scaled.jpg?resize=350%2C200&ssl=1 1x, https:\/\/i0.wp.com\/3joursdecherbourg.fr\/wp-content\/uploads\/2022\/08\/IMG_2575-scaled.jpg?resize=525%2C300&ssl=1 1.5x, https:\/\/i0.wp.com\/3joursdecherbourg.fr\/wp-content\/uploads\/2022\/08\/IMG_2575-scaled.jpg?resize=700%2C400&ssl=1 2x, https:\/\/i0.wp.com\/3joursdecherbourg.fr\/wp-content\/uploads\/2022\/08\/IMG_2575-scaled.jpg?resize=1050%2C600&ssl=1 3x, https:\/\/i0.wp.com\/3joursdecherbourg.fr\/wp-content\/uploads\/2022\/08\/IMG_2575-scaled.jpg?resize=1400%2C800&ssl=1 4x"},"classes":[]},{"id":2846,"url":"https:\/\/3joursdecherbourg.fr\/?p=2846","url_meta":{"origin":754,"position":2},"title":"C&rsquo;est -presque- parti!","author":"admin3809","date":"28 ao\u00fbt 2021","format":false,"excerpt":"C'\u00e9tait ce vendredi 27 ao\u00fbt la pr\u00e9sentation des maillots des 41\u00e8mes \"3 jours de Cherbourg en Cotentin\" en pr\u00e9sence des partenaires institutionnels et des sponsors\u00a0 de la course. Un moment important qui permet \u00e0 chacun d'affirmer son attachement \u00e0 l'\u00e9preuve, de pr\u00e9senter les valeurs de son institution ou les engagements\u2026","rel":"","context":"Dans &quot;Non class\u00e9&quot;","block_context":{"text":"Non class\u00e9","link":"https:\/\/3joursdecherbourg.fr\/?cat=1"},"img":{"alt_text":"","src":"https:\/\/i0.wp.com\/3joursdecherbourg.fr\/wp-content\/uploads\/2021\/08\/DSC_6783-1-172x300.jpg?resize=350%2C200&ssl=1","width":350,"height":200},"classes":[]},{"id":2961,"url":"https:\/\/3joursdecherbourg.fr\/?p=2961","url_meta":{"origin":754,"position":3},"title":"Il est l&rsquo;heure de remercier&#8230;","author":"admin3809","date":"7 septembre 2021","format":false,"excerpt":"Oui vraiment un grand MERCI! Au del\u00e0 des bilans sportifs, financiers, administratifs, organisationnels que notre Amicale Cycliste ne manquera pas de faire dans les prochains jours, il nous appartient d'abord de rendre hommage \u00e0 tous ceux qui ont permis cette somptueuse 41\u00e8me \u00e9dition des \"3 jours de Cherbourg en Cotentin\".\u2026","rel":"","context":"Dans &quot;Non class\u00e9&quot;","block_context":{"text":"Non class\u00e9","link":"https:\/\/3joursdecherbourg.fr\/?cat=1"},"img":{"alt_text":"","src":"https:\/\/i0.wp.com\/3joursdecherbourg.fr\/wp-content\/uploads\/2021\/09\/DSC_7595-273x300.jpg?resize=350%2C200&ssl=1","width":350,"height":200},"classes":[]},{"id":4752,"url":"https:\/\/3joursdecherbourg.fr\/?p=4752","url_meta":{"origin":754,"position":4},"title":"Dans une semaine, les \u00ab\u00a03 jours\u00a0\u00bb","author":"admin3809","date":"24 ao\u00fbt 2024","format":false,"excerpt":"Une ann\u00e9e passe, avec des r\u00e9unions, des d\u00e9placements, des dossiers \u00e0 remplir, des coups de fil nombreux... et puis nous y voil\u00e0, c'est dans une semaine! Apr\u00e8s une r\u00e9union de signaleurs ce jeudi soir, nos fameux \"gardiens de carrefours\" si pr\u00e9cieux et tellement indispensables, le coup d'envoi des \"3 jours\"\u2026","rel":"","context":"Dans &quot;Non class\u00e9&quot;","block_context":{"text":"Non class\u00e9","link":"https:\/\/3joursdecherbourg.fr\/?cat=1"},"img":{"alt_text":"","src":"https:\/\/i0.wp.com\/3joursdecherbourg.fr\/wp-content\/uploads\/2024\/08\/IMG_0736-1024x683.jpg?resize=350%2C200&ssl=1","width":350,"height":200,"srcset":"https:\/\/i0.wp.com\/3joursdecherbourg.fr\/wp-content\/uploads\/2024\/08\/IMG_0736-1024x683.jpg?resize=350%2C200&ssl=1 1x, https:\/\/i0.wp.com\/3joursdecherbourg.fr\/wp-content\/uploads\/2024\/08\/IMG_0736-1024x683.jpg?resize=525%2C300&ssl=1 1.5x"},"classes":[]},{"id":4377,"url":"https:\/\/3joursdecherbourg.fr\/?p=4377","url_meta":{"origin":754,"position":5},"title":"C&rsquo;est -presque- parti!","author":"admin3809","date":"28 ao\u00fbt 2023","format":false,"excerpt":"C'est - presque- parti pour les \"3 jours de Cherbourg en Cotentin\", au moins pour les rendez-vous initiaux. D'abord pour les b\u00e9n\u00e9voles signaleurs qui seront si pr\u00e9cieux pendant ces trois jours. Une premi\u00e8re r\u00e9union le jeudi 24 ao\u00fbt avec la pr\u00e9sentation des parcours, des horaires, le rappel des r\u00e8gles de\u2026","rel":"","context":"Dans &quot;Non class\u00e9&quot;","block_context":{"text":"Non class\u00e9","link":"https:\/\/3joursdecherbourg.fr\/?cat=1"},"img":{"alt_text":"","src":"https:\/\/i0.wp.com\/3joursdecherbourg.fr\/wp-content\/uploads\/2023\/08\/IMG_9193-300x200.jpg?resize=350%2C200&ssl=1","width":350,"height":200},"classes":[]}],"jetpack_likes_enabled":false,"jetpack_sharing_enabled":true,"_links":{"self":[{"href":"https:\/\/3joursdecherbourg.fr\/index.php?rest_route=\/wp\/v2\/posts\/754","targetHints":{"allow":["GET"]}}],"collection":[{"href":"https:\/\/3joursdecherbourg.fr\/index.php?rest_route=\/wp\/v2\/posts"}],"about":[{"href":"https:\/\/3joursdecherbourg.fr\/index.php?rest_route=\/wp\/v2\/types\/post"}],"author":[{"embeddable":true,"href":"https:\/\/3joursdecherbourg.fr\/index.php?rest_route=\/wp\/v2\/users\/1"}],"replies":[{"embeddable":true,"href":"https:\/\/3joursdecherbourg.fr\/index.php?rest_route=%2Fwp%2Fv2%2Fcomments&post=754"}],"version-history":[{"count":17,"href":"https:\/\/3joursdecherbourg.fr\/index.php?rest_route=\/wp\/v2\/posts\/754\/revisions"}],"predecessor-version":[{"id":786,"href":"https:\/\/3joursdecherbourg.fr\/index.php?rest_route=\/wp\/v2\/posts\/754\/revisions\/786"}],"wp:attachment":[{"href":"https:\/\/3joursdecherbourg.fr\/index.php?rest_route=%2Fwp%2Fv2%2Fmedia&parent=754"}],"wp:term":[{"taxonomy":"category","embeddable":true,"href":"https:\/\/3joursdecherbourg.fr\/index.php?rest_route=%2Fwp%2Fv2%2Fcategories&post=754"},{"taxonomy":"post_tag","embeddable":true,"href":"https:\/\/3joursdecherbourg.fr\/index.php?rest_route=%2Fwp%2Fv2%2Ftags&post=754"}],"curies":[{"name":"wp","href":"https:\/\/api.w.org\/{rel}","templated":true}]}}